{"id":10311,"date":"2016-07-28T00:23:36","date_gmt":"2016-07-28T00:23:36","guid":{"rendered":"http:\/\/algerienetwork.com\/algerie\/?p=10311"},"modified":"2025-12-10T16:09:00","modified_gmt":"2025-12-10T16:09:00","slug":"hamid-grine-un-mandat-pour-faire-taire-la-presse-algerienne-dopposition","status":"publish","type":"post","link":"https:\/\/algerienetwork.com\/algerie\/hamid-grine-un-mandat-pour-faire-taire-la-presse-algerienne-dopposition\/","title":{"rendered":"Hamid Grine ; un mandat pour faire taire la presse alg\u00e9rienne d&rsquo;opposition ?"},"content":{"rendered":"<p>Algerie Network<\/p>\n<p>La nomination du nouveau ministre de la Communication, Mr. Hamid Grine, pose beaucoup de questions sur le mandat qui lui a \u00e9t\u00e9 ordonn\u00e9 par le gouvernement.<\/p>\n<p>Mr. Grine, aurait-il le mandat de faire taire la presse alg\u00e9rienne libre qui \u00e9chappe \u00e0 la ligne \u00e9ditoriale trac\u00e9e par le gouvernement ?<\/p>\n<p>La question reste ouverte mais m\u00e9rite d&rsquo;\u00eatre pos\u00e9e suite aux \u00e9v\u00e9nements d&rsquo;El Khabar.<\/p>\n<p>On sait bien que ce gouvernement est agac\u00e9 du ton libre et critique acide des nouveaux m\u00e9dias libres dont certains ont certes d\u00e9pass\u00e9 les limites d\u00e9ontologiques mais pourquoi ne pas laisser le march\u00e9 d\u00e9cider du professionnalisme et non pas la bureaucratie qui est habitu\u00e9 \u00e0 travailler en toute impunit\u00e9.<\/p>\n<p>Les moyens sont connus\u00a0; on leur enl\u00e8ve les ressources de survies au nom de la comp\u00e9tition, la modernit\u00e9 et pire \u00ab\u00a0l&rsquo;\u00e9thique\u00a0\u00bb !<\/p>\n<p>Mais est-ce suffisant pour arr\u00eater les nouveaux m\u00e9dias au temps des r\u00e9seaux sociaux de ce nouvel \u00e2ge digital ? Nous ne sommes plus \u00e0 l\u2019\u00e8re du journal unique El Moudjahid et du petit village ? Les probl\u00e8mes avec ces nouveaux m\u00e9dias sont illustr\u00e9s dans le conflit avec el- Khabar.\u00a0 Un conflit bien politique et non pas juridique.<\/p>\n<p>Le premier ministre Sellal a bien d\u00e9clar\u00e9 \u00e0 l&rsquo;occasion de sa visite qu&rsquo;il a effectu\u00e9 \u00e0 la wilaya d&rsquo;Oum El Bouaghi. :<\/p>\n<p>\u00ab\u00a0<em>Nous n&rsquo;avons aucun probl\u00e8me avec la presse. Les journalistes sont libres, mais ils sont tenus de respecter l&rsquo;\u00e9thique et les institutions de l\u2019\u00e9tat &#8230;\u00a0 nous n&#8217;emprisonnons aucun journaliste en raison de ses opinions, mais la diffamation, l&rsquo;injure, l&rsquo;insulte et l&rsquo;atteinte \u00e0 la dignit\u00e9 des personnes et des familles ne fait pas partie de nos traditions\u00a0\u00bb.<\/em><\/p>\n<p>Nous pouvons \u00eatre d&rsquo;accord en principe mais dans ce cas pourquoi ne pas laisser la justice faire son travail. Qui a voulu saisir El Khabar ? Est-ce la justice de son propre gr\u00e8s ou sous injonction de l&rsquo;\u00e9tat. Ce qui manque \u00e0 ce gouvernement est justement une bonne communication pour pr\u00e9valoir la confiance avec les m\u00e9dias alg\u00e9riens et en g\u00e9n\u00e9ral avec la population alg\u00e9rienne &#8230;<\/p>\n<p>Avons-nous besoin de cela pour laisser des organismes internationaux nous donner la carte rouge : Reporters Sans Fronti\u00e8res, qui n&rsquo;est pas innocent mais sectaire dans ses condamnations, en a profit\u00e9 pour d\u00e9plorer :<\/p>\n<p><em>\u00ab\u00a0la d\u00e9cision rendue le 13 juillet par la justice alg\u00e9rienne, sous pression du gouvernement qui annule la vente des parts du groupe de presse El Khabar \u00e0 NessProd, filiale du groupe industriel Cevital. RSF redemande \u00e9galement la lib\u00e9ration imm\u00e9diate des journalistes de la cha\u00eene KBC Mehdi Benaissa et Riadh Hartouf.\u00a0\u00bb<\/em><\/p>\n<p>a t-on besoin de toucher \u00e0 Mehdi Benaissa et Riadh Hartouf ??? pour des fautes de proc\u00e9dures et non pas des fautes criminelles ?<\/p>\n<p>Voil\u00e0 o\u00f9 nous sommes arriv\u00e9 avec une gestion de la communication d\u00e9faillante. Le probl\u00e8me aurait put \u00eatre r\u00e9gl\u00e9 \u00e0 l&rsquo;amiable \u00e0 moins que l&rsquo;on veut intimider une ligne de libert\u00e9 \u00e9ditorial et refuser aussi \u00e0 Mr. Rabrab d&rsquo;acqu\u00e9rir ce journal ! Politiser l&rsquo;information est une strat\u00e9gie perdante car la technologie Internet et les r\u00e9seaux sociaux ne permettent plus le contr\u00f4l des m\u00e9dias et la loi coercitive ne pourra que se retourner comme un boomerang contre soi !<\/p>\n<p>Les questions restent pos\u00e9es et sans r\u00e9ponses car malheureusement la presse alg\u00e9rienne n&rsquo;a pas encore dans ce pays le droit d&rsquo;acc\u00e8s \u00e0 l&rsquo;information quand un gouvernement refuse la transparence. \u00c0 quand donc une loi de transparence d&rsquo;acc\u00e8s aux dossiers qui concernent le citoyen pour une plus grande transparence du gouvernement. Peut-on par exemple consulter le dossier des moudjahidines, des banques, des budgets des minist\u00e8res, des wilayas ?<\/p>\n<h4><span style=\"color: #008000;\">\u00c0 quoi bien peut servir un minist\u00e8re de l&rsquo;information ?<\/span><\/h4>\n<p>Dans l&rsquo;histoire des nations, il a servit surtout \u00e0 la propagande des id\u00e9ologies du pouvoir jusqu\u2019\u00e0 la d\u00e9sinformation et l&#8217;embrigadement. On peut le voir naitre en France en 1938, sous le nom de minist\u00e8re de la Propagande. Il changera ensuite de nom sous la Quatri\u00e8me R\u00e9publique sous le nom de minist\u00e8re de l&rsquo;Information et maintenant sous celui du minist\u00e8re de la communication. Le nom change mais l&rsquo;intention du pourvoir reste toujours la m\u00eame ; le contr\u00f4le de ce nouveau et puissant canal de pouvoir !<\/p>\n<h4><span style=\"color: #008000;\">Publicit\u00e9 de l&rsquo;Anep<\/span><\/h4>\n<p>Mr. Hamid Grine d\u00e9clare : \u00ab\u00a0<em>Moi, en tant que ministre, je ne m\u2019immisce jamais dans les gestions internes. L\u2019Anep est libre de donner la publicit\u00e9, pas comme elle le veut, mais selon notre politique\u00a0\u00a0&#8230; Je demande aux m\u00e9dias de sortir de leur mentalit\u00e9 d\u2019assist\u00e9s. Les annonceurs ne sont pas oblig\u00e9s de leur donner de la publicit\u00e9. Soyez inventifs et soyez cr\u00e9atifs\u00a0<\/em>\u00bb Mr. Le ministre exige les conditions suivantes ; \u00ab\u00a0<em>La d\u00e9ontologue et l\u2019\u00e9thique<\/em> \u00bb.<\/p>\n<p>Oui Monsieur vous n&rsquo;intervenez pas, mais vous fixez\u00a0les r\u00e8gles \u00e9thiques dont vous \u00eates le seul juge \u00e0 votre propre discr\u00e9tion. Qui va juger \u00ab\u00a0l&rsquo;\u00c9thique\u00a0\u00bb ; un terme inquisitoire du moyen \u00e2ge ? Une commission tierce ind\u00e9pendante de la profession ou votre propre bureau ? C&rsquo;est votre minist\u00e8re qui va juger qui constitue une atteinte \u00e0 l&rsquo;\u00e9tat ou une diffamation, et ensuite envoyer la profession au tribunal et en prison ; ce sont des m\u00e9thodes de l&rsquo;ancienne URSS\u00a0\u00a0et de toutes les inquisitions qui au nom de l&rsquo;\u00e9thique font taire leurs opposants.<\/p>\n<h4><span style=\"color: #008000;\">Refus de subventions et injonctions l\u00e9gales pour payer les dettes<\/span><\/h4>\n<p>L&rsquo;argument de comp\u00e9titivit\u00e9, compter sur soi et arr\u00eater de pomper les taxes du citoyen est fallacieux, car tous les pays occidentaux dont on fait l&rsquo;apologie de gestion autonome subventionnent leurs journaux et donc n&rsquo;ont pas de dettes !<\/p>\n<p>Mr. le ministre affirme que les dettes sont de l&rsquo;ordre de 4 milliards de dinars et de poursuivre fi\u00e8rement ; \u00ab\u00a0<em>Depuis que je suis ministre, nous avons r\u00e9cup\u00e9r\u00e9 entre 50 et 60 milliards de centimes<\/em>\u00a0\u00bb !<\/p>\n<p>On rappelle\u00a0\u00a0\u00e0 notre ministre que l&rsquo;\u00c9tat fran\u00e7ais en 2010 a vers\u00e9 1,8 milliard d&rsquo;euros qui se r\u00e9partissent en\u00a0:<\/p>\n<p>&#8211; Aides \u00e0 la presse \u00e9crite (diffusion, pluralisme, modernisation)\u00a0:<\/p>\n<p>Cr\u00e9dits inscrits en loi de finances\u00a0: 436,9 M\u20ac<\/p>\n<p>D\u00e9ficit support\u00e9 par La Poste\u00a0: 399 M\u20ac<\/p>\n<p>Aides indirectes\u00a0: 200 M\u20ac<\/p>\n<p>Allocation forfaitaire journalistes\u00a0: 20 M\u20ac<\/p>\n<p>&#8211; Financement de l\u2019audiovisuel\u00a0: 497,9 M\u20ac<\/p>\n<p>&#8211; Audiovisuel ext\u00e9rieur (RFI, France 24 et TV5 Monde)\u00a0: 199,1 M\u20ac<\/p>\n<p>&#8211; Soutien aux radios locales\u00a0: 29 M\u20ac<\/p>\n<p>&#8211; Les cha\u00eenes publiques S\u00e9nat + La Cha\u00eene parlementaire\u00a0: 31,6 M\u20ac<\/p>\n<p>En 2012, l&rsquo;\u00c9tat fran\u00e7ais a vers\u00e9 1,2 milliard d&rsquo;aides directes\u00a0!<\/p>\n<p>Aides totales\u00a0Aides par exemplaire<\/p>\n<p>L&rsquo;Humanit\u00e9 18\u00a0685\u00a0441<\/p>\n<p>Le Monde 18\u00a0263\u00a0664<\/p>\n<p>Le Figaro 11\u00a0901\u00a0309<\/p>\n<p>Ouest France 10\u00a0722\u00a0591<\/p>\n<p>La Croix 10\u00a0366\u00a0035<\/p>\n<p>T\u00e9l\u00e9rama 10\u00a0071\u00a0968<\/p>\n<p>Lib\u00e9ration 9\u00a0332\u00a0798<\/p>\n<p>Aujourd&rsquo;hui en France 9\u00a0320\u00a0731<\/p>\n<p>Le Nouvel Observateur 7\u00a0278\u00a0722<\/p>\n<p>L&rsquo;Express 6\u00a0925\u00a0596<\/p>\n<p>T\u00e9l\u00e9 7 Jours 2\u00a0443\u00a0024 (Source: Minist\u00e8re de la Culture )<\/p>\n<p>Les subventions, Mr le ministre en a profit\u00e9 aussi et en profite. Il peut faire de la cr\u00e9ativit\u00e9 dans son propre minist\u00e8re en \u00e9conomisant de l&rsquo;argent avec tous ces bureaucrates qui eux ne font aucune cr\u00e9ativit\u00e9 pour relancer ce secteur dans la vraie modernit\u00e9 avec des formations, l&rsquo;\u00e9dition et l&rsquo;impression !<\/p>\n<p>Le secteur strat\u00e9gique de l&rsquo;information et des m\u00e9dias n&rsquo;est pas une entreprise de Piza Piza Mr. le ministre. Derri\u00e8re, il y a des hommes qui aiment leurs m\u00e9tiers, sacrifient leur vie durant la d\u00e9cennie noire et pensent l&rsquo;avenir g\u00e9ostrat\u00e9gique si important pour ce pays !<\/p>\n<p>OH NON les journalistes alg\u00e9riens ne friment pas avec des 4&#215;4, des villas et un passeport diplomatique ! Ils attendaient de votre part, un ancien coll\u00e8gue, que vous comprenez leur mal de vie, de la compassion et non pas \u00eatre du c\u00f4t\u00e9 du pouvoir qui n&rsquo;a qu&rsquo;une seule voie dans la communication ; \u00e9touffer la voix qu&rsquo;ils jugent stupidement contradictoire.<\/p>\n<h4><span style=\"color: #008000;\">Peut-on l\u00e9gif\u00e9rer une conscience professionnelle par la loi ?<\/span><\/h4>\n<p>Ceci dit, seule la conscience professionnelle doit dicter l&rsquo;\u00e9thique aux journalistes. Dans les cas graves de diffamation, comme c&rsquo;est le cas de toutes relations entre les citoyens, lassez alors le droit civil alg\u00e9rien s&rsquo;en occuper et non pas le minist\u00e8re de l&rsquo;information.<\/p>\n<p>Mr. Le ministre tout passe, alors faite de sorte que votre passage dans ce minist\u00e8re servira les journalistes plus que la bureaucratie. Ce sera \u00e0 votre honneur !<\/p>\n<p>Notre Journal et certains de nos confr\u00e8res travaillent dans la passion, mais aussi la mis\u00e8re pour informer convenablement les citoyens alg\u00e9riens ; ce qui est normalement votre mandat! Ils ne vous ont jamais demand\u00e9 des subventions sur lesquelles votre minist\u00e8re vit puisqu\u2019il ne produit aucune richesse ou profit au pays !<\/p>\n<p>Notre gouvernement issue de l&rsquo;ancienne garde, m\u00eame avec le bel usage du fran\u00e7ais et un arabe cass\u00e9, n&rsquo;a pas encore compris la diff\u00e9rence entre la critique positive qui am\u00e9liore la situation de l&rsquo;Alg\u00e9rie et les insultes stupides anonymes contre l&rsquo;\u00e9tat alg\u00e9rien qui ne ram\u00e8nent aussi rien \u00e0 l&rsquo;Alg\u00e9rie. La Critique de la politique alg\u00e9rienne est un acte de d\u00e9mocratie et de civisme si on le fait dans le respect de la conscience professionnelle et non pas l&rsquo;\u00e9thique gouvernementale !<\/p>\n<p>Mr. le Ministre, laissez la corporation faire un ordre des journalistes autonome qui va balayer dans sa propre profession comme le font les autres ordres des m\u00e9decins, ing\u00e9nieurs, pharmaciens&#8230; C&rsquo;est le plus grand service que vous ferez \u00e0 votre profession pour la faire revivre de sa l\u00e9thargie !<\/p>\n<p>Le probl\u00e8me majeur de la presse est ce gouvernement qui r\u00e9glemente son \u00e9thique ! Alors, laissez le march\u00e9 et le public alg\u00e9rien faire la part des choses ; \u00catre libre de lire ce qu&rsquo;ils veulent et seul le public jugera de la qualit\u00e9 et de \u00ab\u00a0l&rsquo;\u00e9thique\u00a0\u00bb des m\u00e9dias ! Ils sont libres, majeurs, responsables et peuvent faire la part des choses &#8230; en toute libert\u00e9 ! et la m\u00e9diocrit\u00e9 m\u00e9diatique disparaitra d&rsquo;elle-m\u00eame car elle ne pourra survivre la concurrence du march\u00e9 libre &#8230; de la modernit\u00e9 et de la mondialisation !<\/p>\n<p>Algerie Network<\/p>\n","protected":false},"excerpt":{"rendered":"<p>Algerie Network La nomination du nouveau ministre de la Communication, Mr. Hamid Grine, pose beaucoup de questions sur le mandat qui lui a \u00e9t\u00e9 ordonn\u00e9 par le gouvernement. Mr. Grine, aurait-il le mandat de faire taire la presse alg\u00e9rienne libre qui \u00e9chappe \u00e0 la ligne \u00e9ditoriale trac\u00e9e par le gouvernement ? La question reste ouverte [&hellip;]<\/p>\n","protected":false},"author":1,"featured_media":18901,"comment_status":"closed","ping_status":"closed","sticky":false,"template":"","format":"standard","meta":{"tdm_status":"","tdm_grid_status":"","footnotes":""},"categories":[595],"tags":[],"class_list":{"0":"post-10311","1":"post","2":"type-post","3":"status-publish","4":"format-standard","5":"has-post-thumbnail","7":"category-edito"},"_links":{"self":[{"href":"https:\/\/algerienetwork.com\/algerie\/wp-json\/wp\/v2\/posts\/10311","targetHints":{"allow":["GET"]}}],"collection":[{"href":"https:\/\/algerienetwork.com\/algerie\/wp-json\/wp\/v2\/posts"}],"about":[{"href":"https:\/\/algerienetwork.com\/algerie\/wp-json\/wp\/v2\/types\/post"}],"author":[{"embeddable":true,"href":"https:\/\/algerienetwork.com\/algerie\/wp-json\/wp\/v2\/users\/1"}],"replies":[{"embeddable":true,"href":"https:\/\/algerienetwork.com\/algerie\/wp-json\/wp\/v2\/comments?post=10311"}],"version-history":[{"count":1,"href":"https:\/\/algerienetwork.com\/algerie\/wp-json\/wp\/v2\/posts\/10311\/revisions"}],"predecessor-version":[{"id":18902,"href":"https:\/\/algerienetwork.com\/algerie\/wp-json\/wp\/v2\/posts\/10311\/revisions\/18902"}],"wp:featuredmedia":[{"embeddable":true,"href":"https:\/\/algerienetwork.com\/algerie\/wp-json\/wp\/v2\/media\/18901"}],"wp:attachment":[{"href":"https:\/\/algerienetwork.com\/algerie\/wp-json\/wp\/v2\/media?parent=10311"}],"wp:term":[{"taxonomy":"category","embeddable":true,"href":"https:\/\/algerienetwork.com\/algerie\/wp-json\/wp\/v2\/categories?post=10311"},{"taxonomy":"post_tag","embeddable":true,"href":"https:\/\/algerienetwork.com\/algerie\/wp-json\/wp\/v2\/tags?post=10311"}],"curies":[{"name":"wp","href":"https:\/\/api.w.org\/{rel}","templated":true}]}}