{"id":339,"date":"2013-01-02T15:03:11","date_gmt":"2013-01-02T15:03:11","guid":{"rendered":"http:\/\/algerienetwork.com\/entrevue\/?p=339"},"modified":"2013-01-02T15:03:11","modified_gmt":"2013-01-02T15:03:11","slug":"nourredine-belmouhoub-a-algerie-network-jai-serre-plusieurs-fois-la-main-avec-la-mort","status":"publish","type":"post","link":"https:\/\/algerienetwork.com\/algerie\/nourredine-belmouhoub-a-algerie-network-jai-serre-plusieurs-fois-la-main-avec-la-mort\/","title":{"rendered":"Nourredine Belmouhoub a Algerie Network ; J\u2019ai serr\u00e9 plusieurs fois la main avec la mort !"},"content":{"rendered":"<p><em><strong>Entretien entre Algerie Network (Jamouli Ouzidane) et Nourredine BELMOUHOUB<\/strong><\/em><\/p>\n<p><strong>QUI EST HORS LA LOI,LEUR INJUSTICE OU MOI LA VICTIME MULTIFORME<\/strong> ?<\/p>\n<p><strong>J\u2019ai serr\u00e9 plusieurs fois la main avec la mort, au point de ne plus sentir vraiment la peur, except\u00e9e celle de ne pas aller jusqu\u2019au bout de mes convictions, convaincu que beaucoup de choses doivent nourrir la qu\u00eate de v\u00e9rit\u00e9 et de justice, comme le courage et une certaine morale par exemple. <\/strong><\/p>\n<p><strong>Par Nourredine BELMOUHOUB<\/strong><strong>*<\/strong><\/p>\n<p>Un potentiel de confiance d\u00e9coulant du devoir de sinc\u00e9rit\u00e9 m\u2019oblige \u00e0 pr\u00e9ciser, que l\u2019\u00e9criture n\u2019est pas ma vocation, pour la simple raison que l\u2019\u00e9cole coloniale n\u2019avait pas pour mission de m\u2019apprendre beaucoup de choses, ce qui d\u2019ailleurs fut le cas, pour la plus grande majorit\u00e9 des Alg\u00e9riens aux racines profond\u00e9ment patriotiques ayant fr\u00e9quent\u00e9s l\u2019\u00e9cole du deuxi\u00e8me coll\u00e8ge de l\u2019\u0153uvre civilisatrice, r\u00e9serv\u00e9e aux indig\u00e8nes pr\u00e9sumes que nous f\u00fbmes pour la France coloniale,qui \u00e0 vouloir l\u2019entendre est venue nous civiliser avec ses chars, ses canons, sa guillotine et bien s\u00fbr, des classes de fin d\u2019\u00e9tudes, dont je garde le souvenir de cette voie de garage qui nous \u00e9tait calcul\u00e9e.<\/p>\n<p>Cependant, si j\u2019use de la langue de Moli\u00e8re, il ne faut surtout pas conclure h\u00e2tivement que c\u2019est par un quelconque amour pour cette langue, en v\u00e9rit\u00e9, je ne fais usage de ce butin de guerre que par m\u00e9pris \u00e0 la France coloniale qui m\u2019a bel et bien priv\u00e9 d\u2019un droit fondamental au Savoir, en violation flagrante et d\u00e9lib\u00e9r\u00e9e de l\u2019Article 26 de sa D\u00e9claration Universelle des Droits de l\u2019Homme, ce dont j\u2019ai tout de m\u00eame r\u00e9ussi \u00e0 voler a ceux qui continuent a pr\u00e9tendre \u00eatre venus nous civiliser. Un butin de guerre ou il ne manque ni la litote, ni la prosopop\u00e9e, ni la m\u00e9taphore, ni l\u2019hyperbole, ni la synecdoque, ni la catachr\u00e8se, ni l\u2019asynd\u00e8te, ni la p\u00e9roraison, ni l\u2019interrogation, ni l\u2019exclamation et si n\u00e9cessaire, ni l\u2019explosion. Et si \u00e0 l\u2019occasion des fautes s\u2019y glissent, assur\u00e9ment je n\u2019en rougirais gu\u00e8re, car cette langue n\u2019est pas ma langue en plus qu\u2019aujourd\u2019hui \u00e0 Montparnasse m\u00eame, elle est tomb\u00e9e en d\u00e9su\u00e9tude apr\u00e8s avoir perdu de son \u00e9loquence, par la faute de l\u2019esprit colonial, qui a fini par la rel\u00e9guer au dernier rang, bref\u2026<\/p>\n<p>Blase par l\u2019\u00e9ternelle attente d\u2019\u00eatre Libre, je demeure d\u00e9termin\u00e9 \u00e0 ne point d\u00e9sesp\u00e9rer de l\u2019espoir, partant du fait que si l\u2019on consid\u00e8re qu\u2019il doit y avoir avantage d\u2019\u00e9galit\u00e9 entre gouvernants et gouvernes, il faut admettre aussi que l\u2019exercice de l\u2019Autorit\u00e9 publique ne signifie pas que\u00a0 l\u2019Etat dispose de tous les Droits et \u00e9chappe \u00e0 celui de la responsabilit\u00e9 de rendre des comptes pour les agissements qui bafouent le Droit inali\u00e9nable des administr\u00e9s au Nom de l\u2019exercice de leurs Fonctions et de leurs missions, d\u2019autant que chacun est tenu au strict respect de la Loi. Donc l\u2019Autorit\u00e9 qui a la charge d\u2019y veiller, elle aussi est tenue de s\u2019y soumettre des lors que, formellement il n\u2019y a d\u00e9mocratie que lorsque la communaut\u00e9 sans exclusion est l\u2019Autorit\u00e9 qui gouverne et que l\u2019Etat ne doit pas \u00eatre le repr\u00e9sentant, mais l\u2019expression universalis\u00e9e du Vouloir commun, et que la communaut\u00e9 seule, sujet et objet de la volont\u00e9 populaire, qui est souveraine pour choisir le mode de vie qui lui convient et les repr\u00e9sentants dignes de le servir.<\/p>\n<p>&nbsp;<\/p>\n<p><strong>QUESTION : Qui est Nourredine BELMOUHOUB\u00a0?<\/strong><\/p>\n<p><strong><strong>R\u00c9PONSE <\/strong>: <\/strong>Citadin du quartier Alg\u00e9rois BELOUIZDAD (Ex Belcourt), capitale du 11 d\u00e9cembre 1960, aux racines profond\u00e9ment montagnardes copieusement arros\u00e9es de sang de mes proches, soutirant une bonne part de ma fiert\u00e9 du fait que les mots\u00a0: traitre, trahir et trahison soient bannis du lexique de la tribu des Ouled Sid El Djoudi de Hammam Guergour (D\u00e9partement de S\u00e9tif, Capitale du 08 Mai 1945, tribu \u00e0 laquelle j\u2019appartiens.\u00a0 Ne d\u00e9pendant pas \u00e0 la classe \u00e0 laquelle l\u2019on dicte des Id\u00e9es, j\u2019ai r\u00e9solument d\u00e9cid\u00e9 de me servir de cette arme redoutable\u00a0: la plume, en\u00a0 m\u2019accordant la libert\u00e9 d\u2019\u00e9crire librement sans me servir de \u00ab\u00a0b\u00e9quilles\u00a0\u00bb, pour souligner qu\u2019\u00e9tymologiquement le mot Hogra ne trouve sa traduction dans aucune langue ou dialecte. N\u00e9e chez nous par c\u00e9sarienne, cette expression s\u2019apparente au mieux \u00e0 n\u00e9o-colonialisme, annotation et connotation dans le sens horrible le plus large de ce que colporte et signifie la Hogra que je d\u00e9fini par :<\/p>\n<p>-HOGRA : f\u00e9minin, singulier, terme abject, \u00e9tymologiquement alg\u00e9rien, signifiant despotisme violent, brutal, cruel et inhumain, unissant arbitraire et d\u00e9nis extr\u00eames du Droit des gens, refusant toute signification humaine, renfermant l\u2019aussaressisme, le nezzaressisme, le despotisme, en bref, tous les qualificatifs et tous les synonymes de fascisme avec en plus, une particularit\u00e9 gutturale d\u00e9testable.<\/p>\n<p>-HAGAR = Masculin singulier, commanditaire et ex\u00e9cutant et complice de la Hogra.<\/p>\n<p>&nbsp;<\/p>\n<p><strong>QUESTION : D\u00e9portation, Internement, assignation \u00e0 r\u00e9sidence,harc\u00e8lements, intimidations, menaces de morts, surveillance, Arrestation, tortures, emprisonnement \u00e0 Serkadji, plusieurs agressions et tentatives de meurtre\u2026.Comment surviviez-vous psychologiquement et physiquement \u00e0 toute cette histoire\u00a0?<\/strong><\/p>\n<p><strong><strong>R\u00c9PONSE <\/strong>: <\/strong>Que peut-on perdre de plus quand on a plus rien \u00e0 perdre apr\u00e8s avoir tout perdu, except\u00e9 la Foi sinc\u00e8re en Dieu et la volont\u00e9 immuable d\u2019aller jusqu\u2019au bout de ses convictions.\u00a0 Partant du fait que dans tout ce que l\u2019homme entreprend, il y a toujours un certain relent de ses propres valeurs, de sa profonde conviction et surtout de sa dignit\u00e9, c\u2019est en quelque sorte, \u00eatre humain ou ne pas l\u2019\u00eatre.Il est vrai que j\u2019ai serr\u00e9 plusieurs fois la main avec la mort, au point de ne plus sentir vraiment la peur, except\u00e9e celle de ne pas aller jusqu\u2019au bout de mes convictions, convaincu que beaucoup de choses doivent nourrir la qu\u00eate de v\u00e9rit\u00e9 et de justice, comme le courage et une certaine morale par exemple.<\/p>\n<p>Compte tenu des graves et impardonnables violations de mes droits fondamentaux, qui au demeurant ont b\u00e9n\u00e9fici\u00e9 d\u2019une impunit\u00e9 totale, et combien m\u00eame je n\u2019ai dans le cercle judiciaire ni proches ni relation, ma volont\u00e9 et ma d\u00e9termination conjugu\u00e9es, ont finies par devenir chez moi une obsession, une forme de monomanie,plus forte que n\u2019importe quelle relation m\u00eame si l\u2019histoire de notre tumultueuse justice, si troubl\u00e9e par des circonstances politiques qui ont compromis son cours normal.<\/p>\n<p>De graves circonstances faut-il le souligner, qui ne sont ni le fruit de la fatalit\u00e9, ni le r\u00e9sultat d\u2019un naturel incident de parcours imputables \u00e0 la na\u00efvet\u00e9 de l\u2019homme, projetant clairement l\u2019imperfectibilit\u00e9 de la justice. L\u2019absence regrettable de la justiciabilit\u00e9 de chacun de mes droits contenus dans le code p\u00e9nal, assur\u00e9s par\u00a0 la Constitution nationale et garanties par les instruments juridiques internationaux ratifi\u00e9s par l\u2019Alg\u00e9rie, affirmant\u00a0 clairement la responsabilit\u00e9 et les obligations de mise en \u0153uvre et de garantie de ces droits.Que faire alors face \u00e0 l\u2019incurie planifi\u00e9e ? Que dire quand la balance est fauss\u00e9e par la providence de tricheurs, de menteurs, d\u2019oppresseurs, d\u2019assassins, de tyrans, de\u00a0 traitres propagandistes et d\u2019ignorants de tous bords.<\/p>\n<p>Comment survivre psychologiquement et physiquement \u00e0 tant d\u2019injustice, d\u2019arbitraire et de d\u00e9nis de droit qui ont fait que je deviens au fil des ann\u00e9es, une personne publique et m\u00e9diatique de l\u2019opposition alg\u00e9rienne, connu comme porte-parole du Comit\u00e9 de d\u00e9fense des ex-intern\u00e9s des camps de la honte, menant un combat pour la justice, pour un Etat de droit et pour un Etat libre.<\/p>\n<p>&nbsp;<\/p>\n<p><strong>QUESTION\u00a0: D\u2019o\u00f9 vous viens cette \u00e9nergie, cette croyance, de vous battre encore, David contre Goliath quand le reste des alg\u00e9riens s\u2019est r\u00e9sign\u00e9 juste \u00e0 survire. Y\u2019a-t-il une histoire personnelle qui vous a marqu\u00e9 pour la vie et pour le combat jusqu\u2019au bout\u00a0?<\/strong><\/p>\n<p><strong><strong>R\u00c9PONSE <\/strong>:<\/strong>Cette \u00e9nergie et ma d\u00e9termination de me battre encore et toujours sans me lasser et sans baisser les bras un seul instant,cette opini\u00e2tret\u00e9 je la puise dans l\u2019indolence et l\u2019insensibilit\u00e9 de la masse qui se complait dans une paresse d\u00e9gradante, en plus j\u2019ai eu la chance et l\u2019honneur de collaborer avec le plus brillant des avocats alg\u00e9riens, le d\u00e9funt Maitre Mahmoud KHELILI, l\u2019incorruptible d\u00e9fenseur des droits de l\u2019homme qui ne reculait jamais devant un juge aux ordres. Quand on a eu la chance d\u2019\u00eatre proche de ce symbole d\u2019une d\u00e9fense r\u00e9ellement libre, l\u2019expression \u00ab\u00a0marche arri\u00e8re\u00a0\u00bb n\u2019aura plus aucune signification, aujourd\u2019hui ma seule devise est la suivante\u00a0:<\/p>\n<p align=\"center\">Quand les mots n\u2019ont plus de sens,<\/p>\n<p align=\"center\">Quand les valeurs morales s\u2019\u00e9vaporent<\/p>\n<p align=\"center\">Et lorsque la justice perd sa force et sa raison<\/p>\n<p align=\"center\">Le silence deviendra l\u2019allier le plus fort des forces du mal,<\/p>\n<p align=\"center\">Et la peur son \u00e9nergie.<\/p>\n<p><strong>\u00a0<\/strong><\/p>\n<p><strong>QUESTION\u00a0: Surtout que vous \u00eates malade physiquement (cancer de la peau du a votre internement dans un milieu irradi\u00e9) et psychologiquement (harc\u00e8lement continuel) et que vous n\u2019avez pas 20 ans ; cet \u00e2ge des gladiateurs ! N\u2019aviez-vous pas song\u00e9 \u00e0 vivre un peu pour vous et votre petite famille et laisser la jeunesse s\u2019occuper de son avenir a elle \u2026<\/strong><\/p>\n<p><strong>R\u00c9PONSE :<\/strong>En v\u00e9rit\u00e9 les personnes que je c\u00f4toie, savent et t\u00e9moigneront combien je suis un partisan, je dirais plus, un adepte de\u00a0:\u00a0<strong>place aux jeunes<\/strong>\u00a0, mais regrettablement h\u00e9las aujourd\u2019hui comme chacun peut le constater, tr\u00e8s peu sont ces jeunes qui prennent au s\u00e9rieux la question de leur devenir et celle de l\u2019avenir de la nation, obnubil\u00e9e par le gain facile et drogu\u00e9 avec cet opium des peuples\u00a0: le football, ou alors berc\u00e9e par des promesses qui ne sont jamais tenues, la jeunesse se laisse sombrer dans un paternalisme d\u00e9cevant. De Hittistes, la Hogra en a fait des Harragas. Conflit de g\u00e9n\u00e9ration m\u00eal\u00e9 \u00e0 une crise de confiance, les jeunes ne veulent pas s\u2019investir et en majorit\u00e9, ils sont arriv\u00e9s \u00e0 ne plus croire en rien et en personne, c\u2019est le r\u00e9sultat de la manipulation des foules.<\/p>\n<p>Voil\u00e0 la raison pourquoi je n\u2019ai pas song\u00e9 \u00e0 vivre un peu pour moi et pour ce qui reste de ma famille, alors que je suis loin de mes 20 ans, cet \u00e2ge des gladiateurs, combien m\u00eame je r\u00eave de voir enfin la jeunesse s\u2019occuper de son avenir\u2026c\u2019est vraiment mon r\u00eave.<\/p>\n<p>&nbsp;<\/p>\n<p><strong>QUESTION\u00a0: Racontez un peu les secrets intimes de ce combat de toute une vie<\/strong>.<\/p>\n<p><strong><strong>R\u00c9PONSE <\/strong>:<\/strong> On ne nait pas d\u00e9fenseur des droits de l\u2019homme, on le devient au fil du temps, pour ma part je crois fermement que l\u2019injustice plurielle dont je fus victime a largement \u00e9t\u00e9 compens\u00e9 par cet amour profond pour la promotion, la protection et la d\u00e9fense des droits humains, aguerri de mes exp\u00e9riences douloureuses, rien n\u2019est plus sensationnel que cet engagement qui n\u2019exige rien d\u2019autre qu\u2019une volont\u00e9 sans r\u00e9serve, \u00eatre d\u00e9sint\u00e9ress\u00e9 de tout et une exigence morale essentielle, aimer la d\u00e9fense des droits de l\u2019homme et renforcer leur dynamisme, c\u2019est en quelque sorte se laisser contaminer par ces droits plut\u00f4t que par leur violation, ce qui vaut pour un petit nombre d\u2019hommes en Alg\u00e9rie, qui \u00e9ternels \u201ctrouble-f\u00eates\u201d, disent aux gens et aux choses qu\u2019ils n\u2019accepterons jamais de les laisser immobiles, et veillent pour que la v\u00e9rit\u00e9 une fois r\u00e9veiller, ne s\u2019endorme plus jamais.<\/p>\n<p>On nous nomme D\u00e9fenseur des Droits de l\u2019Homme et c\u2019est notre plus beau titre, il correspond le mieux et sied tr\u00e8s bien \u00e0 notre caract\u00e8re. C\u2019est l\u00e0 que nous sommes le plus libres et les plus heureux. On y met notre temps et nos c\u0153urs o\u00f9 il n\u2019y a de place ni pour la hargne, ni pour la haine, et encore moins pour l\u2019esprit envieux ou l\u2019affairisme d\u00e9gradant. On ne demande rien et lorsque les exigences du temps qui sont celles de notre conscience l\u2019exigent, nous lan\u00e7ons des ultimatums apr\u00e8s sommation. Le plus souvent, nous n\u2019attendons pas que les choses arrivent on les provoque, on passe \u00e0 l\u2019actionsans \u00e9gards aux risques \u00e9vidents du devoir sur des terrains hostiles au droit.Pourtant pour ma part,c\u2019est l\u00e0 que je me sens le mieux et je ne le regrette pas. Un choix gr\u00e2ce \u00e0 Dieu, oh combien la motivation premi\u00e8re, n\u2019est pas la d\u00e9shonorante avidit\u00e9 que j\u2019ai d\u00e9sagr\u00e9ablement constat\u00e9 chez d\u2019aucuns.La cause en laquelle croit \u00e0 mon sens un d\u00e9fenseur est naturelle, c\u2019est un id\u00e9al et une profonde et logique conviction. Combattant du droit en symbiose avec la soci\u00e9t\u00e9, en paix avec la conscience et \u00e0 chaque fois r\u00e9volt\u00e9s par l\u2019iniquit\u00e9.<\/p>\n<p>Ce qui continue \u00e0 m\u2019attacher \u00e0 la d\u00e9fense des droits de l\u2019homme, ce sont d\u2019abord et surtout les deux derni\u00e8res phrases du d\u00e9funt Maitre Mahmoud KHELILI\u00a0:<\/p>\n<p>&#8211; La premi\u00e8re\u00a0: \u00ab\u00a0Monsieur BELMOUHOUB, je ne veux pas mourir dans un Etat de non droit,\u00a0\u00bb<\/p>\n<p>&#8211; La Seconde\u00a0: \u00ab\u00a0Je vous jure que je leur ferais (les dictateurs) plus de mal, mort que vivant.\u00a0\u00bb<\/p>\n<p>Le premier v\u0153u du d\u00e9funt s\u2019est exauc\u00e9, puisqu\u2019il a rendu l\u2019\u00e2me apr\u00e8s avoir rempli les formalit\u00e9s et franchi un poste douanier parisien. Quant au second il ne pourrait s\u2019exaucer que si des hommes int\u00e8gres continuent \u00e0 mener ce combat. Pour ma part, j\u2019ai tacitement pris cet engagement le jour o\u00f9 je l\u2019ai accompagn\u00e9 \u00e0 sa derni\u00e8re demeure, un Pacte d\u2019honneur partag\u00e9 tacitement avec le Docteur Salah Eddine SIDHOUM, un pacte que je compte respecter.L\u2019autre raison qui ne me permet pas de songer \u00e0 vivre un peu pour moi et ma petite famille,est que l\u2019Alg\u00e9rie est loin d\u2019\u00eatre cet Etat de droit auquel des \u00e9missaires z\u00e9l\u00e9s en sillonnant les capitales europ\u00e9ennes veulent faire croire.<\/p>\n<p>Un Etat ou la justice est souveraine, ou le juge est libre et o\u00f9 la loi serait \u00e9gale \u00e0 tous. Les violations des droits humains sont devenues plus subtiles, sournoises m\u00eame si l\u2019on enregistre beaucoup moins de disparitions forc\u00e9es, de cas de torture ou d\u2019\u00e9liminations extrajudiciaires, aujourd\u2019hui l\u2019abus du droit des gens se situe autour des droits sociaux \u00e9conomiques et culturels.L\u2019\u00e9cole est sinistr\u00e9e, nos h\u00f4pitaux sont des mouroirs, la mal vie, le ch\u00f4mage, le m\u00e9pris, l\u2019indiff\u00e9rence et la violence d\u2019une bureaucratie qui empoisonne l\u2019existence des administr\u00e9s \u2013\u00e9es-, sans oublier la corruption devenue un sport national.Alors comment abandonner l\u2019ar\u00e8ne ou des gladiateurs de tous bords se d\u00e9chainent<\/p>\n<p><strong>\u00a0<\/strong><\/p>\n<p><strong>QUESTION\u00a0: Votre enl\u00e8vement par la DRS en plein jour le 23 octobre 2012 dans les rues de Hassiba Ben Bouali en plein centre d\u2019Alger est remis en question notamment par la justice qui vous a condamn\u00e9. Pourquoi pensez-vous le gouvernement ferait une chose aussi stupide en enlevant une personne publique en sachant les r\u00e9actions des m\u00e9dias et des r\u00e9seaux sociaux notamment alors que le gouvernement semble avoir une politique de profil bas. On est plus \u00e0 l\u2019\u00e8re de l\u2019ancienne s\u00e9curit\u00e9 militaire<\/strong>.<\/p>\n<p><strong><strong>R\u00c9PONSE <\/strong>:<\/strong> En effet, ind\u00e9niablement je fus kidnapp\u00e9 par des inconnus en pr\u00e9sence d\u2019un t\u00e9moin oculaire le 23 Octobre 2011 vers 11 h, \u00e0 hauteur de la maison de la presse Tahar DJAOUT, c\u00f4t\u00e9 rue Hassiba BENBOUALI, je dois souligner que la veille j\u2019avais pressenti que j\u2019\u00e9tais fil\u00e9, ce que j\u2019ai d\u2019ailleurs signal\u00e9 \u00e0 travers les r\u00e9seaux sociaux. Ce kidnapping et ce qui gravite autour m\u00e9rite quelques pr\u00e9cisions que je consid\u00e8re tr\u00e8s importantes, car elles permettent une meilleure lisibilit\u00e9 d\u2019une affaire qui n\u2019a pas livr\u00e9 tous ses secrets.<\/p>\n<p>J\u2019ai \u00e9t\u00e9 enlev\u00e9 en pr\u00e9sence d\u2019un t\u00e9moin et sous l\u2019\u0153il d\u2019une cam\u00e9ra vid\u00e9o de surveillance de la maison de la presse qui a \u00e9t\u00e9 totalement ignor\u00e9e (?) le long de l\u2019instruction et au cours de mon proc\u00e8s. Quant \u00e0 mes ravisseurs \u00e7a peut bien \u00eatre\u00a0:<\/p>\n<p>&#8211;\u00a0 Des services parall\u00e8les travaillant pour ou contre Nezzar,<\/p>\n<p>&#8211;\u00a0 Des \u00e9l\u00e9ments actionn\u00e9s par Khaled Nezzar,<\/p>\n<p>&#8211;\u00a0 Des \u00e9l\u00e9ments ayant agis par exc\u00e8s de z\u00e8le et croyant rendre service \u00e0 ce g\u00e9n\u00e9ral<\/p>\n<p>&#8211;\u00a0 Ou alors des \u00e9l\u00e9ments actionn\u00e9s \u00e0 but de nuire \u00e0 ce g\u00e9n\u00e9ral.<\/p>\n<p>L\u2019important de ce qu\u2019il faut retenir est\u00a0:<\/p>\n<p>&#8211; Qui parmi les responsables en charge de la s\u00e9curit\u00e9 des alg\u00e9riens, s\u2019est exprim\u00e9 sur la question de mon enl\u00e8vement ?<\/p>\n<p>&#8211;\u00a0 Qui a d\u00e9clar\u00e9 qu\u2019une enqu\u00eate allait \u00eatre ouverte ?<\/p>\n<p>&#8211;\u00a0 Qui a promis que les criminels seraient retrouv\u00e9s et poursuivis ?<\/p>\n<p>&#8211;\u00a0 Qui a assur\u00e9 mes proches de toute la sollicitude de l\u2019Etat ?<\/p>\n<p>Personne, alors on peut consid\u00e9rer l\u2019enl\u00e8vement des gens comme une pratique ordinaire, ou bien faut-il consid\u00e9rer certains enl\u00e8vements de citoyens comme relevant du domaine r\u00e9serv\u00e9 de certains\u00a0 autres super- citoyens qui ont droit de vie et de mort sur les habitants de ce pays? Le silence officiel\u00a0 conf\u00e8re -de fait- l\u2019impunit\u00e9 \u00e0 ces crimes qui ne sont pas officiellement et publiquement reconnus, d\u00e9nonc\u00e9s et poursuivis comme tels. Les lois ne p\u00e8sent pas leur poids de papier mais leur poids de conformit\u00e9 avec les actes. Elles p\u00e8sent le poids de leur impact sur la vie des gens, et de la grandeur que conf\u00e8re leur respect aux nations.<\/p>\n<p>Le scandale aujourd\u2019hui est qu\u2019un alg\u00e9rien puisse \u00eatre enlev\u00e9 en plein centre-ville sans que cela n\u2019\u00e9meuve outre mesure le moindre responsable\u00a0 th\u00e9oriquement en charge de la s\u00e9curit\u00e9 des personnes et des biens. Ni le ministre de l\u2019int\u00e9rieur, ni les chefs des diff\u00e9rents corps de s\u00e9curit\u00e9. Personne n\u2019a \u00e9prouv\u00e9 le besoin de dire aux alg\u00e9riens que l\u2019Etat \u00e9tait responsable de l\u2019application de la loi. Pas un d\u00e9put\u00e9, ni un \u00e9lu quelconque pour interpeller les pouvoirs publics et rassurer les familles.<\/p>\n<p>Je reviens \u00e0 ce que j\u2019appellerais \u00ab mon proc\u00e8s \u00bb\u00a0 ou la grande erreur de la repr\u00e9sentante du Minist\u00e8re public, comme pour le Doyen des juges ayant instruit cette affaire, c\u2019\u00e9tait de ne pas avoir eu le courage de faire le pas en arri\u00e8re qui les aurait remis sur la bonne voie. Je n\u2019ai pas besoin de crier que je ne mets pas en cause les Magistrats dont la volont\u00e9 de bien agir est certaine, je parle de ceux dont les r\u00e9actions d\u00e9mesur\u00e9ment col\u00e9reuses sont \u00e0 un point intol\u00e9rables. J\u2019irai jusqu\u2019\u00e0 dire que leurs r\u00e9actions passionnelles sont tout le temps pr\u00e9judiciables \u00e0 la Justice m\u00eame qui ne peut se faire que dans le calme, hors de l\u2019abus d\u2019autorit\u00e9 et de son d\u00e9sordre. On voulait coute que coute m\u2019envoyer arbitrairement en prison, quoique je ne fusse pas coupable. A ce stade,\u00a0 qui est hors la loi, leur injustice ou moi la victime multiforme ? La Procureure de la r\u00e9publique, \u00e9tait devenue un pers\u00e9cuteur qui d\u00e9lib\u00e9r\u00e9ment, ignorait qu\u2019un Etat de Droit qui se respecte est un Etat d\u2019\u00e9quit\u00e9, de l\u00e9galit\u00e9, de justice et non d\u2019humeur, ou alors de soumission.<\/p>\n<p>Pour revenir \u00e0 ce que j\u2019appellerais ici \u00ab\u00a0mon proc\u00e8s\u00a0\u00bb, ce fut beaucoup plus une bouffonnerie judiciaire, je ne me contenterais pas d\u2019accuser cette mascarade judiciaire, j\u2019apporte la preuve qu\u2019il s\u2019agissait bien d\u2019une arlequinade ou mon droit \u00e0 la d\u00e9fense fut le dernier de tous les soucis. On a feint de m\u2019\u00e9couter, mais en aucun cas cela ne le fut s\u00e9rieusement, je soulignerais que j\u2019ai \u00e9t\u00e9 emp\u00each\u00e9 de dire le plus important, \u00e0 savoir les infractions du Code de \u00a0proc\u00e9dure p\u00e9nale commises par le Doyen des juges \u2013Juge de la 3\u00e9me Chambre d\u2019Instruction du tribunal de Sidi M\u2019Hamed-Alger, lequel s\u2019est substitu\u00e9 \u00e0 la greffi\u00e8re affect\u00e9 \u00e0 son bureau, pour r\u00e9diger les proc\u00e8s-verbaux de mes auditions en l\u2019absence de mon avocat, sous pr\u00e9texte que celui-ci n\u2019\u00e9tait pas constitu\u00e9 pour assurer ma d\u00e9fense.<\/p>\n<p>Accus\u00e9 de graves d\u00e9lits, n\u2019appartenait-il pas \u00e0 l\u2019accusation de d\u00e9montrer \u2013 juridiquement parlant \u2013 que je suis effectivement coupable ? Je rappelle ce principe de la justice : Il ne suffit pas d\u2019accuser, il faut prouver la culpabilit\u00e9. Etait-ce le cas ? Malheureusement au cours de ce proc\u00e8s cela a \u00e9t\u00e9 oubli\u00e9. Appartient-il au montagnard que je suis de rappeler \u00e0 ces juristes que la v\u00e9rit\u00e9 judiciaire n\u2019a absolument rien \u00e0 voir avec la v\u00e9rit\u00e9 polici\u00e8re. Ont-ils oubli\u00e9\u2013 dans mon proc\u00e8s\u2013l\u2019\u00e9loquence judiciaire et les r\u00e8gles imp\u00e9ratives qui viennent non seulement de la conscience humaine, mais aussi du Code lui-m\u00eame. Ce Code qui dit que les proc\u00e8s-verbaux de police n\u2019ont valeur que de simples renseignements.<\/p>\n<p>Lors de mon proc\u00e8s la conclusion polici\u00e8re \u00e9tait devenue pour la\u00a0 Procureure, (et h\u00e9las pour bien d\u2019autres) \u00ab\u00a0 une parole d\u2019Evangile \u00bb, alors que le devoir aurait d\u00fb lui commander d\u2019inviter \u00e0 la barre le t\u00e9moin qui a assist\u00e9 \u00e0 mon kidnapping a la place de me reprocher de ne lui avoir pas demand\u00e9 de venir au Tribunal.Combien de gens innocents ont \u00e9t\u00e9 condamn\u00e9es sur la base de d\u00e9clarations faites \u00e0 la police, sous les menaces o\u00f9 entre deux s\u00e9ances de traitements inhumains. O\u00f9 est la Justice dans tout \u00e7a ?<\/p>\n<p>&nbsp;<\/p>\n<p><strong>QUESTION : Quel bilan tracez-vous de l\u2019Alg\u00e9rie apr\u00e8s 50 ans dans les domaines politique, \u00e9conomique, social, culturel, \u00e9ducatif, justice \u2026 y\u2019a-t-il eut trahison de tout un peuple et de ces chahids. Nous sommes la g\u00e9n\u00e9ration de la honte puisque 50 ans apr\u00e8s nous n\u2019avons pas eu de miracle comme les asiatiques alors que nous avions plus de potentiels. Nous sommes ind\u00e9pendant de la France mais libre de nos propre despotes. Qui est responsable de ce destin tragique; nos \u00e9lites intellectuels, l\u2019opposition, les m\u00e9dias au service, le peuple, les partis \u2026<\/strong><\/p>\n<p><strong><strong>R\u00c9PONSE <\/strong>: <\/strong>De quelle ind\u00e9pendance s\u2019agit-il, de quelle souverainet\u00e9 nationale peut-on nous pr\u00e9valoir quand on sait qu\u2019il fut permis au colonialisme par voie de clauses secr\u00e8tes, d\u2019exp\u00e9rimenter dans la r\u00e9gion du Hoggar (Tamanrasset) et celle d\u2019Oued Namous (Bechar), onze bombes nucl\u00e9aires apr\u00e8s la date \u00ab pr\u00e9sum\u00e9e \u00bb de l\u2019ind\u00e9pendance nationale. Des essais nucl\u00e9aires qui constituent moralement et juridiquement un crime imprescriptible contre l\u2019humanit\u00e9, d\u00e8s lors que, les victimes sont des populations civiles. L\u2019Alg\u00e9rie \u00e0 une grande part de responsabilit\u00e9 dans cette situation dramatique.<\/p>\n<p>&#8211; Comment se fait-il que les essais, qu\u2019on savait meurtriers, aient \u00e9t\u00e9 autoris\u00e9s au Nom et sans \u00e9gards du lord sacrifice de la R\u00e9volution alg\u00e9rienne, cinq ann\u00e9es durant, alors que le pays avait acc\u00e9d\u00e9 \u00e0 son ind\u00e9pendance ?<\/p>\n<p>&#8211; Que stipulaient les accords entre l\u2019Alg\u00e9rie r\u00e9volutionnaire et la France colonisatrice ?<\/p>\n<p>Les accords d\u2019\u00c9vian de mars 1962 stipulaient que \u00ab la France utilisera pour cinq ans les sites comprenant les installations d\u2019In Ekker, Reggane et de l\u2019ensemble de Colomb-B\u00e9char-Hammaguir \u00bb, \u00e0 noter que les mots \u00ab nucl\u00e9aire \u00bb et \u00ab atomique \u00bb ne figurent pas dans le texte. Pourtant, selon l\u2019expert fran\u00e7ais Bruno BARRILLOT, des accords secrets furent \u00e9galement conclus. Ils concernaient\u00a0 les centres d\u2019essais d\u2019armes chimiques de B2-Namous, o\u00f9 la France a continu\u00e9 des exp\u00e9rimentations jusqu\u2019en 1978, sous le couvert d\u2019une soci\u00e9t\u00e9 \u00e9cran, alors d\u00e9nomm\u00e9e \u00abSodeteg\u00bb. Ils concernaient les centres d\u2019essais d\u2019armes chimiques. Le site choisi pour le test \u00e9tait In Ekker, la montagne Taourirt Tan Afella, \u00e0 environ cent cinquante (150) kilom\u00e8tres de Tamanrasset, un des massifs granitiques du Hoggar. Le site a \u00e9t\u00e9 am\u00e9nag\u00e9 \u00e0 partir de 1961, un a\u00e9rodrome fut construit au nord-est de In M\u2019guel, et la base de vie entre le village targui de In M\u2019guel et le puits de In Ekker. R\u00e9da Malek reconna\u00eet dans un documentaire de 52 mn rendu public en 2011 r\u00e9alis\u00e9 par Mr Larbi Benchiha, qu\u2019une concession de taille avait \u00e9t\u00e9 faite \u00e0 la France par les n\u00e9gociateurs d\u2019Evian :<\/p>\n<p>&#8211;\u00a0 Nous leur avons dit : \u00ab\u00a0 Vous avez encore cinq ans, terminez les explosions que vous avez \u00e0 faire.\u00bb<\/p>\n<p>R\u00e9da Malek n\u2019explique toutefois pas pourquoi les Fran\u00e7ais ont \u00e9t\u00e9 autoris\u00e9s \u00e0 poursuivre les essais nucl\u00e9aires apr\u00e8s l\u2019ind\u00e9pendance de l\u2019Alg\u00e9rie, alors qu\u2019il reconna\u00eet qu\u2019une concession de taille avait \u00e9t\u00e9 faite \u00e0 la France par les n\u00e9gociateurs d\u2019Evian. Dit avec une telle l\u00e9g\u00e8ret\u00e9, cela ne peut que fatalement provoquer de nombreuses interrogations, surtout qu\u2019apr\u00e8s le cessez-le-feu du 19 mars, entre 1962 et 1966, treize tests nucl\u00e9aires ont \u00e9t\u00e9 men\u00e9s dans le Sud alg\u00e9rien (In Ekker), dont onze apr\u00e8s l\u2019ind\u00e9pendance, et que la capacit\u00e9 totale de ces explosions souterraines \u00e9tait de 305 kilotonnes, soit presque 20 fois la puissance d\u2019Hiroshima ! De graves fuites a\u00e9riennes ont suivi l\u2019explosion des bombes au plutonium B\u00e9ryl (mai 1962), Am\u00e9thyste (mars 1963), Rubis (octobre 1963) et Jade (mai 1965). Fuites ayant provoqu\u00e9es de nombreux et graves effets sur la sant\u00e9 des populations du Sud, des cancers, des malformations cong\u00e9nitales, la c\u00e9cit\u00e9 et biens d\u2019autres pathologies radio induites.<\/p>\n<p>Je suis en droit de consid\u00e9rer qu\u2019en effet il ya eu trahison de tout un peuple, de la r\u00e9volution et de ses chouhada, et je n\u2019ai pas tort moi le d\u00e9port\u00e9 et l\u2019intern\u00e9 dans ces zones, par des pr\u00e9tendus d\u00e9serteurs de l\u2019arm\u00e9e fran\u00e7aise, cependant je dirais que la honte n\u2019est pas imputable \u00e0 notre g\u00e9n\u00e9ration. La g\u00e9n\u00e9ration de la honte c\u2019est la classe dirigeante qui a men\u00e9 le pays \u00e0 la faillite, apr\u00e8s avoir intern\u00e9, fais disparaitre, tortur\u00e9, assassin\u00e9, brad\u00e9 l\u2019\u00e9conomie nationale et hypoth\u00e9qu\u00e9 la dignit\u00e9 de tout un peuple, c\u2019est l\u2019ignominieux cabinet noir et ses partisans du tout s\u00e9curitaire, ce sont ces nouveaux riches, les faux moudjahidines et les \u00e9lus jetables, c\u2019est aussi le silence synonyme de complicit\u00e9 d\u2019une certaine presse, la d\u00e9mission des intellectuels n\u2019est pas innocente, quant aux partis politiques, bien que leur nombre est exorbitant, ils ne sortent de leur hibernation qu\u2019a l\u2019approche des joutes \u00e9lectorales, pour s\u2019accommoder de strapontins par les sp\u00e9cialistes de la fraude \u00e9lectorale dont excelle la mafia politico-financi\u00e8re qui pollue notre existence.<\/p>\n<p><strong><br \/>\nQUESTION\u00a0: Quel est votre lecture de la d\u00e9cennie noire ; des responsabilit\u00e9s des uns et des autres. Que peut-on apprendre de cette exp\u00e9rience. Quel avenir pour des partis se r\u00e9clamant de la religion et ayant en face des \u00e9radicateurs qui font le plagiat d\u2019une d\u00e9mocratie qui est remise en cause en terre d\u00e9mocratique. Comment sortir de ce dilemme. Peut-on innover une sortie locale purement alg\u00e9rienne\u00a0?<\/strong><\/p>\n<p><strong><strong>R\u00c9PONSE <\/strong>:<\/strong> L\u2019arr\u00eat du processus \u00e9lectoral est incontestablement la premi\u00e8re violence contre le libre choix et la volont\u00e9 d\u2019un peuple de choisir celles et ceux qu\u2019il consid\u00e8re dignes de le repr\u00e9senter, accessoirement ce d\u00e9tournement est la matrice de toutes les violences qui ont suivi Les internements arbitraires, les harc\u00e8lements contre une partie de la population, l\u2019emprisonnement sur la base de dossiers vides des dirigeants d\u2019un Parti agr\u00e9e, une Direction politique coll\u00e9giale non \u00e9lue, une assembl\u00e9e auto d\u00e9sign\u00e9e, la distribution sans calcul d\u2019armes de guerre et de munitions \u00e0 des civils et l\u2019assurance de l\u2019impunit\u00e9, ne pouvaient que d\u00e9g\u00e9n\u00e9rer une contre violence rapidement qualifier terrorisme. Un terrorisme qui tout comme la myst\u00e9rieuse \u00e9vasion\u00a0 de la prison centrale de Tazoult(?) qui bizarrement ne figure pas dans le grand livre Guinness, ou alors les tueries de Bentalha, Rais, ou encore l\u2019affaire des moines de Tibehirine, et bien d\u2019autres cas, n\u2019ont pas encore livr\u00e9 tous leurs secrets.<\/p>\n<p>Ce qu\u2019on doit apprendre de cette exp\u00e9rience est qu\u2019on ne lutte pas contre l\u2019ignorance par l\u2019ignorance et qu\u2019on ne combat pas la violence par la violence. Quant aux partis se r\u00e9clamant de la religion, ou d\u00e9mocratiques, sinc\u00e8rement personnellement je ne vois aucun Parti religieux et aucun Parti D\u00e9mocratique. L\u2019Islam tel qu\u2019il est \u00e9crit tout autant que la d\u00e9mocratie formelle, d\u2019essence ils sont salvateurs.<\/p>\n<p>&#8211;\u00a0 Mais est-ce cet Islam dans le rayonnement \u00e0 r\u00e9volutionner le monde qui anime ces partis qui se clament \u00ab\u00a0chouracrates\u00a0\u00bb\u00a0?<\/p>\n<p>&#8211; Ou est-ce de cette d\u00e9mocratie des ba\u00efonnettes,qui est remise en cause en terre d\u00e9mocratique, qui refuse aux autres le droit de s\u2019exprimer, et qui ferme les yeux devant la violation syst\u00e9matique des droits de la personne humaine\u00a0?<\/p>\n<p>L\u2019Islam a permis \u00e0 des femmes et \u00e0 des hommes libres de faire front contre un colonialisme barbare, arm\u00e9s d\u2019une foi pure contre un impitoyable et puissant colonialisme, ses alli\u00e9s et ses ralli\u00e9s, l\u2019histoire, celle qu\u2019on essaye de nous cacher, nous rappelle que toutes les batailles men\u00e9es par nos valeureux chouhada, \u00e9taient au Nom de \u00ab\u00a0Allah Akbar\u00a0\u00bb, sinon comment auraient-ils triomph\u00e9, arm\u00e9s de fusils de chasse contre des chars, des canons, des avions, le napalm et la guillotine. De son c\u00f4t\u00e9 la d\u00e9mocratie \u00e0 aider, et permis \u00e0 nos valeureux moudjahidines de faire entendre la voix de la r\u00e9volution alg\u00e9rienne \u00e0 Bandoeng et aux Nations-Unies.<\/p>\n<p>Comment sortir de ce dilemme, et bien tout simplement en suivant le chemin trac\u00e9 par ceux qui avant nous furent nos fiers pionniers, devenir nous m\u00eame sans le besoin de copier ou d\u2019imiter, enfin nous montrer dignes d\u2019\u00eatre les filles et les fils de ceux qui ont trac\u00e9 ce chemin pour nous, demeurer un peuple uni, li\u00e9 par des valeurs communes, ces valeurs qui ont fait la fiert\u00e9 de celles et ceux qui nous ont pr\u00e9c\u00e9d\u00e9, \u00e0 d\u00e9faut c\u2019est le d\u00e9clin.<\/p>\n<p><strong>\u00a0<\/strong><\/p>\n<p><strong>Question\u00a0: Le monde arabe traverse des remous d\u00e9mocratique qui tournent tous au cauchemar. Les exemples de la Libye et la Syrie le d\u00e9montrent et la Tunisie \u00e9t\u00e9 l\u2019\u00c9gypte sont aussi secou\u00e9es. Que pensez-vous de ces r\u00e9volutions, Que pense vous aussi de la structure m\u00eame de ce monde arabe. N\u2019est -il pas temps pour le peuple alg\u00e9rien de recouvrir son identit\u00e9 arabe, berb\u00e8re, musulmane mais nationale en dehors de ces entit\u00e9s obscurantistes.<\/strong><\/p>\n<p><strong><strong>R\u00c9PONSE <\/strong>: <\/strong>bri\u00e8vement le monde arabe est victime de ses \u00e9lites corrompus et corrupteurs, soutenus par des minorit\u00e9s drap\u00e9es d\u2019une d\u00e9mocratie de fa\u00e7ade, par des affairistes v\u00e9reux, des f\u00e9ministes qui ne repr\u00e9sentent qu\u2019eux m\u00eame, et biens sur par un occident qui les encense, leur fournit armes et mat\u00e9riel de r\u00e9pression, et bien s\u00fbr qui en tire profit.<\/p>\n<p>En ce qui concerne les r\u00e9volutions en \u00c9gypte et en Tunisie, les peuples de ces pays ont fait leur choix, et contrairement \u00e0 nous, chez eux c\u2019est les avocats, les juges, les m\u00e9decins, enfin les intellectuels qui ont exig\u00e9 le changement, des intellectuels que personne n\u2019a le droit de qualifier d\u2019obscurantistes, m\u00eame si leur choix ne plait pas aux exploiteurs de tous bords.<\/p>\n<p>Le monde arabe, j\u2019entends ici l\u2019union des peuples arabes, un monde arabe d\u00e9barrass\u00e9 de ses despotes, de ces roitelets, purifi\u00e9 de ces dictateurs \u00e0 la solde de l\u2019occident ne peux que faire peur. N(oublie-on pas que le Roi Fay\u00e7al d\u2019Arabie saoudite a pay\u00e9 de sa vie son v\u0153u de prier \u00e0 El Qods. L\u2019Irak, l\u2019Alg\u00e9rie la Syrie ne sont-ils pas en train de payer les frais du Front de fermet\u00e9\u00a0?<\/p>\n<p>&nbsp;<\/p>\n<p><strong>Question\u00a0: Apr\u00e8s toute cette vie de sacrifice pour votre communaut\u00e9, quelle impression vous reste-t-il, y\u2019a-t-il de la d\u00e9ception contre votre communaut\u00e9 qui semble abandonner le combat dans la r\u00e9signation, cette communaut\u00e9 qui s\u2019est entretu\u00e9 dans une guerre civile barbare, y\u2019a-t-il l\u2019impression d\u2019un Don Quichotte qui combat tout seul des moulins \u00e0 vent, D\u00e9sesp\u00e9rez-vous de l\u2019humain et de l\u2019humanit\u00e9. Comment croire quand la r\u00e9alit\u00e9 est contre vous. Vous avez dit que vous referez tout de m\u00eame, si c\u2019\u00e9tait \u00e0 refaire \u2026 mais qu\u2019aurez-vousrectifi\u00e9 \u2026<br \/>\n<\/strong><\/p>\n<p><strong><strong>R\u00c9PONSE <\/strong>:<\/strong> En toute modestie, je ne consid\u00e8re pas avoir fait des sacrifices en accomplissant un devoir que personne ne m\u2019a impos\u00e9 ou dict\u00e9, j\u2019ai librement fait un choix et l\u2019accomplissement d\u2019un devoir n\u00e9cessite certes des sacrifices, celui de la d\u00e9fense des droits de l\u2019homme en terrain hostiles au droit un peu plus\u00a0 que les autres domaines de la vie. Il est vrai que parfois il m\u2019arrive de ressentir passag\u00e8rement un peu de d\u00e9ception, mais ce sentiment se dissipe d\u00e8s que je me trouve devant une violation du droit des gens.<\/p>\n<p>Certes il y a cette impression que notre communaut\u00e9 semble avoir abandonn\u00e9 le combat, et qu\u2019elle aurait sombr\u00e9 dans la r\u00e9signation, sinc\u00e8rement, je ne suis pas convaincu que les choses sont telles, nous sommes en face d\u2019un syst\u00e8me \u00ab\u00a0crisog\u00e8ne\u00a0\u00bb, et vu que le peuple dans sa plus grande majorit\u00e9 ne croit plus ni en ce syst\u00e8me, ni les partis politiques, un jour -je ne sais quand\u00a0?- arrivera ou un \u00ab\u00a0Tsunami\u00a0\u00bb populaire viendra balayer la terre d\u2019Alg\u00e9rie, c\u2019est pourquoi je suis partisan d\u2019un changement pacifique radical, en faisant de \u00ab\u00a0Place aux jeunes\u00a0\u00bb ma devise. Nous avons v\u00e9cu une d\u00e9cennie noires ou le \u00ab\u00a0Qui Tue Qui\u00a0\u00bb n\u2019a pas livr\u00e9 tous ses secrets.<\/p>\n<p>Quant \u00e0 la question de savoir si j\u2019ai l\u2019impression d\u2019un Don quichotte qui se battrait tout seul, je r\u00e9pondrais que je ressent plus d\u2019honneur, de dignit\u00e9 et de fiert\u00e9 d\u2019\u00eatre humblement Nourredine BELMOUHOUB, et qu\u2019on le sache, mon combat n\u2019est pas contre des moulins \u00e0 vents, mais bel et bien contre une des plus dangereuses tyrannies et des plus agressives autocraties que je n\u2019ai pas besoin de peindre ici, ce combat je le men\u00e9 non pas en solo, mais au sein d\u2019un groupe, un Front du Changement national, compos\u00e9 de femmes et d\u2019hommes non monnayables. Je ne d\u00e9sesp\u00e8re ni de l\u2019humain ni de l\u2019humanit\u00e9, confiant qu\u2019apr\u00e8s la nuit il y a toujours le jour, et que la justice finit toujours par triompher, j\u2019y crois, la preuve ou est Benali, ou est Moubarek, ou est Khaddafi et ce n\u2019est qu\u2019un d\u00e9but. Ne dit-on pas qu\u2019apr\u00e8s la pluie c\u2019est le beau temps, je suis optimiste, et c\u2019est ce qui me r\u00e9conforte le plus, c\u2019est pourquoi je ne regrette rien et si c\u2019est \u00e0 refaire, oui, je recommencerais encore et toujours pour avoir la paix morale et une conscience repos\u00e9e.<\/p>\n<p>Je suis n\u00e9 au printemps, c\u2019est pourquoi j\u2019aime tous les printemps.<\/p>\n<p>&nbsp;<\/p>\n<p>*D\u00e9fenseur \u00ab\u00a0Libre\u00a0\u00bb des droits humains<\/p>\n<p>Porte-parole du Comit\u00e9 de D\u00e9fense des Intern\u00e9s des Camps du Sud.<\/p>\n<p>Alger le 25 D\u00e9cembre 2012<\/p>\n<p><strong>Algerie Network<\/strong><\/p>\n","protected":false},"excerpt":{"rendered":"<p>Entretien entre Algerie Network (Jamouli Ouzidane) et Nourredine BELMOUHOUB QUI EST HORS LA LOI,LEUR INJUSTICE OU MOI LA VICTIME MULTIFORME ? J\u2019ai serr\u00e9 plusieurs fois la main avec la mort, au point de ne plus sentir vraiment la peur, except\u00e9e celle de ne pas aller jusqu\u2019au bout de mes convictions, convaincu que beaucoup de choses [&hellip;]<\/p>\n","protected":false},"author":1,"featured_media":2495,"comment_status":"open","ping_status":"open","sticky":false,"template":"","format":"standard","meta":{"tdm_status":"","tdm_grid_status":"","footnotes":""},"categories":[773],"tags":[85,379],"class_list":{"0":"post-339","1":"post","2":"type-post","3":"status-publish","4":"format-standard","5":"has-post-thumbnail","7":"category-algerie","8":"tag-algerie-2","9":"tag-poltique"},"_links":{"self":[{"href":"https:\/\/algerienetwork.com\/algerie\/wp-json\/wp\/v2\/posts\/339","targetHints":{"allow":["GET"]}}],"collection":[{"href":"https:\/\/algerienetwork.com\/algerie\/wp-json\/wp\/v2\/posts"}],"about":[{"href":"https:\/\/algerienetwork.com\/algerie\/wp-json\/wp\/v2\/types\/post"}],"author":[{"embeddable":true,"href":"https:\/\/algerienetwork.com\/algerie\/wp-json\/wp\/v2\/users\/1"}],"replies":[{"embeddable":true,"href":"https:\/\/algerienetwork.com\/algerie\/wp-json\/wp\/v2\/comments?post=339"}],"version-history":[{"count":0,"href":"https:\/\/algerienetwork.com\/algerie\/wp-json\/wp\/v2\/posts\/339\/revisions"}],"wp:featuredmedia":[{"embeddable":true,"href":"https:\/\/algerienetwork.com\/algerie\/wp-json\/"}],"wp:attachment":[{"href":"https:\/\/algerienetwork.com\/algerie\/wp-json\/wp\/v2\/media?parent=339"}],"wp:term":[{"taxonomy":"category","embeddable":true,"href":"https:\/\/algerienetwork.com\/algerie\/wp-json\/wp\/v2\/categories?post=339"},{"taxonomy":"post_tag","embeddable":true,"href":"https:\/\/algerienetwork.com\/algerie\/wp-json\/wp\/v2\/tags?post=339"}],"curies":[{"name":"wp","href":"https:\/\/api.w.org\/{rel}","templated":true}]}}