{"id":3543,"date":"2013-04-25T12:11:45","date_gmt":"2013-04-25T12:11:45","guid":{"rendered":"http:\/\/algerienetwork.com\/algerie\/?p=3543"},"modified":"2013-04-25T12:11:45","modified_gmt":"2013-04-25T12:11:45","slug":"les-marocains-et-la-haine-de-lalgerie-dans-le-web","status":"publish","type":"post","link":"https:\/\/algerienetwork.com\/algerie\/les-marocains-et-la-haine-de-lalgerie-dans-le-web\/","title":{"rendered":"Les Marocains et la Haine de l&rsquo;Alg\u00e9rie dans le Web"},"content":{"rendered":"<h4><a href=\"http:\/\/algerienetwork.com\/algerie\/wp-content\/uploads\/2013\/04\/Maroc-algerie.jpg\"><img loading=\"lazy\" decoding=\"async\" class=\"aligncenter size-full wp-image-3544\" alt=\"Maroc-algerie\" src=\"http:\/\/algerienetwork.com\/algerie\/wp-content\/uploads\/2013\/04\/Maroc-algerie.jpg\" width=\"1202\" height=\"751\" \/><\/a><\/h4>\n<h4><strong><span style=\"color: #000080;\">Jamouli Ouzidane ; Algerie Network<br \/>\n<\/span><\/strong><\/h4>\n<p>J&rsquo;ai \u00e9t\u00e9 frustr\u00e9 et ahuris de voir la multiplication de la haine contre l&rsquo;Alg\u00e9rie de la part de nos fr\u00e8res marocains dans des sites et blogs officiels mais surtout dans les r\u00e9seaux sociaux ou l&rsquo;anonymat permet \u00e0 la haine de fleurir.<\/p>\n<p>Cette haine a pris une allure monstrueuse et se r\u00e9pand comme une vraie pand\u00e9mie. Ceci n&rsquo;est pas bon pour l&rsquo;avenir de nos deux peuples fr\u00e8res qui ont partag\u00e9 1400 ans de destin musulman commun et qui oublient que leurs territoires actuels autour duquel ils s&rsquo;entre-d\u00e9chirent (verbalement pour le moment) ne sont que des espaces bestiaux d\u00e9limit\u00e9s par leur pr\u00e9dateurs fran\u00e7ais au si\u00e8cle dernier pour partager la ferme \u00e0 vaches que nous sommes !<\/p>\n<p><strong>Du cot\u00e9 alg\u00e9rien,<\/strong> le citoyen, en g\u00e9n\u00e9ral, s&rsquo;en fout du probl\u00e8me du Sahara car il a des priorit\u00e9s de survie. Des intellectuels humanitaires prennent position pour des raisons de principes d\u2019autod\u00e9termination de tous les peuples de la terre. L&rsquo;\u00c9tat rappelle le probl\u00e8me avec mesure mais sans aller dans la schizophr\u00e9nie. L&rsquo;\u00c9tat qui reste le seul secours, ne peut trahir un peuple fr\u00e8re. Il est pr\u00eat \u00e0 toute solution dans le cadre de l&rsquo;autod\u00e9termination mais il n&rsquo;est pas pr\u00eate au chantage.<\/p>\n<p><strong>Du cot\u00e9 du Maroc,<\/strong> le roi, plus que le gouvernement ou le peuple dirig\u00e9 et cultiv\u00e9, refuse de prendre les responsabilit\u00e9s morales de son p\u00e8re d&rsquo;avoir envahi par la force l\u00e2che le Sahara Espagnol lors de son ind\u00e9pendance. Il continue \u00e0 le maintenir depuis des d\u00e9cennies dans une occupation qui lui refuse l&rsquo;autod\u00e9termination ; d\u00e9cider avec libert\u00e9 ; le ralliement au Maroc ou l&rsquo;autonomie comme le reste des pays africains. L&rsquo;Occident lui m\u00eame a octroy\u00e9 \u00e0 tous les peuples d&rsquo;Afrique y compris le Maroc\u00a0 cette autod\u00e9termination ! M\u00eame le Soudan a \u00e9t\u00e9 d\u00e9membr\u00e9 de son territoire du Sud quand des populations d\u00e9cident de leur droit international d&rsquo;autonomie. Sans reconnaissance de ce droit fondamental humain, le Maroc continuera \u00e0 se marginaliser dans la sph\u00e8re magr\u00e9bine, africaine, arabe et internationale.<\/p>\n<p>Reste maintenant des blogueurs des deux fronti\u00e8res de la honte qui n&rsquo;ont\u00a0 rien \u00e0 faire de leur vie que de sombrer dans un nationalisme de houligans comme ce fut le cas dans les \u00e9liminatoires dans la coupe du monde entre l&rsquo;\u00c9gypte et l\u2019Alg\u00e9rie. Merci dieu, on avait pas de fronti\u00e8re commune sinon on aurait assist\u00e9 \u00e0 la premi\u00e8re guerre pour le Football ! Rappelons dans ce cas pr\u00e9cis, comment les r\u00e9gimes des deux cot\u00e9s ont encourag\u00e9 ce nationalisme qui leur fait tant d\u00e9faut ; Divertir le peuple par des conneries basses pour qu&rsquo;ils oublient leurs vrais probl\u00e8mes ; d\u00e9mocratie et prosp\u00e9rit\u00e9 \u00e9conomique ; \u00e9ducation, emploi, cr\u00e9ation d &lsquo;entreprise, innovation, logement, sant\u00e9 &#8230;<\/p>\n<p>La haine marocaine est omnipr\u00e9sente dans les r\u00e9seaux sociaux et les blogs. Elles d\u00e9passent l&rsquo;entendement ! Des affabulations contre notre pouvoir\u00a0 d\u00e9mocratique comme si la divinisation de leur roi est saine. Des hyst\u00e9ries contre notre sexualit\u00e9 comme si le tourisme Marocain n&rsquo;\u00e9tait pas un lieu de paradis de la p\u00e9dophilie, le prox\u00e9n\u00e9tisme et la drogue pour les vieux papis retrait\u00e9s fran\u00e7ais !\u00a0 Nos soci\u00e9t\u00e9s ont leurs tares dans cette occidentalisation pu\u00e9rile ; rien ne sert alors de maudire l&rsquo;autre quand on a rien \u00e0 voir avec les saints !<\/p>\n<p>Les marocains sont plus violents car ils veulent garder ce territoire qui ne leur a donn\u00e9 aucune prosp\u00e9rit\u00e9 mais que des d\u00e9penses militaires de s\u00e9curit\u00e9 sans paix alors que les alg\u00e9riens s&rsquo;en foutent compl\u00e8tement de ce territoire et r\u00e9agissent uniquement. La majorit\u00e9 pensent que c&rsquo;est un probl\u00e8me politique \u00e0 r\u00e9soudre dans les nations unis. SEUL le Maroc peut r\u00e9soudre cela en acceptant JUSTE de faire un r\u00e9f\u00e9rendum ; alors il aura la l\u00e9gitimit\u00e9 du peuple sahraouis !!! qui l\u2019emp\u00eache de le faire ; c&rsquo;est le d\u00e9bat civilis\u00e9 qu&rsquo;on doit avoir &#8230;<\/p>\n<p>Toutes insultes d&rsquo;un peuple des 2 cot\u00e9s est une b\u00eatise humaine car nous sommes le m\u00eame peuple divis\u00e9 dans deux territoires par hier nos colons et aujourd\u2019hui nos nouveaux maitres ; nos fr\u00e8res affili\u00e9s au pouvoir des institutions de l&rsquo;\u00e9tat providence en faillite et qui est en train de collapser dans des printemps hivernaux arabes.<\/p>\n<p>La vraie question ; qui nous refuse cette union ; le roi et notre pouvoir qui sont int\u00e9ress\u00e9s \u00e0 garder leur privil\u00e8ges. S&rsquo;il y&rsquo; avait un seul peuple, alors les sahraouis, comme les marocains, les tunisiens et les alg\u00e9riens acceptons d&rsquo;y vivre en choisissant leurs propres gouvernants ! La fronti\u00e8re de la honte, physique mais surtout d&rsquo;amour fraternel dont nous avons la responsabilit\u00e9 de faire subsister, est le vrai probl\u00e8me. Alors qui est responsable ; L&rsquo;autre bien sure !<\/p>\n<p>Je pense que nous avons tous cette responsabilit\u00e9 morale envers notre histoire et patrimoine commun, de langue et de religion, et non pas notre nationalisme de houliganisme primaire qui a fait tant de morts en Europe devenu depuis unie malgr\u00e9 des histoires, des langues et des cultures conflictuelles depuis des si\u00e8cles ; l\u2019int\u00e9r\u00eat commun devant le d\u00e9fi mill\u00e9naire de l\u2019Am\u00e9rique et de l&rsquo;Asie et surtout la pr\u00e9dation du Monde Musulman les a r\u00e9unit ! Nous sommes tous des arabes pour les autres !<\/p>\n<p>Donc, on refuse de r\u00e9pondre \u00e0 la haine stupide de nos fr\u00e8res marocains, pour ne pas la propager et on esp\u00e8re que du cot\u00e9 marocain, des voies sages et courageuses s\u2019\u00e9l\u00e8vent contre ce courant obscurantiste quelle que soit la source de ses lumi\u00e8res !<\/p>\n<p>Du point de vue des gouvernants, que dieu vous rend la sagesse pour trouver une solution saine a ce problemes au lieu de d\u00e9penser des milliards de $ en armement pour le bonheur de vos pr\u00e9dateurs historiques ; La France que vous avez accueillis avec tant d&rsquo;amour charnel et les youyous d&rsquo;un peuple qui a perdu son \u00e2me mill\u00e9naire commune pour revenir aux hordes barbares de la Jahilia !<\/p>\n<p>Je dis hordes car nous avons r\u00e9gress\u00e9 en termes de compr\u00e9hension du monde qu&rsquo;avaient nos anc\u00eatres communs d\u2019Andalousie. Nous avons donn\u00e9 la lumi\u00e8re de la renaissance \u00e0 l&rsquo;occident, de Babylone \u00e0 l\u2019\u00c9gypte et de la Perse \u00e0 l\u2019Andalousie, pour qu&rsquo;il retrouve ses sources authentiques romaines et grecques et nous avons sombr\u00e9 dans leur consommation de la modernit\u00e9 ; Ce n&rsquo;est pas en conduisant des Mercedes qu&rsquo;on deviendra des allemands mais en revenant \u00e0 notre source commune ; L&rsquo;esprit solidaire mill\u00e9naire plus que ses cendres \u00e9parpill\u00e9es en poussi\u00e8res noires ; nous diviser jusqu&rsquo;\u00e0 l&rsquo;infini chaotique !<\/p>\n<p>Si les choses continuent comme elles le sont, c&rsquo;est \u00e0 dire mauvaises, et si on fait rien, elles ne peuvent que s&#8217;empirer jusqu&rsquo;\u00e0 une guerre selon les lois entropiques de thermodynamique !<\/p>\n<p>Nous esp\u00e9rons que ces jeunes reviennent a leur esprits et honorent la m\u00e9moire de notre histoire fraternelle ; celle de leur parent commun &#8230;<\/p>\n<p>&nbsp;<\/p>\n<h4><span style=\"color: #000080;\">Jamouli Ouzidane; Algerie Network<br \/>\n<\/span><\/h4>\n<p><iframe loading=\"lazy\" src=\"http:\/\/www.youtube.com\/embed\/xq_32slTaLw\" height=\"315\" width=\"600\" allowfullscreen=\"\" frameborder=\"0\"><\/iframe><br \/>\n&#8212;&#8212;&#8212;&#8212;&#8212;&#8212;&#8212;&#8212;&#8212;&#8212;&#8212;&#8212;&#8212;&#8212;&#8212;&#8212;&#8212;&#8212;&#8212;&#8212;-<\/p>\n<p>je reprend ci-dessous un article d\u00e9bile pour illustrer mon propos parut dans lemag repris par le journal <a href=\"http:\/\/www.marocwebo.com\/une-prevision-dune-chute-du-regime-en-algerie-par-des-marines-et-des-avions-de-combat-us-en-espagne.html?utm_medium=twitter&amp;utm_source=twitterfeed\">Marocwebo.com<\/a><\/p>\n<h3><span style=\"color: #993300;\"><strong>Une pr\u00e9vision d\u2019une chute du r\u00e9gime en Alg\u00e9rie par Des Marines et des avions de combat US en Espagne<\/strong><\/span><\/h3>\n<p>Lemag : Le gouvernement de<strong> Mariano Rajoy <\/strong>a autoris\u00e9 diligemment les<strong> USA<\/strong> \u00e0 d\u00e9ployer sur le <strong>territoire espagnol,<\/strong> une force d\u2019intervention rapide, en pr\u00e9vision d\u2019un chaos g\u00e9n\u00e9ralis\u00e9 pr\u00e9vu en <strong>Alg\u00e9rie<\/strong>.<\/p>\n<p>A la base <strong>Mor\u00f3n de la Frontera<\/strong> situ\u00e9e \u00e0 la province de <strong>S\u00e9ville <\/strong>en <strong>Andalousie<\/strong>, se d\u00e9ploieront dans les jours qui viennent, un <strong>demi-millier d\u2019\u00e9l\u00e9ments des forces sp\u00e9ciales<\/strong>, relevant du <strong>corps des Marines <\/strong>de l\u2019<strong>US Navy<\/strong>, ainsi que<strong> 8 avions militaires am\u00e9ricains<\/strong>. <img loading=\"lazy\" decoding=\"async\" title=\"avion-espagnole\" alt=\"avion-espagnole\" src=\"http:\/\/www.marocwebo.com\/wp-content\/uploads\/avion-espagnole-300x168.jpg\" width=\"300\" height=\"168\" align=\"right\" \/><\/p>\n<p>Cette force d\u2019appoint am\u00e9ricaine, sera investie de la mission d\u2019<strong>intervenir en Alg\u00e9rie<\/strong>, o\u00f9 les <strong>pr\u00e9mices d\u2019un chaos g\u00e9n\u00e9ralis\u00e9 se font de plus en plus pr\u00e9cises<\/strong>, notamment dans le <strong>sud du pays<\/strong>, et \u00e0 l\u2019approche des <strong>pr\u00e9sidentielles<\/strong> par lesquelles, l\u2019actuel pr\u00e9sident <strong>Abdelaziz Bouteflika<\/strong>, compte s\u2019\u00e9terniser au pouvoir en se confectionnant un <strong>scrutin <\/strong>le faisant succ\u00e9der <strong>une 4\u00e8me fois<\/strong>, \u00e0 lui-m\u00eame.<\/p>\n<p>Selon le journal londonien Al Quds Al Arabi qui a rapport\u00e9 cette information, la <strong>d\u00e9cision espagnole d\u2019autoriser les USA \u00e0 d\u00e9ployer leurs forces<\/strong>, <strong>s\u2019est prise inhabituellement vite<\/strong>.<\/p>\n<p>En effet, quelques jours ont suffit \u00e0 Mariano Rajoy<\/p>\n<p>, pour transmettre son <strong>feu vert<\/strong> \u00e0 <strong>Washington, <\/strong>pour d\u00e9p\u00eacher ses <strong>forces <\/strong>et ses <strong>avions<\/strong>, t\u00e9moignant ainsi par sa h\u00e2te, de l\u2019<strong>imminence <\/strong>du <strong>danger <\/strong>couvant en <strong>Alg\u00e9rie<\/strong>,<strong> le r\u00e9gime pouvant tomber en d\u00e9su\u00e9tude \u00e0 tout moment<\/strong>.<\/p>\n<p>La m\u00eame source a indiqu\u00e9 que les <strong>500 marines<\/strong> auront pour mission d\u2019assurer la <strong>s\u00e9curit\u00e9 <\/strong>des quelques <strong>ressortissants am\u00e9ricains en Alg\u00e9rie<\/strong> ainsi que du <strong>personnel diplomatique US<\/strong>, et <strong>d\u2019op\u00e9rer leur \u00e9vacuation du pays<\/strong>.<\/p>\n<p><em>source: Lemag<\/em><\/p>\n<p>&#8212;&#8212;&#8212;&#8212;&#8212;&#8211;<\/p>\n<p>un autre article d&rsquo;une d\u00e9bilit\u00e9 qui frise la maladie mentale et on arr\u00eate ici &#8230;<\/p>\n<h3><a href=\"http:\/\/www.dakaractu.com\/L-Algerie-tombe-le-masque_a39822.html\" target=\"_blank\" rel=\"noopener noreferrer\">L\u2019Alg\u00e9rie tombe le masque<\/a><\/h3>\n<p><iframe loading=\"lazy\" src=\"http:\/\/www.youtube.com\/embed\/QWffurWtyEk\" height=\"315\" width=\"420\" allowfullscreen=\"\" frameborder=\"0\"><\/iframe><\/p>\n","protected":false},"excerpt":{"rendered":"<p>Jamouli Ouzidane ; Algerie Network J&rsquo;ai \u00e9t\u00e9 frustr\u00e9 et ahuris de voir la multiplication de la haine contre l&rsquo;Alg\u00e9rie de la part de nos fr\u00e8res marocains dans des sites et blogs officiels mais surtout dans les r\u00e9seaux sociaux ou l&rsquo;anonymat permet \u00e0 la haine de fleurir. Cette haine a pris une allure monstrueuse et se [&hellip;]<\/p>\n","protected":false},"author":1,"featured_media":3544,"comment_status":"closed","ping_status":"closed","sticky":false,"template":"","format":"standard","meta":{"tdm_status":"","tdm_grid_status":"","footnotes":""},"categories":[595],"tags":[],"class_list":{"0":"post-3543","1":"post","2":"type-post","3":"status-publish","4":"format-standard","5":"has-post-thumbnail","7":"category-edito"},"_links":{"self":[{"href":"https:\/\/algerienetwork.com\/algerie\/wp-json\/wp\/v2\/posts\/3543","targetHints":{"allow":["GET"]}}],"collection":[{"href":"https:\/\/algerienetwork.com\/algerie\/wp-json\/wp\/v2\/posts"}],"about":[{"href":"https:\/\/algerienetwork.com\/algerie\/wp-json\/wp\/v2\/types\/post"}],"author":[{"embeddable":true,"href":"https:\/\/algerienetwork.com\/algerie\/wp-json\/wp\/v2\/users\/1"}],"replies":[{"embeddable":true,"href":"https:\/\/algerienetwork.com\/algerie\/wp-json\/wp\/v2\/comments?post=3543"}],"version-history":[{"count":0,"href":"https:\/\/algerienetwork.com\/algerie\/wp-json\/wp\/v2\/posts\/3543\/revisions"}],"wp:featuredmedia":[{"embeddable":true,"href":"https:\/\/algerienetwork.com\/algerie\/wp-json\/"}],"wp:attachment":[{"href":"https:\/\/algerienetwork.com\/algerie\/wp-json\/wp\/v2\/media?parent=3543"}],"wp:term":[{"taxonomy":"category","embeddable":true,"href":"https:\/\/algerienetwork.com\/algerie\/wp-json\/wp\/v2\/categories?post=3543"},{"taxonomy":"post_tag","embeddable":true,"href":"https:\/\/algerienetwork.com\/algerie\/wp-json\/wp\/v2\/tags?post=3543"}],"curies":[{"name":"wp","href":"https:\/\/api.w.org\/{rel}","templated":true}]}}