{"id":65,"date":"2012-09-04T21:43:31","date_gmt":"2012-09-04T21:43:31","guid":{"rendered":"http:\/\/algerienetwork.com\/entrevue\/?p=65"},"modified":"2012-09-04T21:43:31","modified_gmt":"2012-09-04T21:43:31","slug":"quelques-questions-a-siddiq-directeur-de-la-branche-panarabe-du-mdi","status":"publish","type":"post","link":"https:\/\/algerienetwork.com\/algerie\/quelques-questions-a-siddiq-directeur-de-la-branche-panarabe-du-mdi\/","title":{"rendered":"Quelques questions \u00e0 Siddiq, directeur de la branche panarabe du MDI"},"content":{"rendered":"<p align=\"JUSTIFY\"><em><strong>R.G : C&rsquo;est un plaisir de te rencontrer Siddiq, et merci de nous avoir accord\u00e9 un peu de ton temps pour r\u00e9pondre \u00e0 quelques unes de nos interrogations. Peu de nos lecteurs te connaissent vraiment. Tu as \u00e9t\u00e9 beaucoup vu aux c\u00f4t\u00e9s de K\u00e9mi S\u00e9ba. Mais que dirais tu de nous pr\u00e9senter ton parcours et tes origines, celui du MDI (Mouvement des Damn\u00e9s de l&rsquo;Imp\u00e9rialisme) et ce que le mouvement devient actuellement.<\/strong><\/em><\/p>\n<p align=\"JUSTIFY\">C\u2019est un plaisir partag\u00e9 et merci \u00e0 toi. Je n\u2019aime pas le mot \u00ab\u00a0origine\u00a0\u00bb car il est utilis\u00e9 par des personnes qui ne se consid\u00e8rent plus comme citoyens de leur pays d\u2019origine. Je suis un Syrien vivant en France. Depuis tr\u00e8s jeune j\u2019avais comme projet de m\u2019engager dans la lutte palestinienne, et c\u2019est en m\u2019apercevant que les jud\u00e9o-sionistes servaient leur Etat colonial partout o\u00f9 ils sont install\u00e9s que j\u2019ai compris que le combat doit commencer l\u00e0 o\u00f9 je suis, la o\u00f9 le lobby sioniste est puissant. Et c\u2019est dans ce contexte l\u00e0 que j\u2019ai connu Kemi Seba\u00a0: un amoureux de son peuple, de sa patrie, un combattant juste et d\u00e9vou\u00e9. C\u2019est le traitement judiciaire et m\u00e9diatique injuste de cet homme qui m\u2019a convaincu de la v\u00e9racit\u00e9 de son engagement. Le nouveau mouvement (MDI), dont il avait pris la t\u00eate \u00e0 sa cr\u00e9ation, repose sur des principes simples\u00a0:<\/p>\n<p align=\"JUSTIFY\"><strong><em>Nous revendiquons notre enti\u00e8re appartenance \u00e0 notre terre d\u2019origine et notre devoir est de la servir\u00a0; respecter la culture des autres peuples\u00a0; et s\u2019unir face \u00e0 un ennemi commun.<\/em><\/strong><\/p>\n<p align=\"JUSTIFY\">Le mandat du 1<sup>er<\/sup> pr\u00e9sident du MDI, en l\u2019occurrence K\u00e9mi S\u00e9ba, qui courrait de 2008 \u00e0 2010 avait pour ambition de d\u00e9mocratiser la lutte anti-imp\u00e9rialiste qui \u00e9tait soit confin\u00e9e \u00e0 des cercles microscopiques tr\u00e8s restreints sans aucune incidence, sans aucune visibilit\u00e9 publiques\u00a0; ou alors confisqu\u00e9e par le paternalisme des mouvements gauchistes qui n\u2019ont eu de cesse d\u2019instrumentaliser, de duper, de manipuler les masses populaires issues de l\u2019immigration. Le MDI a r\u00e9ussi \u00e0 donner de la virilit\u00e9, de la respectabilit\u00e9, de la visibilit\u00e9 \u00e0 cette lutte noble. \u00c9mancip\u00e9es, ces masses populaires sont pass\u00e9es de l\u2019\u00e2ge mineur \u00e0 l\u2019\u00e2ge adulte.<\/p>\n<p align=\"JUSTIFY\">Un certain m\u00e9nage a \u00e9t\u00e9 fait aussi bien au sein des masses pro-palestiniennes que face \u00e0 nos adversaires comme la LDJ (Ligue de D\u00e9fense Juive) ou encore le B\u00e9tar, qui aujourd\u2019hui ont totalement disparu de la sc\u00e8ne publique. Alors que depuis des d\u00e9cennies ces organisations racistes avaient pignon sur rue, tabassaient impun\u00e9ment les manifestants pro-palestiniens au vu et au su de tous. Les organisations gauchistes comme la NPA (ex-LCR) ou encore les antifas qui avaient fait main basse sur la cause palestinienne, en France, avec leur habituel paternalisme ont totalement disparu du curseur de la cause anti-imp\u00e9rialiste. Nous avons mis au grand jour leur charlatanisme.<\/p>\n<p align=\"JUSTIFY\">Dans le m\u00eame temps nous avons r\u00e9ussi a cr\u00e9\u00e9 des ponts entre des anti-imp\u00e9rialistes de tout horizon (monde arabe, panafricains, europ\u00e9ens), ce qui hier n\u2019\u00e9tait m\u00eame pas envisageable.<\/p>\n<p align=\"JUSTIFY\">Nous avons port\u00e9 sur la place publique cette question anti-imp\u00e9rialiste, antisioniste. Au point m\u00eame qu\u2019on a vu se cr\u00e9er le parti antisioniste ou encore le nouveau parti anti-imp\u00e9rialiste (sic). Nous avons pay\u00e9 le prix fort pour avoir men\u00e9 ce combat (diabolisation m\u00e9diatique, incarc\u00e9ration, proc\u00e8s iniques, pression \u00e9tatique, etc.).<\/p>\n<p align=\"JUSTIFY\">Aujourd\u2019hui nous sommes \u00e0 une autre \u00e9tape de notre combat, car nous avons cr\u00e9\u00e9 des \u00e9mules qui reproduisent \u00e0 leurs \u00e9chelles ce que nous avons d\u00e9j\u00e0 entam\u00e9. Nous nous restructurons pour que chaque branche prenne plus d\u2019autonomie afin d\u2019avoir une incidence plus importante, \u00e0 une \u00e9chelle plus grande. Nous nous pr\u00e9parons \u00e0 d\u00e9passer le cadre franco-fran\u00e7ais. Et c\u2019est le nouveau pr\u00e9sident H\u00e9ry Dj\u00e9huty S\u00e9chat, avec mon propre apport, qui est charg\u00e9 de cette lourde mutation.<\/p>\n<p align=\"JUSTIFY\">D\u2019ailleurs tr\u00e8s prochainement vous verrez la nouvelle plateforme Internet du MDI. Et nous envoyons nos \u00e9missaires un peu partout pour porter notre parole toujours plus haut, toujours plus loin.<\/p>\n<p align=\"JUSTIFY\"><em><strong>R.G. : Bon, tu as de la famille en Syrie. Peux-tu nous faire le point sur ce qui se passe l\u00e0 bas. Il y a des rumeurs qui parlent de massacres etc., un peu comme Kadhafi. <\/strong><\/em><\/p>\n<p align=\"JUSTIFY\">La situation est tr\u00e8s claire. La Syrie est l\u2019un des seuls pays arabes qui soutient la R\u00e9sistance. Elle est donc la cible depuis des d\u00e9cennies de complots \u00e9manant de l\u2019ext\u00e9rieur afin de la voir d\u00e9truite. Les demandes du peuple sont l\u00e9gitimes mais elles n\u2019ont jamais eu pour but de faire chuter le gouvernement. Des groupes arm\u00e9s et financ\u00e9s de l\u2019ext\u00e9rieur ont voulu profiter de ces manifestations pacifiques pour semer le chaos. Oui il y a eu des accrochages entre ces groupes et les forces de l\u2019ordre, entre ces groupes et la population qui a vite compris le complot qui se dessinait contre la Syrie. Et il tr\u00e8s important de noter que les morts parmi les manifestants ont \u00e9t\u00e9 \u00e9lev\u00e9s au rang de martyrs par le gouvernement. Il est clair qu\u2019il n\u2019est absolument pas dans l\u2019int\u00e9r\u00eat du r\u00e9gime de voir le sang coul\u00e9 parmi les Syriens. \u00c9norm\u00e9ment de t\u00e9moignages diffus\u00e9s \u00e0 la t\u00e9l\u00e9vision et m\u00eame de proches ont fait \u00e9tat de groupe de jeunes arm\u00e9s venant des quartiers ext\u00e9rieurs de la ville m\u00eame, provocants la population et la police. Le pr\u00e9sident Al Assad a r\u00e9pondu aux demandes du peuple qui aspire \u00e0 plus de droits. Donc ceux qui veulent la chute de Bachar El Assad sont les ennemis de la Resistance donc du peuple syrien dont plusieurs millions se sont rassembl\u00e9s pour exprimer leur soutient au pr\u00e9sident. Je suis pour des reformes qui am\u00e9lioreront le pays mais absolument contre la chute du gouvernement qui entrainerait celle du pays et de la Resistance.<\/p>\n<p align=\"JUSTIFY\"><em><strong>R.G. : Justement, tant que nous y sommes, parlons de Kadhafi et de ce qui se passe en Libye. Qu&rsquo;en penses-tu? Y a t il eu ou non manipulation selon toi? Qu&rsquo;est ce qui permettrait selon toi de dire \u00e7a? <\/strong><\/em><\/p>\n<p align=\"JUSTIFY\">L\u2019avenir de la Libye appartient aux libyens. Les r\u00e9volutionnaires ont malheureusement eu besoin d\u2019aide que leurs fr\u00e8res arabes n\u2019ont pas fourni, ceux qui ont permis aux Occidentaux de venir profiter de cette r\u00e9volution pour s\u2019accaparer du p\u00e9trole que le colonel Kadhafi a cess\u00e9 de leur fournir. Je ne pense pas, que le peuple qui se r\u00e9volte soit manipul\u00e9 mais je crains qu\u2019il vienne de se faire voler sa r\u00e9volution par les colons du 21ieme si\u00e8cle.<\/p>\n<p align=\"JUSTIFY\"><em><strong>R.G. : Comment crois tu que la situation va \u00e9voluer dans les pays concern\u00e9s par ces \u00ab r\u00e9volutions \u00bb?<\/strong><\/em><\/p>\n<p align=\"JUSTIFY\">On parle de r\u00e9volution quand elle est populaire et d\u2019abord pacifique comme celle de la Tunisie, de l\u2019Egypte, de la Libye, du Y\u00e9men, du Bahre\u00efn ou encore de la Jordanie. La situation ne peut qu\u2019\u00e9voluer dans le bon sens, le sens de la victoire de la justice car ces gouvernements sont les esclaves de l\u2019imp\u00e9rialisme. Je crois toujours que la justice triomphe car ceux qui combattent pour elle, combattent avec l\u2019aide de Dieu. La m\u00eame conviction de voir bient\u00f4t l\u2019Etat colon appel\u00e9 Isra\u00ebl d\u00e9truit.<\/p>\n<p align=\"JUSTIFY\"><em><strong>R.G. : Est ce que tu penses que la situation \u00e9voluera un jour dans le bon sens dans l&rsquo;Arabie occup\u00e9e par les S\u00e9oud? <\/strong><\/em><\/p>\n<p align=\"JUSTIFY\">Je crois en la victoire de la justice et t\u00f4t ou tard, tous les corrompus, qu\u2019ils soient juifs ou arabes, devront rendre des comptes aux opprim\u00e9s, avant de rendre des comptes au Supr\u00eame. Donc oui cette situation \u00e9voluera.<\/p>\n<p align=\"JUSTIFY\">De plus nous savons \u00e0 quoi est arrim\u00e9 le pouvoir des S\u00e9oud\u00a0; inf\u00e9od\u00e9 \u00e0 ceux qui les ont plac\u00e9s \u00e0 la t\u00eate de l\u2019Arabie. Or les imp\u00e9rialistes anglo-am\u00e9ricains, qui ont cr\u00e9\u00e9 de toutes pi\u00e8ces le pouvoir des S\u00e9oud, sont \u00e0 l\u2019article de la mort. Les USA doivent rembourser une colossale dette de plus de 14\u00a0000 milliards de dollars, quasiment tous les pays europ\u00e9ens doivent faire face \u00e0 des dettes publiques de plus 2000 milliards de dollars chacun. Ils sont \u00e0 deux doigts de la faillite, de la banqueroute. Quand ces pays imp\u00e9rialistes tomberont, je pronostiquerais une chute m\u00e9canique de toutes les t\u00eates couronn\u00e9es du Golfe, l\u2019Arabie Saoudite y compris.<\/p>\n<p align=\"JUSTIFY\"><strong>Merci beaucoup d&rsquo;avoir r\u00e9pondu \u00e0 ces quelques questions. <\/strong><\/p>\n<p align=\"JUSTIFY\"><strong>Rachid Guedjal<\/strong><\/p>\n<p align=\"JUSTIFY\"><strong>Algerienetwork<\/strong><\/p>\n","protected":false},"excerpt":{"rendered":"<p>R.G : C&rsquo;est un plaisir de te rencontrer Siddiq, et merci de nous avoir accord\u00e9 un peu de ton temps pour r\u00e9pondre \u00e0 quelques unes de nos interrogations. Peu de nos lecteurs te connaissent vraiment. Tu as \u00e9t\u00e9 beaucoup vu aux c\u00f4t\u00e9s de K\u00e9mi S\u00e9ba. Mais que dirais tu de nous pr\u00e9senter ton parcours et [&hellip;]<\/p>\n","protected":false},"author":1,"featured_media":2444,"comment_status":"open","ping_status":"open","sticky":false,"template":"","format":"standard","meta":{"tdm_status":"","tdm_grid_status":"","footnotes":""},"categories":[775],"tags":[],"class_list":{"0":"post-65","1":"post","2":"type-post","3":"status-publish","4":"format-standard","5":"has-post-thumbnail","7":"category-france"},"_links":{"self":[{"href":"https:\/\/algerienetwork.com\/algerie\/wp-json\/wp\/v2\/posts\/65","targetHints":{"allow":["GET"]}}],"collection":[{"href":"https:\/\/algerienetwork.com\/algerie\/wp-json\/wp\/v2\/posts"}],"about":[{"href":"https:\/\/algerienetwork.com\/algerie\/wp-json\/wp\/v2\/types\/post"}],"author":[{"embeddable":true,"href":"https:\/\/algerienetwork.com\/algerie\/wp-json\/wp\/v2\/users\/1"}],"replies":[{"embeddable":true,"href":"https:\/\/algerienetwork.com\/algerie\/wp-json\/wp\/v2\/comments?post=65"}],"version-history":[{"count":0,"href":"https:\/\/algerienetwork.com\/algerie\/wp-json\/wp\/v2\/posts\/65\/revisions"}],"wp:featuredmedia":[{"embeddable":true,"href":"https:\/\/algerienetwork.com\/algerie\/wp-json\/"}],"wp:attachment":[{"href":"https:\/\/algerienetwork.com\/algerie\/wp-json\/wp\/v2\/media?parent=65"}],"wp:term":[{"taxonomy":"category","embeddable":true,"href":"https:\/\/algerienetwork.com\/algerie\/wp-json\/wp\/v2\/categories?post=65"},{"taxonomy":"post_tag","embeddable":true,"href":"https:\/\/algerienetwork.com\/algerie\/wp-json\/wp\/v2\/tags?post=65"}],"curies":[{"name":"wp","href":"https:\/\/api.w.org\/{rel}","templated":true}]}}