{"id":6658,"date":"2014-02-04T12:34:07","date_gmt":"2014-02-04T12:34:07","guid":{"rendered":"http:\/\/algerienetwork.com\/algerie\/?p=6658"},"modified":"2014-02-04T12:34:07","modified_gmt":"2014-02-04T12:34:07","slug":"soufiane-djilali-candidat-a-la-presidentielle-debut-des-fausses-declarations-mensonges-et-manipulations","status":"publish","type":"post","link":"https:\/\/algerienetwork.com\/algerie\/soufiane-djilali-candidat-a-la-presidentielle-debut-des-fausses-declarations-mensonges-et-manipulations\/","title":{"rendered":"Soufiane Djilali, candidat \u00e0 la pr\u00e9sidentielle; D\u00e9but des fausses d\u00e9clarations, mensonges et manipulations !"},"content":{"rendered":"<p>Apr\u00e8s la campagne inavou\u00e9e du Premier ministre, et des multiples d\u00e9clarations de nombreux autres membres du gouvernement, ce samedi 01 f\u00e9vrier, un autre ministre, pr\u00e9sident d\u2019un parti politique, membre de la commission nationale pr\u00e9paratoire des \u00e9lections, a b\u00e9n\u00e9fici\u00e9 de 7 minutes de temps de parole en plein journal t\u00e9l\u00e9vis\u00e9 du 19h en langue fran\u00e7aise et du 20h en langue nationale pour faire la promotion de la candidature du Pr\u00e9sident de la R\u00e9publique en utilisant le mensonge, annon\u00e7ant que l\u2019op\u00e9ration de collecte de signatures pour Monsieur Bouteflika aurait \u00e9t\u00e9 entam\u00e9e.<\/p>\n<p>Or, ce matin m\u00eame, dimanche 02 f\u00e9vrier, Monsieur le Ministre de l\u2019int\u00e9rieur, a apport\u00e9 un d\u00e9menti cat\u00e9gorique quant au retrait des formulaires de signatures par M. Abdelaziz Bouteflika, d\u00e9montrant ainsi le grave d\u00e9rapage de Monsieur Ghoul et de l\u2019instrumentalisation du Pr\u00e9sident par son entourage.<\/p>\n<p>Par leurs multiples fausses d\u00e9clarations, mensonges et manipulations, r\u00e9percut\u00e9es longuement par la t\u00e9l\u00e9vision nationale, cens\u00e9e pourtant \u00eatre publique, Messieurs <span style=\"color: #993300;\"><strong>Amar Saadani, Amar Ghoul et Amara Benyoun\u00e8s<\/strong><\/span> et d\u2019autres ministres sont en train de porter atteinte au processus pr\u00e9-\u00e9lectoral, d\u00e9montrant ainsi \u00e0 l\u2019opinion publique que le trafic officiel a d\u2019ores et d\u00e9j\u00e0 d\u00e9marr\u00e9. Ces agissements ont pour but \u00e9vident de pr\u00e9parer l\u2019opinion publique par un matraquage syst\u00e9matique et un chantage malsain, \u00e0 l\u2019imposition par la force aux Alg\u00e9riens d\u2019un 4e mandat pour le Pr\u00e9sident, lui-m\u00eame pourtant silencieux sur la suite des \u00e9v\u00e9nements.<\/p>\n<p>En tant que candidat d\u00e9clar\u00e9 aux pr\u00e9sidentielles de 2014, je vous interpelle personnellement en tant que Pr\u00e9sident de la commission de supervision, et vous demande d\u2019assumer votre responsabilit\u00e9 sans faux fuyants ni complaisances auxquels nous ont malheureusement habitu\u00e9s les fonctionnaires d\u00e9sign\u00e9s et vous prie d\u2019intervenir pour mettre fin \u00e0 ce d\u00e9voiement des moyens de la R\u00e9publique par des ministres et des responsables de partis au pouvoir peu soucieux de morale et d\u2019\u00e9thique.<\/p>\n<p>Je vous prie, Monsieur le magistrat, Pr\u00e9sident de la commission de supervision des \u00e9lections, d\u2019accepter mes salutations distingu\u00e9es.<\/p>\n<p><strong>Soufiane Djilali<\/strong><\/p>\n","protected":false},"excerpt":{"rendered":"<p>Apr\u00e8s la campagne inavou\u00e9e du Premier ministre, et des multiples d\u00e9clarations de nombreux autres membres du gouvernement, ce samedi 01 f\u00e9vrier, un autre ministre, pr\u00e9sident d\u2019un parti politique, membre de la commission nationale pr\u00e9paratoire des \u00e9lections, a b\u00e9n\u00e9fici\u00e9 de 7 minutes de temps de parole en plein journal t\u00e9l\u00e9vis\u00e9 du 19h en langue fran\u00e7aise et [&hellip;]<\/p>\n","protected":false},"author":1,"featured_media":6660,"comment_status":"closed","ping_status":"closed","sticky":false,"template":"","format":"standard","meta":{"tdm_status":"","tdm_grid_status":"","footnotes":""},"categories":[1],"tags":[388],"class_list":{"0":"post-6658","1":"post","2":"type-post","3":"status-publish","4":"format-standard","5":"has-post-thumbnail","7":"category-uncategorized","8":"tag-presidentielles-algeriennes-de-2014"},"_links":{"self":[{"href":"https:\/\/algerienetwork.com\/algerie\/wp-json\/wp\/v2\/posts\/6658","targetHints":{"allow":["GET"]}}],"collection":[{"href":"https:\/\/algerienetwork.com\/algerie\/wp-json\/wp\/v2\/posts"}],"about":[{"href":"https:\/\/algerienetwork.com\/algerie\/wp-json\/wp\/v2\/types\/post"}],"author":[{"embeddable":true,"href":"https:\/\/algerienetwork.com\/algerie\/wp-json\/wp\/v2\/users\/1"}],"replies":[{"embeddable":true,"href":"https:\/\/algerienetwork.com\/algerie\/wp-json\/wp\/v2\/comments?post=6658"}],"version-history":[{"count":0,"href":"https:\/\/algerienetwork.com\/algerie\/wp-json\/wp\/v2\/posts\/6658\/revisions"}],"wp:featuredmedia":[{"embeddable":true,"href":"https:\/\/algerienetwork.com\/algerie\/wp-json\/"}],"wp:attachment":[{"href":"https:\/\/algerienetwork.com\/algerie\/wp-json\/wp\/v2\/media?parent=6658"}],"wp:term":[{"taxonomy":"category","embeddable":true,"href":"https:\/\/algerienetwork.com\/algerie\/wp-json\/wp\/v2\/categories?post=6658"},{"taxonomy":"post_tag","embeddable":true,"href":"https:\/\/algerienetwork.com\/algerie\/wp-json\/wp\/v2\/tags?post=6658"}],"curies":[{"name":"wp","href":"https:\/\/api.w.org\/{rel}","templated":true}]}}