{"id":1149,"date":"2013-06-12T20:28:13","date_gmt":"2013-06-12T20:28:13","guid":{"rendered":"https:\/\/algerienetwork.com\/blog\/?p=1149"},"modified":"2013-06-12T20:28:13","modified_gmt":"2013-06-12T20:28:13","slug":"erdogan-pacha-le-dernier-des-sultans-ottomans","status":"publish","type":"post","link":"https:\/\/algerienetwork.com\/blog\/erdogan-pacha-le-dernier-des-sultans-ottomans\/","title":{"rendered":"Erdogan Pacha, le dernier des sultans ottomans"},"content":{"rendered":"<p><a href=\"https:\/\/algerienetwork.com\/blog\/wp-content\/uploads\/2013\/06\/Erdogan-Pacha.jpg\"><img loading=\"lazy\" decoding=\"async\" class=\"alignleft size-thumbnail wp-image-1150\" alt=\"Erdogan Pacha\" src=\"https:\/\/algerienetwork.com\/blog\/wp-content\/uploads\/2013\/06\/Erdogan-Pacha-150x150.jpg\" width=\"150\" height=\"150\" \/><\/a><\/p>\n<p><b>G\u00e9n\u00e9ralit\u00e9s<\/b><\/p>\n<div>Lors d\u2019une r\u00e9ception au palais pr\u00e9sidentiel \u00e0 Damas, le 9 ao\u00fbt 2011, le chef de la diplomatie turque, Ahmet Davutoglu, adressa au pr\u00e9sident syrien, Bachar al-Assad, un message dur et ferme, et lui demanda de mettre fin \u00e0 la \u00ab\u00a0r\u00e9pression sanglante des manifestations pacifiques en Syrie\u00a0[1]\u00a0\u00bb avant qu\u2019il f\u00fbt trop tard.<\/div>\n<div><\/div>\n<div>En ce jour inoubliable, M. Davutoglu arriva \u00e0 Damas, apr\u00e8s avoir chevauch\u00e9 jours et nuits \u00e0 travers le plateau anatolien. Lors de son arriv\u00e9e aux murailles de la ville, il contourna les souks et les caravans\u00e9rails de l\u2019ancien quartier, et se pr\u00e9cipita rapidement vers Qasr al-Muhajerine \u2013 le palais pr\u00e9sidentiel \u2013 entour\u00e9 de fleurs d\u2019acacia et de gard\u00e9nia. Sans laisser s\u00e9cher la sueur qui perlait sur son front ni repousser la poussi\u00e8re qui couvrait sa poulaine\u00a0[2] ;\u00a0il s\u2019appuya sur le b\u00e2ton et le gant de Charlemagne\u00a0[3], et se tint debout devant Assad, comme Ganelon\u00a0[4]\u00a0devant Marsile\u00a0[5]\u00a0; et plein d\u2019arrogance, il commen\u00e7a son discours en tant que messager de la Sainte-Alliance arabo-atlantique.<\/div>\n<div><\/div>\n<div>En effet, Ahmet Davutoglu fut arriv\u00e9 \u00e0 la capitale des Omeyyades\u00a0porteur d&rsquo;un message \u00abd\u00e9termin\u00e9\u00bb, selon l\u2019expression du premier ministre turc, Recep Tayyip Erdogan ;\u00a0M. Davutoglu fut envoy\u00e9 par la Sainte-Alliance pour livrer au pr\u00e9sident syrien Assad un message occidental, mis dans une enveloppe arabique et pay\u00e9 en timbres turcs issus de la PTT (<i>posta ve telgraf te\u015fkilat\u0131<\/i>)\u00a0[6].<\/div>\n<div><\/div>\n<div><\/div>\n<div><b>Au d\u00e9but de la guerre imp\u00e9rialiste contre la Syrie<\/b><\/div>\n<div>Il suffit de faire ici le parall\u00e8le avec les d\u00e9clarations des chefs atlantiques et arabiques, de la m\u00eame p\u00e9riode, pour savoir \u00e0 quel point la Turquie \u00e9tait impliqu\u00e9e, d\u00e8s le d\u00e9but, dans la guerre contre la Syrie. La preuve en est que lors de sa rencontre avec le pr\u00e9sident Assad, M. Davutoglu d\u00e9clara que la Turquie ne pourrait pas rester spectatrice\u00a0face \u00e0 des \u00e9v\u00e9nements survenant dans un pays avec lequel elle partageait\u00a0une fronti\u00e8re d\u2019environ 900 km, des liens historiques, culturels et familiaux\u00a0[7]. Il ajouta aussi que le message d\u2019Ankara serait d\u00e9sormais plus strict, plus fort et plus clair ; la Turquie se tenait au bout de sa patience, ajouta-t-il\u00a0[8].<\/div>\n<div><\/div>\n<div>Le soir m\u00eame, la secr\u00e9taire d\u2019\u00c9tat des \u00c9tats-Unis, Hillary Clinton, demanda \u00e0 M. Davutoglu de dire au pr\u00e9sident Assad qu\u2019il d\u00fbt \u00ab\u00a0renvoyer ses soldats dans leurs casernes\u00a0\u00bb\u00a0[9].<b>\u00a0<\/b>De son c\u00f4t\u00e9, l\u2019Union europ\u00e9enne envisagea de nouvelles sanctions. Le service diplomatique europ\u00e9en fut charg\u00e9 de pr\u00e9parer une liste d\u2019options pour aller au-del\u00e0 de ce qui \u00e9tait en vigueur\u00a0[10]\u00a0; et la France, qui dissimulait une rancune de nature colonialiste envers la Syrie,\u00a0 se pronon\u00e7a pour la mise en \u0153uvre d&rsquo;une transition du pouvoir : \u00ab\u00a0 le temps de l\u2019impunit\u00e9 est r\u00e9volu pour les autorit\u00e9s syriennes\u00a0\u00bb, indiqua Christine Fages, alors porte-parole ajointe du minist\u00e8re des Affaires \u00e9trang\u00e8res\u00a0[11].<b><\/b><\/div>\n<div><\/div>\n<div>Il est \u00e0 noter ici que les \u00e9mirs et sultans arabiques, crainte de rater l\u2019ouvre-bouche\u00a0[12], exhort\u00e8rent la Syrie \u00e0 mettre fin \u00e0 l&rsquo;\u00a0\u00ab\u00a0effusion de sang\u00a0\u00bb. Le roi Abdallah d&rsquo;Arabie saoudite d\u00e9clara que la Syrie n&rsquo;avait que deux choix pour son avenir : \u00ab\u00a0opter volontairement pour la sagesse ou s&rsquo;enliser dans le chaos et la violence\u00a0\u00bb, r\u00e9suma-t-il dans un communiqu\u00e9 au ton inhabituellement s\u00e9v\u00e8re \u00e0 l&rsquo;\u00e9gard de l\u2019\u00c9tat syrien. De son c\u00f4t\u00e9, le chef de la diplomatie kowe\u00eftienne, cheikh Mohammed Al-Sabah, rendit hommage \u00e0 la d\u00e9cision similaire de l&rsquo;Arabie saoudite. Plus tard, l\u2019\u00c9tat du Bahre\u00efn se joignit au festin et prit part du R\u00f4t\u00a0[13]\u00a0: \u00ab\u00a0Bahre\u00efn a d\u00e9cid\u00e9 de rappeler son ambassadeur \u00e0 Damas pour consultation et appelle \u00e0 la sagesse en Syrie\u00a0\u00bb, d\u00e9clara le ministre des Affaires \u00e9trang\u00e8res bahre\u00efni, cheikh Khaled Ben Ahmad Al-Khalifa\u00a0[14]. En effet, ces \u00e9mirs et sultans arabiques, ces despotes et tyrans des monarchies absolues du monde arabe, se pr\u00e9cipit\u00e8rent au festin Faisan\u00a0[15]\u00a0de l\u2019Union europ\u00e9enne, non seulement pour c\u00e9l\u00e9brer le d\u00e9clenchement de la guerre imp\u00e9rialiste contre la Syrie, mais aussi pour mettre de l\u2019huile sur le feu de la haine religieuse envers les minorit\u00e9s musulmanes h\u00e9t\u00e9rodoxes partout dans le monde musulman.<\/div>\n<div><\/div>\n<div>En d\u00e9pit des menaces directes et sous entendues, la Syrie rejeta l\u2019ultimatum de la Sainte-Alliance ; et la conseill\u00e8re politique du pr\u00e9sident syrien, la Dr. Bouthaina Shaaban,\u00a0pr\u00e9vint que le diplomate [turc] devrait s&rsquo;attendre \u00e0 un accueil glacial et\u00a0que la Syrie serait pr\u00eate \u00e0 livrer \u00e0 Ankara un message encore plus ferme que celui de M. Davutoglu, rejetant ainsi l\u2019ultimatum\u00a0:<\/div>\n<div>Si [&#8230;] Davutoglu vient d\u00e9livrer un message d\u00e9termin\u00e9 \u00e0 la Syrie, alors il entendra des propos encore plus d\u00e9termin\u00e9s concernant la position de la Turquie. La Turquie n&rsquo;a toujours pas condamn\u00e9 les meurtres sauvages de civils et de soldats par les groupes terroristes arm\u00e9s, a-t-il dit \u00e0 l&rsquo;agence SANA\u00a0[16].<\/div>\n<div><\/div>\n<div>Suite au rejet de l\u2019ultimatum par l\u2019\u00c9tat syrien, la guerre imp\u00e9rialiste contre la Syrie fut d\u00e9clench\u00e9e, et les ing\u00e9rences \u00e9trang\u00e8res prirent une ligne ascendante.<\/div>\n<div><\/div>\n<div>M. Davutoglu retourna \u00e0 Ankara portant d\u00e9\u00e7u et \u00e9chou\u00e9 de \u00ab\u00a0faire peur\u00a0\u00bb au pr\u00e9sident syrien Assad, et ses menaces furent emport\u00e9es par le vent ; la Syrie eut d\u00e9j\u00e0 prit une d\u00e9cision ferme et d\u00e9termin\u00e9e\u00a0: r\u00e9sister, confronter et mener le pays vers une victoire d\u00e9cisive, malgr\u00e9 le taux \u00e9lev\u00e9 des sacrifices.<\/div>\n<div><\/div>\n<div>En r\u00e9action \u00e0 la d\u00e9cision de l\u2019\u00c9tat syrien, la Sainte-Alliance d\u00e9cida d\u2019enlever le masque et de montrer son visage effrayant : ou Assad d\u00e9missionne ou la Syrie sera d\u00e9truite compl\u00e8tement. Ainsi, des opposants pr\u00e9tendus se furent r\u00e9unis \u00e0 Istanbul dans le but de cr\u00e9er un front uni contre l\u2019\u00c9tat syrien ; le lendemain, le mis\u00e9rable Conseil national syrien (CNS) naquit, pr\u00e9sid\u00e9 alors par un universitaire bas\u00e9 \u00e0 Paris, monsieur Burhan Ghalioun\u00a0[17].<\/div>\n<div><\/div>\n<div>Deux jours plus tard, le 4 octobre 2011, la cr\u00e9ation \u00a0du CNS fut suivie d\u2019un projet de r\u00e9solution au Conseil de s\u00e9curit\u00e9 de l\u2019ONU condamnant la Syrie, mais qui fut oppos\u00e9 par un double veto russe et chinois. Moscou s\u2019opposa \u00e0 \u00ab l&rsquo;approche d&rsquo;affrontement \u00bb qui irait \u00ab \u00e0 l&rsquo;encontre d&rsquo;un r\u00e8glement pacifique de la crise \u00bb, tandis que P\u00e9kin rejeta l&rsquo;\u00ab ing\u00e9rence dans les affaires int\u00e9rieures \u00bb d&rsquo;un pays\u00a0[18].<\/div>\n<div><\/div>\n<div>Nous \u00e9tions encore au d\u00e9but de la guerre imp\u00e9rialiste contre la Syrie.<\/div>\n<div><\/div>\n<div><\/div>\n<div><b>Erdogan Pacha\u00a0: le sceau du califat ottoman<\/b><\/div>\n<div>Tout ce que nous avons mentionn\u00e9 ci-devant appartient d\u2019ores et d\u00e9j\u00e0 \u00e0 l\u2019histoire ; l\u2019\u00c9tat syrien n\u2019a pas seulement r\u00e9sist\u00e9 face \u00e0 la guerre imp\u00e9rialiste la plus atroce du si\u00e8cle, mais son arm\u00e9e m\u00e8ne des victoires d\u00e9cisives sur le terrain contre des vagues de \u00ab\u00a0nouveaux Mongols\u00a0\u00bb qui avaient envahi le territoire syrien par la gr\u00e2ce et la b\u00e9n\u00e9diction du calife d\u2019Istanbul, Erdogan Pacha.<\/div>\n<div><\/div>\n<div>Pourtant, aujourd\u2019hui Erdogan n\u2019est plus un\u00a0<i>sadrazam\u00a0<\/i>[19]<i>,<\/i>\u00a0ni Davutoglu un\u00a0<i>reis efendi\u00a0<\/i>[20]<i>.\u00a0<\/i>\u00c0 la deuxi\u00e8me semaine d\u2019un mouvement de contestation sans pr\u00e9c\u00e9dent, les forces d\u00e9mocratiques turques apprennent leurs pr\u00e9paratifs ; elles continuent \u00e0 se pr\u00e9cipiter vers les places publiques et \u00e0 crier leur ras-le-bol contre le gouvernement Erdogan. Les manifestants sont des militants de la soci\u00e9t\u00e9 civile, des \u00e9l\u00e8ves, des \u00e9tudiants, des sans-emplois, des partisans de l&rsquo;opposition de gauche et de l&rsquo;extr\u00eame gauche ainsi que des \u00e9cologistes. Leurs revendications : d&rsquo;abord l&rsquo;abandon par le gouvernement d&rsquo;un projet immobilier sur la place Taksim, \u00e9picentre de l&rsquo;actuel soul\u00e8vement \u00e0 Istanbul et symbole historique de la r\u00e9publique et du la\u00efcisme turcs. Un projet qui pr\u00e9voit notamment la construction d\u2019une mosqu\u00e9e et d&rsquo;un gigantesque centre commercial. Cependant, l&rsquo;opposition \u00e0 ce projet n&rsquo;est qu&rsquo;un pr\u00e9texte pour de nombreux Turcs pour faire entendre leur frustration vis-\u00e0-vis les limitations des libert\u00e9s publiques et les politiques anti-d\u00e9mocratiques de l&rsquo;AKP, le parti au pouvoir.<\/div>\n<div><\/div>\n<div>Sur un autre plan, il faut mentionner ici l\u2019article publi\u00e9 cette semaine dans le magazine britannique\u00a0<i>The Economist<\/i>, traitant des derniers \u00e9v\u00e9nements \u00e0 la place Taksim \u00e0 Istanbul. L\u2019int\u00e9r\u00eat que pr\u00e9sente un tel article ne se trouve pas certainement dans son contenu \u2013 un contenu qui ne rompt pas, \u00e9videmment, avec le discours occidental \u00ab\u00a0classique\u00a0\u00bb sur l\u2019Orient et les Orientaux \u2013, ni dans l\u2019approche que l\u2019auteur suit, mais bien plut\u00f4t dans le titre qu\u2019il porte \u00ab\u00a0<i>Turkey\u2019s troubles\u00a0: Democrat or Sultan ?<\/i>\u00a0\u00bb\u00a0[21]\u00a0ainsi que dans le montage du portrait du sultan ottoman Selim III avec la t\u00eate du premier ministre turc M. Erdogan.<\/div>\n<div><\/div>\n<div>Tout tourne autour du point suivant\u00a0: pour que le magazine\u00a0<i>The Economist<\/i>\u00a0\u2013 un magazine monopole li\u00e9 certainement aux centres de pouvoir imp\u00e9rialistes \u2013 publie un tel article avec un tel titre et une telle photo, prenant en critique un alli\u00e9 le plus fid\u00e8le \u00e0 la Sainte-Alliance dans sa guerre contre la Syrie, il devrait avoir une bonne raison. Or, cette \u00ab\u00a0bonne\u00a0\u00bb raison ne se trouve n\u00e9cessairement pas dans les paragraphes de l&rsquo;article ni dans le discours qu\u2019il propage \u00e0 propos de la d\u00e9mocratie. Autrement dit, l\u2019impression cr\u00e9\u00e9e au moment de la lecture de l\u2019article mentionn\u00e9 ci-dessus est la suivante\u00a0: Erdogan Pacha est en train d\u2019abuser la d\u00e9mocratie, et le magazine\u00a0<i>The Economist<\/i>\u00a0l\u2019avertit ; tout simplement ! Malheureusement, une telle lecture fait partie de ce que l\u2019on appelle \u00ab\u00a0le degr\u00e9 z\u00e9ro de l\u2019esprit critique\u00a0\u00bb voire \u00ab\u00a0le stade supr\u00eame de la na\u00efvet\u00e9 politique\u00a0\u00bb. Certainement, la raison pour laquelle cet article appara\u00eet dans\u00a0<i>The Economist<\/i>\u00a0\u00e0 ce moment pr\u00e9cis se trouve ailleurs ; surtout quand on sait que ce n\u2019est pas la premi\u00e8re fois, pendant les 10 ans de mandat, que M. Erdogan \u00ab\u00a0abuse\u00a0\u00bb la d\u00e9mocratie dans son pays ; ni la premi\u00e8re fois non plus qu\u2019il met de l\u2019huile sur le feu de la haine chauviniste et religieuse contre les groupes ethniques et religieux de la Turquie, tels que les Kurdes, les Arm\u00e9niens et les alaouites, sans qu\u2019il soit prot\u00e9g\u00e9 et couvert par le silence des m\u00e9dias monopoles, qui jouaient, jusqu\u2019\u00e0 la veille, l\u2019aveugle, le sourd et le muet face aux pratiques hostiles du monsieur Erdogan.<\/div>\n<div><\/div>\n<div>Pour rappel, monsieur Erdogan et son ministre des Affaires \u00e9trang\u00e8res M. Davutoglu se pr\u00e9sentent en tant que fer de lance de la guerre imp\u00e9rialiste contre la Syrie ; et pendant deux ans et quelque, ils prononcent un discours \u00ab\u00a0surprenant\u00a0\u00bb sur les droits de l\u2019homme, la d\u00e9mocratie, la libert\u00e9, la justice, la tol\u00e9rance ; promettant ainsi aux peuples des \u00ab\u00a0anciennes provinces\u00a0arabes\u00a0\u00bb de l\u2019Empire ottoman une nouvelle \u00e8re de lumi\u00e8re, de justice et de prosp\u00e9rit\u00e9, jusqu\u2019au point o\u00f9 nous aurions cru voir Voltaire et Montesquieu \u2013 que la paix soit sur leurs noms \u2013 s\u2019adressant aux masses arabes en personnes d\u2019Erdogan et de\u00a0<i>reis efendi<\/i>Davutoglu.<\/div>\n<div><\/div>\n<div>\u00c0 plus forte raison, la parution d\u2019un tel article dans le magazine\u00a0<i>The Economist<\/i>\u00a0doit \u00eatre lu dans le contexte des victoires d\u00e9cisives que m\u00e8ne l\u2019arm\u00e9e arabe syrienne sur le terrain contre les groupes takfiris, qui prennent des r\u00e9gions turques frontali\u00e8res avec la Syrie un arri\u00e8re-front. Autrement dit, il faut bien dire que les centres de pouvoir imp\u00e9rialistes ne connaissent pas d\u2019amis permanents ni d\u2019ennemis permanents, mais bien plut\u00f4t d\u2019int\u00e9r\u00eats permanents ; et qu\u2019apr\u00e8s deux ans et quelque de guerre imp\u00e9rialiste contre la Syrie, dont les \u00ab\u00a0joueurs\u00a0\u00bb principaux \u00e9taient jusqu&rsquo;\u00e0 la veille le\u00a0<i>sadrazam<\/i>\u00a0M. Erdogan et son\u00a0<i>reis efendi<\/i>\u00a0M. Davutoglu, la Sainte-Alliance a \u00e9chou\u00e9 \u00e0 renverser le r\u00e9gime du pr\u00e9sident Assad, malgr\u00e9 les chiffres catastrophiques des pertes mat\u00e9rielles et humaines, malgr\u00e9 aussi le recours \u00e0 tous les Centaures\u00a0[22]\u00a0et les Minotaures\u00a0[23]\u00a0de Had\u00e8s. Ce qui revient \u00e0 dire que les puissances imp\u00e9rialistes cherchent d\u00e9sormais \u00e0 remplacer M. Erdogan, qui vient de recevoir la \u00ab\u00a0carte rouge\u00a0\u00bb, par un autre \u00ab\u00a0joueur\u00a0\u00bb turc, qui serait pr\u00eat \u00e0 courir, comme un Maradona, dans le stade d\u2019un certain compromis international pr\u00e9vu sur la Syrie entre Moscou et Washington.<\/div>\n<div><\/div>\n<div><\/div>\n<div><b>Le peuple turc demande le d\u00e9part d\u2019Erdogan<\/b><\/div>\n<div>Il y a un an et demi, pr\u00e9cis\u00e9ment le 22 novembre 2011, M. Erdogan, avait exhort\u00e9 le pr\u00e9sident syrien Bachar al-Assad \u00e0 quitter le pouvoir afin de \u00ab\u00a0pr\u00e9venir davantage d\u2019effusion de sang\u00a0\u00bb dans le pays\u00a0: \u00ab\u00a0Pour le salut de ton peuple, de ton pays et de la r\u00e9gion, quitte d\u00e9sormais le pouvoir\u00a0\u00bb, a-il d\u00e9clar\u00e9 au Parlement devant le groupe parlementaire de son parti de la justice et du d\u00e9veloppement, AKP\u00a0[24].<\/div>\n<div><\/div>\n<div>Or, dix-huit mois plus tard, aujourd&rsquo;hui sur la place Taksim et dans le parc Gezi \u00e0 Istanbul, \u00a0des milliers de militants turcs de la soci\u00e9t\u00e9 civile et des forces d\u00e9mocratiques, qui sont ensuite descendus chaque jour dans les rues de tout le pays, r\u00e9clament maintenant la d\u00e9mission du premier ministre, Recep Tayyip Erdogan, qu&rsquo;ils accusent de diriger un gouvernement conservateur qui tente d&rsquo;islamiser le pays et de r\u00e9duire la port\u00e9e de la d\u00e9mocratie et de la la\u00efcit\u00e9.<\/div>\n<div><\/div>\n<div><\/div>\n<div><b>Dans la plaine avec les Douze<\/b><\/div>\n<div>Ainsi, J\u00e9sus descendit de la montagne avec les douze Ap\u00f4tres et s&rsquo;arr\u00eata dans la plaine. Il y avait l\u00e0 un grand nombre de ses disciples, et une foule de gens venus de toute la Jud\u00e9e, de J\u00e9rusalem, et du littoral de Tyr et de Sidon (\u2026) Regardant alors ses disciples, J\u00e9sus dit : \u00ab Qu&rsquo;as-tu \u00e0 regarder la paille dans l&rsquo;\u0153il de ton fr\u00e8re, alors que la poutre qui est dans ton \u0153il \u00e0 toi, tu ne la remarques pas ?\u00a0Pourquoi vois-tu la paille qui est dans l&rsquo;\u0153il de ton fr\u00e8re et n&rsquo;aper\u00e7ois-tu pas la poutre qui est dans ton \u0153il \u00e0 toi ! Ou comment peux-tu dire \u00e0 ton fr\u00e8re : Fr\u00e8re, laisse-moi \u00f4ter la paille qui est dans ton \u0153il, toi qui ne vois pas la poutre qui est dans le tien ? Hypocrite, \u00f4te premi\u00e8rement la poutre de ton \u0153il, et alors tu verras comment \u00f4ter la paille qui est dans l&rsquo;\u0153il de ton fr\u00e8re \u00bb\u00a0[25].<\/div>\n<div><\/div>\n<div><strong>Fida Dakroub, Ph.D<\/strong><\/div>\n<div><\/div>\n<div><em>Blog officiel de l\u2019auteur :\u00a0<a href=\"http:\/\/www.fidadakroub.net\/\" target=\"_blank\" rel=\"nofollow\">www.fidadakroub.net<\/a><\/em><\/div>\n<div><b>Notes<\/b><\/div>\n<div>\n<div>\n<div><a title=\"\" href=\"http:\/\/www.fidadakroub.net\/2013\/06\/erdogan-pacha-le-dernier-des-sultans.html\" name=\"13f3a022755fe800__edn1\">[1]<\/a>\u00a0<i>Today\u2019s Zaman<\/i>. (8 ao\u00fbt 2011). \u201cDavuto\u011flu to deliver harsh message to Damascus\u201d.\u00a0R\u00e9cup\u00e9r\u00e9 le 08 ao\u00fbt 2012 de<\/div>\n<div><a href=\"http:\/\/www.todayszaman.com\/news-253150-davutoglu-to-deliver-harsh-message-to-damascus.html\" target=\"_blank\">http:\/\/www.todayszaman.com\/<wbr \/>news-253150-davutoglu-to-<wbr \/>deliver-harsh-message-to-<wbr \/>damascus.html<\/a><\/div>\n<\/div>\n<div>\n<div><a title=\"\" href=\"http:\/\/www.fidadakroub.net\/2013\/06\/erdogan-pacha-le-dernier-des-sultans.html\" name=\"13f3a022755fe800__edn2\">[2]<\/a>\u00a0La poulaine est une chaussure du Moyen \u00c2ge (XIVe si\u00e8cle) allong\u00e9e, \u00e0 l&rsquo;extr\u00e9mit\u00e9 pointue mesurant jusqu&rsquo;\u00e0 50 cm, g\u00e9n\u00e9ralement relev\u00e9e. Plus l&rsquo;on appartenait \u00e0 une classe sociale \u00e9lev\u00e9e, plus la pointe \u00e9tait longue. Pour les rois, la taille de l&rsquo;extr\u00e9mit\u00e9 pouvait \u00eatre aussi grande que voulu. Le bout est rembourr\u00e9 de mousse ou chanvre pour la rigidit\u00e9 de la pointe.<\/div>\n<\/div>\n<div>\n<div><a title=\"\" href=\"http:\/\/www.fidadakroub.net\/2013\/06\/erdogan-pacha-le-dernier-des-sultans.html\" name=\"13f3a022755fe800__edn3\">[3]<\/a>\u00a0Dans \u00ab\u00a0<i>La Chanson de Roland<\/i>\u00a0\u00bb, le b\u00e2ton et le gant de l\u2019empereur Charlemagne signifient le pouvoir conf\u00e9r\u00e9 au messager.<\/div>\n<\/div>\n<div>\n<div><a title=\"\" href=\"http:\/\/www.fidadakroub.net\/2013\/06\/erdogan-pacha-le-dernier-des-sultans.html\" name=\"13f3a022755fe800__edn4\">[4]<\/a>\u00a0Personnage litt\u00e9raire de \u00ab\u00a0<i>La Chanson de Roland\u00a0\u00bb<\/i>, Ganelon est le fils de Griffon, comte d&rsquo;Hautefeuille. Il est le beau-p\u00e8re de Roland. Il est le messager de Charlemagne au roi de Saragosse. Pourtant, c\u2019est lui qui trahit Roland en le mettant \u00e0 l&rsquo;arri\u00e8re-garde qui devait se faire attaquer par les sarrasins. Pour cette raison il est d&rsquo;une certaine mani\u00e8re devenu, dans la tradition fran\u00e7aise, l&rsquo;arch\u00e9type du f\u00e9lon ou du tra\u00eetre.<\/div>\n<\/div>\n<div>\n<div><a title=\"\" href=\"http:\/\/www.fidadakroub.net\/2013\/06\/erdogan-pacha-le-dernier-des-sultans.html\" name=\"13f3a022755fe800__edn5\">[5]<\/a>\u00a0Marsile est le nom d&rsquo;un personnage l\u00e9gendaire figurant dans \u00ab\u00a0<i>La Chanson de Roland<\/i>\u00a0\u00bb ou \u00ab\u00a0<i>La Chanson de Roncevaux<\/i>\u00a0\u00bb. Il est le roi sarrasin de Saragosse et ennemi de Charlemagne.<\/div>\n<\/div>\n<div>\n<div><a title=\"\" href=\"http:\/\/www.fidadakroub.net\/2013\/06\/erdogan-pacha-le-dernier-des-sultans.html\" name=\"13f3a022755fe800__edn6\">[6]<\/a>\u00a0Abr\u00e9viation turque de \u00ab\u00a0Posta ve Telgraf Te\u015fkilat\u0131 Genel M\u00fcd\u00fcrl\u00fc\u011f\u00fc \u00bb ou La Direction g\u00e9n\u00e9rale des postes et des t\u00e9l\u00e9communications turques.<\/div>\n<\/div>\n<div>\n<div><a title=\"\" href=\"http:\/\/www.fidadakroub.net\/2013\/06\/erdogan-pacha-le-dernier-des-sultans.html\" name=\"13f3a022755fe800__edn7\">[7]<\/a>\u00a0<i>Le Point<\/i>. ( 9 ao\u00fbt 2011) Syrie: le chef de la diplomatie turque arriv\u00e9 \u00e0 Damas avec un message ferme pour Assad. R\u00e9cup\u00e9r\u00e9 le 18 ao\u00fbt 2012 de<\/div>\n<div><a href=\"http:\/\/www.lepoint.fr\/monde\/syrie-le-chef-de-la-diplomatie-turque-arrive-a-damas-avec-un-message-ferme-pour-assad-09-08-2011-1361030_24.php\" target=\"_blank\">http:\/\/www.lepoint.fr\/monde\/<wbr \/>syrie-le-chef-de-la-<wbr \/>diplomatie-turque-arrive-a-<wbr \/>damas-avec-un-message-ferme-<wbr \/>pour-assad-09-08-2011-1361030_<wbr \/>24.php<\/a><\/div>\n<\/div>\n<div>\n<div><a title=\"\" href=\"http:\/\/www.fidadakroub.net\/2013\/06\/erdogan-pacha-le-dernier-des-sultans.html\" name=\"13f3a022755fe800__edn8\">[8]<\/a>\u00a0Today\u2019s Zaman,\u00a0<i>loc. cit.<\/i><\/div>\n<\/div>\n<div>\n<div><a title=\"\" href=\"http:\/\/www.fidadakroub.net\/2013\/06\/erdogan-pacha-le-dernier-des-sultans.html\" name=\"13f3a022755fe800__edn9\">[9]<\/a>\u00a0<i>Le Monde<\/i>. (8 ao\u00fbt 2012). Le pr\u00e9sident syrien de plus en plus isol\u00e9 apr\u00e8s le rappel d&rsquo;ambassadeurs de pays arabes. R\u00e9cup\u00e9r\u00e9 le 27 ao\u00fbt 2012 de<\/div>\n<div><a href=\"http:\/\/www.lemonde.fr\/proche-orient\/article\/2011\/08\/08\/l-arabie-saoudite-rappelle-son-ambassadeur-en-syrie-et-critique-le-regime_1557154_3218.html\" target=\"_blank\">http:\/\/www.lemonde.fr\/proche-<wbr \/>orient\/article\/2011\/08\/08\/l-<wbr \/>arabie-saoudite-rappelle-son-<wbr \/>ambassadeur-en-syrie-et-<wbr \/>critique-le-regime_1557154_<wbr \/>3218.html<\/a><\/div>\n<\/div>\n<div>\n<div><a title=\"\" href=\"http:\/\/www.fidadakroub.net\/2013\/06\/erdogan-pacha-le-dernier-des-sultans.html\" name=\"13f3a022755fe800__edn10\">[10]<\/a>\u00a0<i>loc.cit.<\/i><\/div>\n<\/div>\n<div>\n<div><a title=\"\" href=\"http:\/\/www.fidadakroub.net\/2013\/06\/erdogan-pacha-le-dernier-des-sultans.html\" name=\"13f3a022755fe800__edn11\">[11]<\/a>\u00a0<i>loc.cit.<\/i><\/div>\n<\/div>\n<div>\n<div><a title=\"\" href=\"http:\/\/www.fidadakroub.net\/2013\/06\/erdogan-pacha-le-dernier-des-sultans.html\" name=\"13f3a022755fe800__edn12\">[12]<\/a>\u00a0Au Moyen-\u00e2ge, le banquet commence par des salades ou des fruits frais de saison afin de pr\u00e9parer l&rsquo;estomac \u00e0 recevoir des plats plus riches.<\/div>\n<\/div>\n<div>\n<div><a title=\"\" href=\"http:\/\/www.fidadakroub.net\/2013\/06\/erdogan-pacha-le-dernier-des-sultans.html\" name=\"13f3a022755fe800__edn13\">[13]<\/a>\u00a0Au Moyen-\u00e2ge, le banquet comprenait aussi \u00ab\u00a0le R\u00f4t\u00a0\u00bb, un plat principal qui se composait de viandes r\u00f4tis accompagn\u00e9es de sauces diverses.<\/div>\n<\/div>\n<div>\n<div><a title=\"\" href=\"http:\/\/www.fidadakroub.net\/2013\/06\/erdogan-pacha-le-dernier-des-sultans.html\" name=\"13f3a022755fe800__edn14\">[14]<\/a>\u00a0<i>Le Monde<\/i>. (8 ao\u00fbt 2012).\u00a0<i>loc. cit.<\/i><\/div>\n<\/div>\n<div>\n<div><a title=\"\" href=\"http:\/\/www.fidadakroub.net\/2013\/06\/erdogan-pacha-le-dernier-des-sultans.html\" name=\"13f3a022755fe800__edn15\">[15]<\/a>\u00a0La cour de Bourgogne d\u00e9veloppa une \u00e9tiquette de la table sans pr\u00e9c\u00e9dent par son raffinement et sa ritualisation. Elle fit de chaque banquet un spectacle permanent. Le plus c\u00e9l\u00e8bre, auquel assist\u00e8rent d&rsquo;ailleurs des centaines de convives et de spectateurs, \u00e9tait le banquet du Faisan, tenu \u00e0 Lille en 1454.<\/div>\n<\/div>\n<div>\n<div><a title=\"\" href=\"http:\/\/www.fidadakroub.net\/2013\/06\/erdogan-pacha-le-dernier-des-sultans.html\" name=\"13f3a022755fe800__edn16\">[16]<\/a>\u00a0<i>Le Devoir<\/i>. (8 ao\u00fbt 2011). Damas passe de nouveau \u00e0 l&rsquo;attaque. R\u00e9cup\u00e9r\u00e9 le 18 ao\u00fbt 2012 de<\/div>\n<div><a href=\"http:\/\/www.ledevoir.com\/international\/actualites-internationales\/328916\/damas-passe-de-nouveau-a-l-attaque\" target=\"_blank\">http:\/\/www.ledevoir.com\/<wbr \/>international\/actualites-<wbr \/>internationales\/328916\/damas-<wbr \/>passe-de-nouveau-a-l-attaque<\/a><\/div>\n<\/div>\n<div>\n<div><a title=\"\" href=\"http:\/\/www.fidadakroub.net\/2013\/06\/erdogan-pacha-le-dernier-des-sultans.html\" name=\"13f3a022755fe800__edn17\">[17]<\/a><i>Le Devoir<\/i>. (4 octobre 2011). Mabrouk ! &#8211; Syrie : euphorie et \u00e9motion accueillent la cr\u00e9ation du Conseil national. R\u00e9cup\u00e9r\u00e9 le 18 ao\u00fbt 2012 de<\/div>\n<div>\u00a0<a href=\"http:\/\/www.ledevoir.com\/international\/actualites-internationales\/332818\/mabrouk-syrie-euphorie-et-emotion-accueillent-la-creation-du-conseil-national\" target=\"_blank\">http:\/\/www.ledevoir.com\/<wbr \/>international\/actualites-<wbr \/>internationales\/332818\/<wbr \/>mabrouk-syrie-euphorie-et-<wbr \/>emotion-accueillent-la-<wbr \/>creation-du-conseil-national<\/a><\/div>\n<\/div>\n<div>\n<div><a title=\"\" href=\"http:\/\/www.fidadakroub.net\/2013\/06\/erdogan-pacha-le-dernier-des-sultans.html\" name=\"13f3a022755fe800__edn18\">[18]<\/a>\u00a0<i>Radio Canada<\/i>. (5 octobre 2011). R\u00e9solution de l&rsquo;ONU sur la Syrie : le veto sino-russe critiqu\u00e9 par l&rsquo;opposition, applaudi par Damas. R\u00e9cup\u00e9r\u00e9 le 21 ao\u00fbt 2012 de<\/div>\n<div><a href=\"http:\/\/www.radio-canada.ca\/nouvelles\/International\/2011\/10\/05\/004-syrie_resolution_onu-critiques-veto_russie_chine.shtml\" target=\"_blank\">http:\/\/www.radio-canada.ca\/<wbr \/>nouvelles\/International\/2011\/<wbr \/>10\/05\/004-syrie_resolution_<wbr \/>onu-critiques-veto_russie_<wbr \/>chine.shtml<\/a><\/div>\n<\/div>\n<div>\n<div><a title=\"\" href=\"http:\/\/www.fidadakroub.net\/2013\/06\/erdogan-pacha-le-dernier-des-sultans.html\" name=\"13f3a022755fe800__edn19\">[19]<\/a>\u00a0Le\u00a0<i>sadrazam<\/i>\u00a0ou le\u00a0<b>grand vizir\u00a0<\/b>\u00e9tait le premier ministre de l&rsquo;Empire ottoman.<\/div>\n<\/div>\n<div>\n<div><a title=\"\" href=\"http:\/\/www.fidadakroub.net\/2013\/06\/erdogan-pacha-le-dernier-des-sultans.html\" name=\"13f3a022755fe800__edn20\">[20]<\/a>\u00a0Le\u00a0<i>reis efendi<\/i>\u00a0\u00e9tait le ministre des Affaires \u00e9trang\u00e8res de l\u2019Empire ottoman.<\/div>\n<\/div>\n<div>\n<div><a title=\"\" href=\"http:\/\/www.fidadakroub.net\/2013\/06\/erdogan-pacha-le-dernier-des-sultans.html\" name=\"13f3a022755fe800__edn21\">[21]<\/a>\u00a0<i>The Economist<\/i>. (8 juin 2013). \u201cTurkey&rsquo;s troubles.\u00a0Democrat or sultan?\u201d.\u00a0 R\u00e9cup\u00e9r\u00e9 le 10 juin 2013 de<\/div>\n<div><a href=\"http:\/\/www.economist.com\/news\/leaders\/21579004-recep-tayyip-erdogan-should-heed-turkeys-street-protesters-not-dismiss-them-democrat-or-sultan\" target=\"_blank\">http:\/\/www.economist.com\/news\/<wbr \/>leaders\/21579004-recep-tayyip-<wbr \/>erdogan-should-heed-turkeys-<wbr \/>street-protesters-not-dismiss-<wbr \/>them-democrat-or-sultan<\/a><\/div>\n<\/div>\n<div>\n<div><a title=\"\" href=\"http:\/\/www.fidadakroub.net\/2013\/06\/erdogan-pacha-le-dernier-des-sultans.html\" name=\"13f3a022755fe800__edn22\">[22]<\/a>\u00a0Dans la mythologie grecque, les Centaures \u00e9taient des cr\u00e9atures mi-hommes mi-chevaux. Ils descendaient d&rsquo;Ixion, le premier homme \u00e0 avoir assassin\u00e9 un membre de sa famille, et qui con\u00e7ut le premier Centaure en s&rsquo;unissant \u00e0 une nu\u00e9e \u00e0 laquelle Zeus, le dieu supr\u00eame, avait donn\u00e9 la forme de son \u00e9pouse, H\u00e9ra. Les Centaures vivaient en Thessalie, autour du mont P\u00e9lion, et \u00e9taient consid\u00e9r\u00e9s comme des \u00eatres sauvages, non-civilis\u00e9s.<\/div>\n<\/div>\n<div>\n<div><a title=\"\" href=\"http:\/\/www.fidadakroub.net\/2013\/06\/erdogan-pacha-le-dernier-des-sultans.html\" name=\"13f3a022755fe800__edn23\">[23]<\/a>\u00a0Dans la mythologie grecque, le Minotaure ou \u00ab taureau de Minos \u00bb est un monstre assez hideux \u00e0 t\u00eate de taureau et au corps d\u2019homme. Le Minotaure est n\u00e9 des amours de la reine de Cr\u00e8te Pasipha\u00e9 et d\u2019un taureau blanc que le roi Minos n\u2019avait pas sacrifi\u00e9 \u00e0 Pos\u00e9idon.<\/div>\n<\/div>\n<div>\n<div><a title=\"\" href=\"http:\/\/www.fidadakroub.net\/2013\/06\/erdogan-pacha-le-dernier-des-sultans.html\" name=\"13f3a022755fe800__edn24\">[24]<\/a>\u00a0Le Monde. (22 novembre 2011). Le premier ministre turc demande le d\u00e9part de Bachar Al-Assad. R\u00e9cup\u00e9r\u00e9 le 12 juin 2013 de<\/div>\n<div><a href=\"http:\/\/www.lemonde.fr\/proche-orient\/article\/2011\/11\/22\/le-president-turc-abdullah-gul-avertit-de-nouveau-bachar-al-assad_1607282_3218.html\" target=\"_blank\">http:\/\/www.lemonde.fr\/proche-<wbr \/>orient\/article\/2011\/11\/22\/le-<wbr \/>president-turc-abdullah-gul-<wbr \/>avertit-de-nouveau-bachar-al-<wbr \/>assad_1607282_3218.html<\/a><\/div>\n<\/div>\n<div>\n<div><a title=\"\" href=\"http:\/\/www.fidadakroub.net\/2013\/06\/erdogan-pacha-le-dernier-des-sultans.html\" name=\"13f3a022755fe800__edn25\">[25]<\/a>\u00a0\u00c9vangile de J\u00e9sus selon Luc, (6\u00a0:41 \u2013 42).<\/div>\n<p><em>Docteur en \u00c9tudes fran\u00e7aises (The University of Western Ontario, 2010),<strong>\u00a0Fida Dakroub<\/strong>\u00a0est \u00e9crivain et chercheur en th\u00e9orie bakhtinienne. Elle est\u00a0 aussi militante pour la paix et les droits civiques.<\/em><\/p>\n<\/div>\n<\/div>\n","protected":false},"excerpt":{"rendered":"<p>G\u00e9n\u00e9ralit\u00e9s Lors d\u2019une r\u00e9ception au palais pr\u00e9sidentiel \u00e0 Damas, le 9 ao\u00fbt 2011, le chef de la diplomatie turque, Ahmet Davutoglu, adressa au pr\u00e9sident syrien, Bachar al-Assad, un message dur et ferme, et lui demanda de mettre fin \u00e0 la \u00ab\u00a0r\u00e9pression sanglante des manifestations pacifiques en Syrie\u00a0[1]\u00a0\u00bb avant qu\u2019il f\u00fbt trop tard. En ce jour [&hellip;]<\/p>\n","protected":false},"author":3,"featured_media":1150,"comment_status":"closed","ping_status":"closed","sticky":false,"template":"","format":"standard","meta":{"footnotes":""},"categories":[11],"tags":[67],"class_list":{"0":"post-1149","1":"post","2":"type-post","3":"status-publish","4":"format-standard","5":"has-post-thumbnail","7":"category-fida-dakroub","8":"tag-featured"},"_links":{"self":[{"href":"https:\/\/algerienetwork.com\/blog\/wp-json\/wp\/v2\/posts\/1149","targetHints":{"allow":["GET"]}}],"collection":[{"href":"https:\/\/algerienetwork.com\/blog\/wp-json\/wp\/v2\/posts"}],"about":[{"href":"https:\/\/algerienetwork.com\/blog\/wp-json\/wp\/v2\/types\/post"}],"author":[{"embeddable":true,"href":"https:\/\/algerienetwork.com\/blog\/wp-json\/wp\/v2\/users\/3"}],"replies":[{"embeddable":true,"href":"https:\/\/algerienetwork.com\/blog\/wp-json\/wp\/v2\/comments?post=1149"}],"version-history":[{"count":0,"href":"https:\/\/algerienetwork.com\/blog\/wp-json\/wp\/v2\/posts\/1149\/revisions"}],"wp:featuredmedia":[{"embeddable":true,"href":"https:\/\/algerienetwork.com\/blog\/wp-json\/"}],"wp:attachment":[{"href":"https:\/\/algerienetwork.com\/blog\/wp-json\/wp\/v2\/media?parent=1149"}],"wp:term":[{"taxonomy":"category","embeddable":true,"href":"https:\/\/algerienetwork.com\/blog\/wp-json\/wp\/v2\/categories?post=1149"},{"taxonomy":"post_tag","embeddable":true,"href":"https:\/\/algerienetwork.com\/blog\/wp-json\/wp\/v2\/tags?post=1149"}],"curies":[{"name":"wp","href":"https:\/\/api.w.org\/{rel}","templated":true}]}}