{"id":299,"date":"2012-09-07T14:43:29","date_gmt":"2012-09-07T14:43:29","guid":{"rendered":"https:\/\/algerienetwork.com\/blog\/?p=299"},"modified":"2012-09-07T14:43:29","modified_gmt":"2012-09-07T14:43:29","slug":"la-syrie-sous-la-terreur-et-le-gouvernement-harper-continue-la-desinformation","status":"publish","type":"post","link":"https:\/\/algerienetwork.com\/blog\/la-syrie-sous-la-terreur-et-le-gouvernement-harper-continue-la-desinformation\/","title":{"rendered":"La Syrie face \u00e0 la d\u00e9sinformation du gouvernement Harper"},"content":{"rendered":"<p><a href=\"https:\/\/algerienetwork.com\/blog\/wp-content\/uploads\/2012\/09\/HarperSyrieTerreur.jpg\"><img loading=\"lazy\" decoding=\"async\" class=\"alignleft size-thumbnail wp-image-574\" title=\"HarperSyrieTerreur\" src=\"https:\/\/algerienetwork.com\/blog\/wp-content\/uploads\/2012\/09\/HarperSyrieTerreur-150x150.jpg\" alt=\"\" width=\"150\" height=\"150\" \/><\/a><\/p>\n<p>&nbsp;<\/p>\n<p><strong>G\u00e9n\u00e9ralit\u00e9s<\/strong><\/p>\n<p>Le vendredi 23 d\u00e9cembre 2011, un double attentat terroriste a frapp\u00e9 le c\u0153ur de la capitale syrienne, Damas, massacrant hommes, femmes et enfants, laissant 44 morts et 166 bless\u00e9s. Ce double attentat a ensanglant\u00e9 la veille de No\u00ebl au seul pays arabe \u2013 apr\u00e8s le Liban \u2013 qui offre encore, aux minorit\u00e9s chr\u00e9tiennes, le m\u00eame statut de citoyennet\u00e9 que celui de la majorit\u00e9 musulmane.<\/p>\n<div><\/div>\n<div><strong>Du double attentat terroriste<\/strong><\/div>\n<div id=\"font-variable\">Des corps \u00e9taient d\u00e9chir\u00e9s en morceaux et des voitures rendues en cendre. Pourtant, les puissances imp\u00e9rialistes, et derri\u00e8re elles les h\u00e2bleurs m\u00e9diatiques, ont choisi de se montrer indiff\u00e9rentes envers ce crime barbare contre l\u2019humanit\u00e9, et qui porte, sans doute aucun, le\u00a0<em>modus operandi<\/em>\u00a0d\u2019Al-Qa\u00efda.L\u2019imp\u00e9rialisme mondial, porteur de l\u2019\u00e9tendard des \u00ab\u00a0droits de l\u2019homme\u00a0\u00bb \u2013 au niveau de son discours id\u00e9ologique \u2013 a refus\u00e9 de classifier ces attaques sauvages, qui ne diff\u00e8rent plus \u2013 du point de vue des cibles attaqu\u00e9es \u2013 des attentats terroristes\u00a0<em>baptis\u00e9s<\/em>\u00a0par Al-Qa\u00efda, partout dans le monde. Nous parlons des multi attaques qui ont tant terroris\u00e9 le monde entier, mais surtout l\u2019Irak, o\u00f9 Al-Qa\u00efda applique, depuis l\u2019invasion du pays par les\u00a0<em>legiones<\/em>\u00a0de l\u2019Empire \u00e9tatsunien, un plan d\u2019\u00e9limination syst\u00e9matique des minorit\u00e9s chr\u00e9tiennes, mais aussi des musulmans chiites qui, m\u00eame s\u2019ils sont majoritaires en Irak, ne comptent que 5\u00a0% des musulmans au monde, majoritairement sunnites.<\/div>\n<div><\/div>\n<div><strong>No\u00ebl \u00e0 Ottawa, Enfer \u00e0 Damas<\/strong><br \/>\nLe No\u00ebl du Bonheur fut arriv\u00e9, f\u00eate charmante \u00e0 Ottawa, la neige couronnait la Colline du Parlement, les arbres furent tomb\u00e9s dans un long sommeil hivernal, et partout o\u00f9 il y avait des gens qui confondaient l\u2019auxiliaire\u00a0<em>\u00eatre<\/em>\u00a0et l\u2019auxiliaire<em>avoir<\/em>\u00a0[<a id=\"nh1\" title=\"Cette faute est fr\u00e9quente parmi les Ontariens francophones.\" href=\"http:\/\/www.legrandsoir.info\/la-syrie-sous-la-terreur-et-le-gouvernement-harper-continue-la-desinformation.html#nb1\" rel=\"footnote\">1<\/a>] , on se pr\u00e9parait \u00e0 r\u00e9pandre, en une seule nuit, le Saint-Esprit de la d\u00e9sinformation sur toute la province de l\u2019Ontario.En d\u00e9pit de cette belle image, tr\u00e8s romantique, le gouvernement Harper semblait plus pr\u00e9occup\u00e9 par la diabolisation du r\u00e9gime syrien que par l\u2019observation des \u00e9cureuils, tr\u00e8s mignons, qui sautaient d\u2019un arbre \u00e0 l\u2019autre, cherchant des traces de noisettes sur la Colline du Parlement.Le gouvernement Harper a jet\u00e9, d\u2019une fa\u00e7on indirecte, le bl\u00e2me sur le r\u00e9gime syrien pour les attaques\u00a0; et s\u2019est engag\u00e9 dans un \u00ab\u00a0d\u00e9bat byzantin\u00a0\u00bb, visant \u00e0 incriminer le pr\u00e9sident syrien, Bashar al-Assad, au lieu de condamner les barbares qui avaient ex\u00e9cut\u00e9 cet acte sauvage.Ce qui est \u00e9tonnant, mais pas nouveau, dans cette histoire de diabolisation, c\u2019est que la machination m\u00e9diatique imp\u00e9rialiste propage, sans cesse, que le r\u00e9gime syrien se cache derri\u00e8re cet acte de barbarisme. Pourquoi\u00a0? Parce que le r\u00e9gime veut accuser \u00ab\u00a0l\u2019opposition\u00a0\u00bb\u00a0!<em>Plaudite<\/em>\u00a0! Applaudissez, la farce se joue\u00a0!<\/p>\n<p>D\u00e9sol\u00e9 chers metteurs en sc\u00e8ne et sc\u00e9naristes, mais la moindre chose \u00e0 dire \u00e0 propos de ce jugement c\u2019est qu\u2019il est bizarre, ridicule et irrationnel.<\/p>\n<p>\u00c0 Hama, les insurg\u00e9s coupent bras et jambes de ceux qui refusent de participer \u00e0 ce \u00ab\u00a0banquet de sang\u00a0\u00bb dit \u00ab\u00a0r\u00e9formes d\u00e9mocratiques\u00a0\u00bb. Deux citoyens et un \u00e9l\u00e9ment des forces du maintien de l\u2019ordre \u00e9taient tomb\u00e9s par le feu d\u2019un groupe arm\u00e9. Aussi, deux citoyens ont \u00e9t\u00e9 tu\u00e9s par balles des groupes arm\u00e9s dans les rues de Hama\u00a0[<a id=\"nh2\" title=\"http:\/\/www.sana.sy\/fra\/338\/2012\/01\/04\/392204.htm\" href=\"http:\/\/www.legrandsoir.info\/la-syrie-sous-la-terreur-et-le-gouvernement-harper-continue-la-desinformation.html#nb2\" rel=\"footnote\">2<\/a>]. De m\u00eame, un groupe arm\u00e9 a ouvert le feu sur un citoyen dans son magasin \u00e0 Hama, pour n\u2019avoir pas particip\u00e9 \u00e0 la gr\u00e8ve que les groupes arm\u00e9s tentaient d&rsquo;imposer. Un autre groupe arm\u00e9 a tir\u00e9 sur un autre citoyen, devant sa maison pr\u00e8s de la mosqu\u00e9e. Il a succomb\u00e9 \u00e0 ses blessures\u00a0[<a id=\"nh3\" title=\"http:\/\/www.sana.sy\/fra\/338\/2012\/01\/04\/392204.htm\" href=\"http:\/\/www.legrandsoir.info\/la-syrie-sous-la-terreur-et-le-gouvernement-harper-continue-la-desinformation.html#nb3\" rel=\"footnote\">3<\/a>].<\/p>\n<p>\u00c0 Homs, les groupes arm\u00e9s continuent l\u2019enl\u00e8vement de ceux qui appartiennent aux groupes minoritaires ethniques et religieux, mais aussi de ceux appartenant au groupe majoritaire, parce qu\u2019ils ne justifient pas les m\u00e9thodes barbares qu\u2019on applique dans les rues. Aussi, un groupe arm\u00e9 a vis\u00e9 un bus de l\u2019h\u00f4pital national de Homs et tu\u00e9 le directeur de l\u2019entrep\u00f4t des m\u00e9dicaments\u00a0[<a id=\"nh4\" title=\"http:\/\/www.sana.sy\/fra\/338\/2012\/01\/04\/392204.htm\" href=\"http:\/\/www.legrandsoir.info\/la-syrie-sous-la-terreur-et-le-gouvernement-harper-continue-la-desinformation.html#nb4\" rel=\"footnote\">4<\/a>].<\/p>\n<p>\u00c0 Damas, des voitures pi\u00e9g\u00e9es ont frapp\u00e9 au c\u0153ur de la\u00a0<em>forteresse<\/em>\u00a0du r\u00e9gime, tournant le No\u00ebl blanc en Enfer rouge. Un insurg\u00e9 a avou\u00e9 avoir d\u00e9pos\u00e9 un engin explosif au-dessus d\u2019une voiture priv\u00e9e dans une rue \u00e0 Damas, mais la providence et la prudence des forces de s\u00e9curit\u00e9 int\u00e9rieure ont mis en \u00e9chec l\u2019attentat\u00a0[<a id=\"nh5\" title=\"http:\/\/www.sana.sy\/fra\/338\/2012\/01\/04\/392204.htm\" href=\"http:\/\/www.legrandsoir.info\/la-syrie-sous-la-terreur-et-le-gouvernement-harper-continue-la-desinformation.html#nb5\" rel=\"footnote\">5<\/a>] .<br \/>\n\u00c0 l\u2019\u00e9tranger, les\u00a0<em>mousquetaires<\/em>\u00a0du Conseil national syrien continuent toujours \u00e0 inviter les\u00a0<em>legiones<\/em>\u00a0de<br \/>\nl\u2019Empire \u00e0 s\u2019intervenir dans les affaires internes du pays\u00a0[<a id=\"nh6\" title=\"http:\/\/rt.com\/news\/syrians-killed-attacks-figures-193\/\" href=\"http:\/\/www.legrandsoir.info\/la-syrie-sous-la-terreur-et-le-gouvernement-harper-continue-la-desinformation.html#nb6\" rel=\"footnote\">6<\/a>].<\/p>\n<\/div>\n<div id=\"font-variable\">\n<h3>De l\u2019annonce d\u2019Ottawa<\/h3>\n<p>Le moment a \u00e9t\u00e9 bien choisi. Le jour m\u00eame du double attentat \u00e0 Damas, le gouvernement Harper a annonc\u00e9 une nouvelle s\u00e9rie de sanctions contre la Syrie. Par cons\u00e9quent, le Canada interdit d\u00e9sormais toutes les importations syriennes, \u00e0 l\u2019exception de produits alimentaires, et tout investissement en Syrie, ainsi que les exportations vers ce pays de tout \u00e9quipement de surveillance t\u00e9l\u00e9phonique et informatique, a indiqu\u00e9 le chef de la diplomatie canadienne, John Baird\u00a0[<a id=\"nh7\" title=\"http:\/\/www.cyberpresse.ca\/international\/dossiers\/crise-dans-...\" href=\"http:\/\/www.legrandsoir.info\/la-syrie-sous-la-terreur-et-le-gouvernement-harper-continue-la-desinformation.html#nb7\" rel=\"footnote\">7<\/a>].<\/p>\n<p>En outre, Ottawa a ajout\u00e9 de nouvelles personnes et entit\u00e9s, associ\u00e9es au r\u00e9gime du pr\u00e9sident Bachar al-Assad, \u00e0 la liste de celles frapp\u00e9es par le gel de leurs avoirs et l\u2019interdiction de toute transaction avec elles. Il s\u2019agit de la quatri\u00e8me s\u00e9rie de sanctions adopt\u00e9es par le Canada depuis le d\u00e9but du conflit en Syrie, en mars 2011.<\/p>\n<p>\u00c0 preuve, le ministre des Affaires \u00e9trang\u00e8res, John Baird, a d\u00e9nonc\u00e9 \u00ab\u00a0la violence insens\u00e9e contre le peuple syrien\u00a0\u00bb qui, selon lui, \u00ab\u00a0continue \u00e0 faire de nombreux morts\u00a0\u00bb. Cependant, monsieur le ministre n\u2019a pas d\u00e9nonc\u00e9 le double attentat pr\u00e9cis\u00e9ment, et sa d\u00e9nonciation demeurait de couleur grise. En plus, M.\u00a0Baird a ajout\u00e9 que le pr\u00e9sident \u00ab\u00a0Assad va tomber. Son gouvernement va tomber. Ce n\u2019est qu\u2019une question de temps, il n\u2019a pas d\u2019avenir\u00a0\u00bb, dit-il r\u00e9pondant aux questions des m\u00e9dias\u00a0[<a id=\"nh8\" title=\"http:\/\/www.cyberpresse.ca\/international\/dossiers\/crise-dans-...\" href=\"http:\/\/www.legrandsoir.info\/la-syrie-sous-la-terreur-et-le-gouvernement-harper-continue-la-desinformation.html#nb8\" rel=\"footnote\">8<\/a>].<\/p>\n<p>De notre part, ce qui nous \u00e9tonne le plus, c\u2019est que personne, parmi ces journalistes\u00a0<em>audacieux<\/em>, n\u2019a eu la curiosit\u00e9 de demander \u00e0 M.\u00a0Baird ce que va \u00eatre le futur de la Syrie et de toute la r\u00e9gion du Levant apr\u00e8s la chute promise du r\u00e9gime syrien et la prise victorieuse du pouvoir par les\u00a0<em>dinosaures<\/em>\u00a0des groupes islamistes arm\u00e9s\u00a0?<\/p>\n<p>En effet, cet \u00e9tonnement nous a pouss\u00e9s \u00e0 nous demander, franchement, si monsieur le ministre des Affaires \u00e9trang\u00e8res, John Baird, qui applaudit, depuis quelques jours, la chute du r\u00e9gime Assad et r\u00e9jouit la victoire de la \u00ab\u00a0d\u00e9mocratie\u00a0\u00bb, s\u2019il ignore vraiment qu\u2019au cours de derniers mois, environ 1500 combattants du\u00a0<em>Groupe islamique combattant en Libye<\/em>\u00a0(GICL), renomm\u00e9 depuis novembre 2007\u00a0<em>Al-Qa\u00efda en Libye<\/em>, se sont infiltr\u00e9s en Syrie\u00a0?\u00a0[<a id=\"nh9\" title=\"http:\/\/www.themoneyparty.org\/main\/?p=3250\" href=\"http:\/\/www.legrandsoir.info\/la-syrie-sous-la-terreur-et-le-gouvernement-harper-continue-la-desinformation.html#nb9\" rel=\"footnote\">9<\/a>] Faut-il lui rappeler aussi que monsieur Abdelhakim Belhaj, compagnon de Ben Laden et chef historique d\u2019<em>Al-Qa\u00efda en Libye<\/em>, est devenu gouverneur militaire de Tripoli , par la gr\u00e2ce de la mission \u00ab\u00a0humanitaire\u00a0\u00bb de l\u2019OTAN en Libye\u00a0; et qu\u2019il passe maintenant ses jours ennuyants, non pas \u00e0 chasser les mouches\u00a0<em>dans son labyrinthe<\/em>\u00a0[<a id=\"nh10\" title=\"Allusion au roman de Gabriel Garcia Marquez, Le G\u00e9n\u00e9ral dans son\u00a0(...)\" href=\"http:\/\/www.legrandsoir.info\/la-syrie-sous-la-terreur-et-le-gouvernement-harper-continue-la-desinformation.html#nb10\" rel=\"footnote\">10<\/a>] , mais plut\u00f4t \u00e0 se promener aux deux c\u00f4t\u00e9s de la fronti\u00e8re entre la Syrie et la Turquie\u00a0?\u00a0[<a id=\"nh11\" title=\"http:\/\/www.voltairenet.org\/Free-Syrian-Army-commanded-by\" href=\"http:\/\/www.legrandsoir.info\/la-syrie-sous-la-terreur-et-le-gouvernement-harper-continue-la-desinformation.html#nb11\" rel=\"footnote\">11<\/a>]<\/p>\n<p>De mani\u00e8re identique \u00e0 l\u2019annonce de M.\u00a0Baird, le premier ministre, Steven Harper a fait, le lendemain de l\u2019attentat \u2013 le 24 d\u00e9cembre \u2013 une d\u00e9claration annon\u00e7ant que \u00ab\u00a0des sanctions cibl\u00e9es seraient impos\u00e9es contre des membres du r\u00e9gime syrien actuel en vertu de la\u00a0<em>Loi sur les mesures \u00e9conomiques sp\u00e9ciales<\/em>. Le\u00a0<em>R\u00e8glement sur les mesures \u00e9conomiques sp\u00e9ciales visant la Syrie<\/em>\u00a0est entr\u00e9 en vigueur afin de r\u00e9pondre \u00e0 la gravit\u00e9 de la situation en Syrie\u00a0\u00bb\u00a0[<a id=\"nh12\" title=\"http:\/\/www.international.gc.ca\/sanctions\/syria-syrie.aspx?la...\" href=\"http:\/\/www.legrandsoir.info\/la-syrie-sous-la-terreur-et-le-gouvernement-harper-continue-la-desinformation.html#nb12\" rel=\"footnote\">12<\/a>].<\/p>\n<p>Pour justifier son annonce, le premier ministre, M.\u00a0Harper, a ajout\u00e9 que \u00ab\u00a0plusieurs manifestations visant \u00e0 encourager des r\u00e9formes d\u00e9mocratiques ont eu lieu dans diverses villes partout en Syrie depuis le 15 mars 2011\u00a0\u00bb\u00a0[<a id=\"nh13\" title=\"http:\/\/www.international.gc.ca\/sanctions\/syria-syrie.aspx?la...\" href=\"http:\/\/www.legrandsoir.info\/la-syrie-sous-la-terreur-et-le-gouvernement-harper-continue-la-desinformation.html#nb13\" rel=\"footnote\">13<\/a>].<\/p>\n<p>Nous ne pouvons que nous arr\u00eater sur ce point pr\u00e9cis, en esp\u00e9rant comprendre ce que monsieur le premier ministre voulait dire par \u00ab\u00a0encourager des r\u00e9formes d\u00e9mocratiques\u00a0\u00bb. Qui sont-ils vraiment ces\u00a0<em>mousquetaires<\/em>\u00a0de \u00ab\u00a0d\u00e9mocratie\u00a0\u00bb dont parle M.\u00a0Harper\u00a0? Il aurait \u00e9t\u00e9 plus int\u00e9ressant si M.\u00a0Harper avait indiqu\u00e9, par noms, ces mouvements dits \u00ab\u00a0d\u00e9mocratiques\u00a0\u00bb.<\/p>\n<p>Naturellement, pour un lecteur ou un spectateur, qui n\u2019a jamais eu la chance de s\u2019aventurer aux\u00a0<em>merveilles<\/em>\u00a0des pays des Arabes, la \u00ab\u00a0r\u00e9alit\u00e9\u00a0\u00bb des choses prendrait la forme suivante\u00a0:<br \/>\nD\u2019abord nous sommes au pays des Arabes, donc un espace imaginaire, exotique, qui se trouve l\u00e0 o\u00f9 se termine la civilisation humaine. Au-del\u00e0 des fronti\u00e8res de l\u2019humanit\u00e9 occidentale, nous entrons dans une dimension diff\u00e9rente, celle que nous appelons la \u00ab\u00a0dimension 3S\u00a0\u00bb\u00a0; c\u2019est-\u00e0-dire le\u00a0<em>Sahara<\/em>, le\u00a0<em>S\u00e9rail<\/em>\u00a0et le\u00a0<em>Sarrasin<\/em>\u00a0; autrement dit les trois composants de l\u2019imagerie de l\u2019Orient tel qu\u2019il est cr\u00e9\u00e9 par l\u2019Occident.<\/p>\n<p>Et le conte commence\u00a0: \u00ab\u00a0Il \u00e9tait une fois, au milieu du\u00a0<em>Sahara<\/em>, un grand\u00a0<em>S\u00e9rail<\/em>\u00a0; \u00e0 l\u2019int\u00e9rieur du\u00a0<em>S\u00e9rail<\/em>, habitait un<em>Sarrasin<\/em>\u00a0tyran et despote. Il ensanglantait ses sujets pour assouvir sa soif. Un jour, une belle fille aux cheveux blondes, qui s\u2019appelait\u00a0<em>D\u00e9mocratie<\/em>, d\u00e9cida de lib\u00e9rer son peuple\u00a0\u00bb.<\/p>\n<p>Malheureusement, ce n\u2019est qu\u2019un conte merveilleux\u00a0! Car dans la r\u00e9alit\u00e9, les choses sont plus compliqu\u00e9es.<br \/>\nCeux qui tranchent, aux coups de machettes, les corps des fonctionnaires de l\u2019\u00c9tat, dans les rues de Hama et de Homs, n\u2019ont aucun respect ni pour la d\u00e9mocratie dont parle M.\u00a0Harper, ni pour la Charte des Droits de la Personne, dont nous, les Canadiens, sommes fiers.<\/p>\n<p>En plus, il aurait \u00e9t\u00e9 plus int\u00e9ressant de savoir l\u2019opinion du gouvernement Harper sur l\u2019enl\u00e8vement puis la liquidation physique des membres de groupes minoritaires, ethniques et religieux, qui se d\u00e9roule jours et nuits, dans les rues des villes syriennes, tomb\u00e9es sous contr\u00f4le des groupes islamistes takfiristes arm\u00e9s\u00a0; au moins que notre gouvernement croit \u00e0 la m\u00e9tempsychose, pour qu\u2019il soit convaincu que l\u2019<em>Esprit des lois<\/em>\u00a0de Montesquieu s\u2019\u00e9tait incarn\u00e9 dans le discours id\u00e9ologique des\u00a0<em>Fr\u00e8res musulmans<\/em>, dont les pratiques discriminatoires envers les minorit\u00e9s religieuses sont bien connues. Prenons dans ce sens les pratiques discriminatoires les plus r\u00e9centes contre les chr\u00e9tiens coptes de l\u2019\u00c9gypte.<\/p>\n<p>Peut-\u00eatre il fallait rappeler le gouvernement que l\u2019id\u00e9ologie salafiste takfiriste de ces\u00a0<em>agneaux de Dieu<\/em>\u00a0appelle \u00e0 l\u2019\u00e9limination de l\u2019<em>Autre<\/em>\u00a0religieux, ce qui mettra la pr\u00e9sence chr\u00e9tienne, non pas seulement en Syrie, mais dans tous les pays du Moyen-Orient, face \u00e0 un danger d\u2019\u00e9limination syst\u00e9matique, une fois les \u00ab\u00a0r\u00e9formes d\u00e9mocratiques\u00a0\u00bb, dont parle monsieur Harper, seront entr\u00e9es en vigueur.<\/p>\n<h3>Somme toute<\/h3>\n<p>En premier lieu, la seule conclusion \u00e0 tirer de ce double attentat barbare c\u2019est que les\u00a0<em>mousquetaires<\/em>\u00a0de la soi-disant \u00ab\u00a0opposition\u00a0\u00bb syrienne ne pratiquent ni la m\u00e9ditation transcendantale ni le Tai Chi, mais au contraire ils ma\u00eetrisent bien l\u2019art de tuer, comme ils sont lourdement arm\u00e9s.<\/p>\n<p>En second lieu, bien qu\u2019il n\u2019y a aucune preuve que le r\u00e9gime syrien ait plant\u00e9 des bombes dans sa propre \u00ab\u00a0forteresse\u00a0\u00bb, Damas, les empreints d\u2019Al-Qa\u00efda sont fortement pr\u00e9sents, vu les moyens utilis\u00e9s \u2013 multi attentats pi\u00e9g\u00e9s \u2013 et la victime cibl\u00e9e \u2013 les civils.<\/p>\n<p>En un mot, incriminer le r\u00e9gime syrien, sous pr\u00e9texte de \u00ab\u00a0droits humains\u00a0\u00bb, au lieu de condamner les groupes arm\u00e9s de la soi-disant \u00ab\u00a0opposition\u00a0\u00bb syrienne, n\u2019est qu\u2019une sorte de\u00a0<em>souffler de cendre dans les yeux<\/em>, pour d\u00e9sinformer l\u2019opinion publique\u00a0; ce qui risque, en effet, de donner l\u2019impression que le gouvernement Harper sous entendu justifie les actes de violence venant de la part de la soi-disant \u00ab\u00a0opposition\u00a0\u00bb syrienne.<\/p>\n<p><em>A fortiori<\/em>, les Canadiens ont le droit de savoir la v\u00e9rit\u00e9 \u00e0 propos des pr\u00e9tendus \u00ab\u00a0manifestants pacifiques\u00a0\u00bb et \u00ab\u00a0r\u00e9formes d\u00e9mocratiques\u00a0\u00bb, chers au c\u0153ur de notre gouvernement Harper.<\/p>\n<p>Sans nul doute possible, la r\u00e9alit\u00e9 des \u00e9v\u00e9nements en Syrie est, tristement, loin d\u2019\u00eatre une sorte de \u00ab\u00a0r\u00e9formes d\u00e9mocratiques\u00a0\u00bb ni de \u00ab\u00a0manifestations pacifiques\u00a0\u00bb\u00a0; seule la haine religieuse envers tout ce qui est \u00ab\u00a0Autre\u00a0\u00bb se cache derri\u00e8re les motivations r\u00e9elles de la\u00a0<em>Saison de violence<\/em>\u00a0en Syrie. Pourtant, le mis\u00e9rable Conseil national syrien, en pratiquant la subordination aux puissances imp\u00e9rialistes, d\u00e9clare la r\u00e9volution nulle et non avenue.<\/p>\n<p><strong>Fida DAKROUB,\u00a0<em>Ph.D<\/em><\/strong><\/p>\n<\/div>\n<div>[<a id=\"nb1\" title=\"Notes 1\" href=\"http:\/\/www.legrandsoir.info\/la-syrie-sous-la-terreur-et-le-gouvernement-harper-continue-la-desinformation.html#nh1\" rev=\"footnote\">1<\/a>] Cette faute est fr\u00e9quente parmi les Ontariens francophones.<br \/>\n[<a id=\"nb2\" title=\"Notes 2\" href=\"http:\/\/www.legrandsoir.info\/la-syrie-sous-la-terreur-et-le-gouvernement-harper-continue-la-desinformation.html#nh2\" rev=\"footnote\">2<\/a>]\u00a0<a href=\"http:\/\/www.sana.sy\/fra\/338\/2012\/01\/04\/392204.htm\" rel=\"external\">http:\/\/www.sana.sy\/fra\/338\/2012\/01\/04\/392204.htm<\/a><br \/>\n[<a id=\"nb3\" title=\"Notes 3\" href=\"http:\/\/www.legrandsoir.info\/la-syrie-sous-la-terreur-et-le-gouvernement-harper-continue-la-desinformation.html#nh3\" rev=\"footnote\">3<\/a>]\u00a0<a href=\"http:\/\/www.sana.sy\/fra\/338\/2012\/01\/04\/392204.htm\" rel=\"external\">http:\/\/www.sana.sy\/fra\/338\/2012\/01\/04\/392204.htm<\/a><br \/>\n[<a id=\"nb4\" title=\"Notes 4\" href=\"http:\/\/www.legrandsoir.info\/la-syrie-sous-la-terreur-et-le-gouvernement-harper-continue-la-desinformation.html#nh4\" rev=\"footnote\">4<\/a>]\u00a0<a href=\"http:\/\/www.sana.sy\/fra\/338\/2012\/01\/04\/392204.htm\" rel=\"external\">http:\/\/www.sana.sy\/fra\/338\/2012\/01\/04\/392204.htm<\/a><br \/>\n[<a id=\"nb5\" title=\"Notes 5\" href=\"http:\/\/www.legrandsoir.info\/la-syrie-sous-la-terreur-et-le-gouvernement-harper-continue-la-desinformation.html#nh5\" rev=\"footnote\">5<\/a>]\u00a0<a href=\"http:\/\/www.sana.sy\/fra\/338\/2012\/01\/04\/392204.htm\" rel=\"external\">http:\/\/www.sana.sy\/fra\/338\/2012\/01\/04\/392204.htm<\/a><br \/>\n[<a id=\"nb6\" title=\"Notes 6\" href=\"http:\/\/www.legrandsoir.info\/la-syrie-sous-la-terreur-et-le-gouvernement-harper-continue-la-desinformation.html#nh6\" rev=\"footnote\">6<\/a>]\u00a0<a href=\"http:\/\/rt.com\/news\/syrians-killed-attacks-figures-193\/\" rel=\"external\">http:\/\/rt.com\/news\/syrians-killed-attacks-figures-193\/<\/a><br \/>\n[<a id=\"nb7\" title=\"Notes 7\" href=\"http:\/\/www.legrandsoir.info\/la-syrie-sous-la-terreur-et-le-gouvernement-harper-continue-la-desinformation.html#nh7\" rev=\"footnote\">7<\/a>]\u00a0<a href=\"http:\/\/www.cyberpresse.ca\/international\/dossiers\/crise-dans-le-monde-arabe\/syrie\/201112\/23\/01-4480551-nouvelles-sanctions-canadiennes-contre-la-syrie.php\" rel=\"external\">http:\/\/www.cyberpresse.ca\/international\/dossiers\/crise-dans-&#8230;<\/a><br \/>\n[<a id=\"nb8\" title=\"Notes 8\" href=\"http:\/\/www.legrandsoir.info\/la-syrie-sous-la-terreur-et-le-gouvernement-harper-continue-la-desinformation.html#nh8\" rev=\"footnote\">8<\/a>]\u00a0<a href=\"http:\/\/www.cyberpresse.ca\/international\/dossiers\/crise-dans-le-monde-arabe\/syrie\/201112\/23\/01-4480551-nouvelles-sanctions-canadiennes-contre-la-syrie.php\" rel=\"external\">http:\/\/www.cyberpresse.ca\/international\/dossiers\/crise-dans-&#8230;<\/a><br \/>\n[<a id=\"nb9\" title=\"Notes 9\" href=\"http:\/\/www.legrandsoir.info\/la-syrie-sous-la-terreur-et-le-gouvernement-harper-continue-la-desinformation.html#nh9\" rev=\"footnote\">9<\/a>]\u00a0<a href=\"http:\/\/www.themoneyparty.org\/main\/?p=3250\" rel=\"external\">http:\/\/www.themoneyparty.org\/main\/?p=3250<\/a><br \/>\n[<a id=\"nb10\" title=\"Notes 10\" href=\"http:\/\/www.legrandsoir.info\/la-syrie-sous-la-terreur-et-le-gouvernement-harper-continue-la-desinformation.html#nh10\" rev=\"footnote\">10<\/a>] Allusion au roman de Gabriel Garcia Marquez,\u00a0<em>Le G\u00e9n\u00e9ral dans son labyrinthe<\/em>.<br \/>\n[<a id=\"nb11\" title=\"Notes 11\" href=\"http:\/\/www.legrandsoir.info\/la-syrie-sous-la-terreur-et-le-gouvernement-harper-continue-la-desinformation.html#nh11\" rev=\"footnote\">11<\/a>]\u00a0<a href=\"http:\/\/www.voltairenet.org\/Free-Syrian-Army-commanded-by\" rel=\"external\">http:\/\/www.voltairenet.org\/Free-Syrian-Army-commanded-by<\/a><br \/>\n[<a id=\"nb12\" title=\"Notes 12\" href=\"http:\/\/www.legrandsoir.info\/la-syrie-sous-la-terreur-et-le-gouvernement-harper-continue-la-desinformation.html#nh12\" rev=\"footnote\">12<\/a>]\u00a0<a href=\"http:\/\/www.international.gc.ca\/sanctions\/syria-syrie.aspx?lang=fra&amp;view=d\" rel=\"external\">http:\/\/www.international.gc.ca\/sanctions\/syria-syrie.aspx?la&#8230;<\/a><br \/>\n[<a id=\"nb13\" title=\"Notes 13\" href=\"http:\/\/www.legrandsoir.info\/la-syrie-sous-la-terreur-et-le-gouvernement-harper-continue-la-desinformation.html#nh13\" rev=\"footnote\">13<\/a>]\u00a0<a href=\"http:\/\/www.international.gc.ca\/sanctions\/syria-syrie.aspx?lang=fra&amp;view=d\" rel=\"external\">http:\/\/www.international.gc.ca\/sanctions\/syria-syrie.aspx?la&#8230;<\/a><\/div>\n<div><\/div>\n","protected":false},"excerpt":{"rendered":"<p>&nbsp; G\u00e9n\u00e9ralit\u00e9s Le vendredi 23 d\u00e9cembre 2011, un double attentat terroriste a frapp\u00e9 le c\u0153ur de la capitale syrienne, Damas, massacrant hommes, femmes et enfants, laissant 44 morts et 166 bless\u00e9s. Ce double attentat a ensanglant\u00e9 la veille de No\u00ebl au seul pays arabe \u2013 apr\u00e8s le Liban \u2013 qui offre encore, aux minorit\u00e9s chr\u00e9tiennes, [&hellip;]<\/p>\n","protected":false},"author":3,"featured_media":574,"comment_status":"open","ping_status":"open","sticky":false,"template":"","format":"standard","meta":{"footnotes":""},"categories":[11],"tags":[],"class_list":{"0":"post-299","1":"post","2":"type-post","3":"status-publish","4":"format-standard","5":"has-post-thumbnail","7":"category-fida-dakroub"},"_links":{"self":[{"href":"https:\/\/algerienetwork.com\/blog\/wp-json\/wp\/v2\/posts\/299","targetHints":{"allow":["GET"]}}],"collection":[{"href":"https:\/\/algerienetwork.com\/blog\/wp-json\/wp\/v2\/posts"}],"about":[{"href":"https:\/\/algerienetwork.com\/blog\/wp-json\/wp\/v2\/types\/post"}],"author":[{"embeddable":true,"href":"https:\/\/algerienetwork.com\/blog\/wp-json\/wp\/v2\/users\/3"}],"replies":[{"embeddable":true,"href":"https:\/\/algerienetwork.com\/blog\/wp-json\/wp\/v2\/comments?post=299"}],"version-history":[{"count":0,"href":"https:\/\/algerienetwork.com\/blog\/wp-json\/wp\/v2\/posts\/299\/revisions"}],"wp:featuredmedia":[{"embeddable":true,"href":"https:\/\/algerienetwork.com\/blog\/wp-json\/"}],"wp:attachment":[{"href":"https:\/\/algerienetwork.com\/blog\/wp-json\/wp\/v2\/media?parent=299"}],"wp:term":[{"taxonomy":"category","embeddable":true,"href":"https:\/\/algerienetwork.com\/blog\/wp-json\/wp\/v2\/categories?post=299"},{"taxonomy":"post_tag","embeddable":true,"href":"https:\/\/algerienetwork.com\/blog\/wp-json\/wp\/v2\/tags?post=299"}],"curies":[{"name":"wp","href":"https:\/\/api.w.org\/{rel}","templated":true}]}}