{"id":3437,"date":"2014-09-04T11:43:20","date_gmt":"2014-09-04T11:43:20","guid":{"rendered":"https:\/\/algerienetwork.com\/blog\/?p=3437"},"modified":"2014-09-04T11:43:20","modified_gmt":"2014-09-04T11:43:20","slug":"du-droit-du-sol-au-droit-du-sang-au-droit","status":"publish","type":"post","link":"https:\/\/algerienetwork.com\/blog\/du-droit-du-sol-au-droit-du-sang-au-droit\/","title":{"rendered":"Du droit du sol, au droit du sang, au droit&#8230;"},"content":{"rendered":"<h2><span style=\"color: #993300;\">Ahmed Halfaoui<\/span><\/h2>\n<p>Du Front national et des groupuscules fascistes, o\u00f9 il se confinait, le discours contre les immigr\u00e9s et les \u00a0\u00bb Fran\u00e7ais pas de souche \u00a0\u00bb est port\u00e9 sans aucune honte par des hommes politiques de plus en plus nombreux. En m\u00eame temps qu&rsquo;il engrosse la soci\u00e9t\u00e9 devenue f\u00e9conde \u00e0 sa semence. Tout avait commenc\u00e9 avec le d\u00e9bat sur l&rsquo;identit\u00e9, apr\u00e8s que la communautarisation de la minorit\u00e9 \u00a0\u00bb musulmane \u00a0\u00bb fut officiellement d\u00e9cr\u00e9t\u00e9e. Ensuite ce fut le discours islamophobe et anti-rom qui a fleuri. Deux dangers majeurs devaient \u00eatre fabriqu\u00e9s et implant\u00e9s dans les cerveaux.<\/p>\n<p>Le premier est repr\u00e9sent\u00e9 par la menace de la remise en cause des \u00a0\u00bb valeurs fran\u00e7aises \u00ab\u00a0, dites jud\u00e9o-chr\u00e9tiennes, accessoirement la\u00efques et r\u00e9publicaines, le second par le d\u00e9s\u00e9quilibre d\u00e9mographique que provoqueraient les flux d&rsquo;immigrants. En ce temps-l\u00e0, comme par pure co\u00efncidence, ce sont surtout les valeurs de la libre-entreprise, du lib\u00e9ralisme et du march\u00e9 tout puissant qui se sont mises \u00e0 faire du mal \u00e0 la vie de la majorit\u00e9 des Fran\u00e7ais. Mais le grand d\u00e9bat n&rsquo;a pas eu lieu sur ces bases.<\/p>\n<p>La classe politique, les m\u00e9dias et ceux dont le discours a des espaces offerts, n&rsquo;en avaient que pour la \u00a0\u00bb pr\u00e9servation de l&rsquo;identit\u00e9 en p\u00e9ril \u00ab\u00a0. Pendant que des d\u00e9nis d\u00e9truisaient les fondements de ce que les Fran\u00e7ais d&rsquo;en bas ont mis deux si\u00e8cles et plus \u00e0 b\u00e2tir, face \u00e0 la f\u00e9rocit\u00e9 du profit.<\/p>\n<p>C&rsquo;est-\u00e0-dire les acquis sociaux et des conditions de travail s\u00e9curisantes pour le plus grand nombre. Aujourd&rsquo;hui, la b\u00eate est all\u00e9e plus loin. Comme si elle sentait que le fruit \u00e9tait m\u00fbr. Elle s&rsquo;attaque au \u00a0\u00bb droit du sol \u00ab\u00a0, celui qui a fait que, selon un ancien ministre, \u00a0\u00bb plus de 25 % des Fran\u00e7ais ont au moins un grand-parent de nationalit\u00e9 \u00e9trang\u00e8re \u00ab\u00a0.<\/p>\n<p>Eh bien ce droit est ouvertement remis en cause. Ce qui constitue en soi, la chute d&rsquo;un autre tabou. Dans un contexte tr\u00e8s favorable \u00e0 la chose, o\u00f9 les \u00a0\u00bb socialistes \u00a0\u00bb au pouvoir font la chasse aux \u00e9trangers et \u00e0 leurs enfants. Dans un contexte o\u00f9 72 % des Fran\u00e7ais sont d&rsquo;accord avec l&rsquo;abolition du \u00a0\u00bb droit du sol \u00ab\u00a0, en tant que droit automatique. C&rsquo;est-\u00e0-dire de confier, pour ce, la d\u00e9cision \u00e0 l&rsquo;administration de faire ou de ne pas faire qu&rsquo;un enfant n\u00e9 en France soit Fran\u00e7ais.<\/p>\n<p>Du c\u00f4t\u00e9 des fascistes qui s&rsquo;assument c&rsquo;est du pain b\u00e9ni. Bient\u00f4t, une fois le principe acquis, qui pourra \u00eatre revendiqu\u00e9 en tant que r\u00e9ponse \u00e0 une demande populaire, les \u00a0\u00bb Fran\u00e7ais pas de souche \u00a0\u00bb ne seront plus, de droit, des fran\u00e7ais comme les autres. Un autre registre sera ouvert les concernant. Surtout quand il s&rsquo;agira de modifier un peu plus les rapports sociaux en vigueur, voire de tout remettre \u00e0 plat.<\/p>\n<p>Ce jour-l\u00e0, le \u00a0\u00bb droit du sang \u00a0\u00bb lui-m\u00eame ne servira pas \u00e0 grand-chose et l&rsquo;ordre qui sera alors \u00e9tabli, ne se formalisera pas du droit en g\u00e9n\u00e9ral.<\/p>\n<h2><span style=\"color: #993300;\">Ahmed Halfaoui<\/span><\/h2>\n","protected":false},"excerpt":{"rendered":"<p>Ahmed Halfaoui Du Front national et des groupuscules fascistes, o\u00f9 il se confinait, le discours contre les immigr\u00e9s et les \u00a0\u00bb Fran\u00e7ais pas de souche \u00a0\u00bb est port\u00e9 sans aucune honte par des hommes politiques de plus en plus nombreux. En m\u00eame temps qu&rsquo;il engrosse la soci\u00e9t\u00e9 devenue f\u00e9conde \u00e0 sa semence. Tout avait commenc\u00e9 [&hellip;]<\/p>\n","protected":false},"author":1,"featured_media":834,"comment_status":"closed","ping_status":"closed","sticky":false,"template":"","format":"standard","meta":{"footnotes":""},"categories":[4],"tags":[],"class_list":{"0":"post-3437","1":"post","2":"type-post","3":"status-publish","4":"format-standard","5":"has-post-thumbnail","7":"category-ahmed-halfaoui"},"_links":{"self":[{"href":"https:\/\/algerienetwork.com\/blog\/wp-json\/wp\/v2\/posts\/3437","targetHints":{"allow":["GET"]}}],"collection":[{"href":"https:\/\/algerienetwork.com\/blog\/wp-json\/wp\/v2\/posts"}],"about":[{"href":"https:\/\/algerienetwork.com\/blog\/wp-json\/wp\/v2\/types\/post"}],"author":[{"embeddable":true,"href":"https:\/\/algerienetwork.com\/blog\/wp-json\/wp\/v2\/users\/1"}],"replies":[{"embeddable":true,"href":"https:\/\/algerienetwork.com\/blog\/wp-json\/wp\/v2\/comments?post=3437"}],"version-history":[{"count":0,"href":"https:\/\/algerienetwork.com\/blog\/wp-json\/wp\/v2\/posts\/3437\/revisions"}],"wp:featuredmedia":[{"embeddable":true,"href":"https:\/\/algerienetwork.com\/blog\/wp-json\/"}],"wp:attachment":[{"href":"https:\/\/algerienetwork.com\/blog\/wp-json\/wp\/v2\/media?parent=3437"}],"wp:term":[{"taxonomy":"category","embeddable":true,"href":"https:\/\/algerienetwork.com\/blog\/wp-json\/wp\/v2\/categories?post=3437"},{"taxonomy":"post_tag","embeddable":true,"href":"https:\/\/algerienetwork.com\/blog\/wp-json\/wp\/v2\/tags?post=3437"}],"curies":[{"name":"wp","href":"https:\/\/api.w.org\/{rel}","templated":true}]}}