{"id":4841,"date":"2015-09-10T09:00:14","date_gmt":"2015-09-10T09:00:14","guid":{"rendered":"https:\/\/algerienetwork.com\/blog\/?p=4841"},"modified":"2019-01-30T11:08:45","modified_gmt":"2019-01-30T11:08:45","slug":"le-sepulcre-du-bey-bouchelaghem-16-1734-patrimoine-en-peril","status":"publish","type":"post","link":"https:\/\/algerienetwork.com\/blog\/le-sepulcre-du-bey-bouchelaghem-16-1734-patrimoine-en-peril\/","title":{"rendered":"Le s\u00e9pulcre du Bey Bouchelaghem (16?? &#8211; 1734) : PATRIMOINE EN P\u00c9RIL."},"content":{"rendered":"<h3 style=\"text-align: center;\"><img loading=\"lazy\" decoding=\"async\" class=\"alignnone size-medium wp-image-8198\" src=\"https:\/\/algerienetwork.com\/blog\/wp-content\/uploads\/2015\/09\/Bouchelaghem-5-300x159.jpg\" alt=\"\" width=\"300\" height=\"159\" srcset=\"https:\/\/algerienetwork.com\/blog\/wp-content\/uploads\/2015\/09\/Bouchelaghem-5-300x159.jpg 300w, https:\/\/algerienetwork.com\/blog\/wp-content\/uploads\/2015\/09\/Bouchelaghem-5.jpg 383w\" sizes=\"auto, (max-width: 300px) 100vw, 300px\" \/><\/h3>\n<h3 style=\"text-align: center;\"><strong><u>Par Mohamed \u2013 Senni El M\u2019haji.<\/u><\/strong><\/h3>\n<p style=\"text-align: justify;\">Avant d\u2019aller plus loin, je dois dire que j\u2019ai toujours consid\u00e9r\u00e9 \u2013 et je continue \u00e0 le soutenir &#8211; que les 309 ann\u00e9es pass\u00e9es par les Ottomans en Alg\u00e9rie ont \u00e9t\u00e9 une colonisation, avec ses sp\u00e9cificit\u00e9s propres, comme notre pays en a connu durant plus de deux mill\u00e9naires et sera appel\u00e9 \u00e0 \u00a0conna\u00eetre, \u00e0 l\u2019agonie des repr\u00e9sentants de La Sublime Porte dans notre pays, la seule qu&rsquo;il retiendra. Sur ce sujet, je suis conscient que beaucoup, pour diverses motivations, ne partageront pas mon avis et je reconnais que c\u2019est leur droit. Progressivement, je me fis \u00e0 l\u2019id\u00e9e et finis par admettre que la pr\u00e9sence ottomane ayant eu beaucoup d\u2019impacts sur les autochtones fait partie int\u00e9grante de notre double patrimoine immobilier et intellectuel m\u00eame si ce dernier est circonscrit \u00e0 sa proportion congrue.<\/p>\n<p style=\"text-align: justify;\">Il y a un autre aspect qui rev\u00eat une importance que je me hasarde \u00e0 qualifier de <strong>capitale<\/strong>\u00a0: des \u00e9v\u00e9nements ont eu lieu et, s\u2019ils n\u2019avaient pas \u00e9t\u00e9 conjur\u00e9s par les Turcs, bien soutenus par les autochtones parce que la cause \u00e9tait d\u00e9fendable, planerait une tr\u00e8s forte probabilit\u00e9\u00a0pour que l\u2019Alg\u00e9rie ne soit jamais devenue telle que nous la connaissons aujourd\u2019hui. Et c\u2019est ce qui m\u2019a amen\u00e9 alors \u00e0 \u00ab\u00a0ouvrir le dossier\u00a0\u00bb du <strong>Bey Bouchelaghem<\/strong>.<\/p>\n<p style=\"text-align: justify;\">Avant de rentrer dans le vif du sujet, je rappelle que le beylik de l\u2019Ouest n\u2019existe que depuis 1686. Le d\u00e9volu de Husse\u00efn Pacha d\u2019Alger fut jet\u00e9 sur la ville de Mazouna qui \u00e9tait alors un v\u00e9ritable p\u00f4le scientifique.<\/p>\n<p style=\"text-align: center;\"><img loading=\"lazy\" decoding=\"async\" class=\"alignnone size-full wp-image-8179\" src=\"https:\/\/algerienetwork.com\/blog\/wp-content\/uploads\/2016\/03\/Mazouna.jpg\" alt=\"\" width=\"284\" height=\"213\" \/><\/p>\n<p style=\"text-align: center;\"><img loading=\"lazy\" decoding=\"async\" class=\"size-full wp-image-7075 aligncenter\" src=\"https:\/\/algerienetwork.com\/blog\/wp-content\/uploads\/2015\/09\/Mazouna.jpg\" alt=\"\" width=\"284\" height=\"213\" \/>Mazouna<\/p>\n<p>Pour comprendre le choix du Dey, nous recommandons aux lecteurs de feuilleter les livres suivants pour avoir une id\u00e9e aussi fine que possible de l\u2019importance de Mazouna\u00a0sur laquelle nous avons d\u00e9j\u00e0 accompli un modeste travail que nous tenons \u00e0 la disposition de ceux qui le souhaitent:<\/p>\n<p style=\"text-align: justify;\">(1).\u00a0 l\u2019Histoire <strong>d\u2019Ibn Khaldoun<\/strong> (1332-1406), 4 volumes, traduite par le <strong>Baron de Slane<\/strong>, librairie Paul\u00a0 Geuthner (Paris 1978) et plus pr\u00e9cis\u00e9ment aux tomes III (pages 314, 319 et 370) et IV (pages 13, 142, 145 et 146).<\/p>\n<p style=\"text-align: justify;\">(2). \u00ab\u00a0 <strong>Chroniques d\u2019Oran, d\u2019Alger, d\u2019Espagne et de France jusqu\u2019\u00e0 la fin du XIX\u00e8me si\u00e8cle \u00bb dont le titre en arabe est\u00a0: \u00ab <\/strong><strong>\u0637\u0640\u0640\u064f\u0644\u064f\u0648\u0639\u064f \u0633\u064e\u0639\u0652\u062f \u0627\u0644\u0633\u0651\u064c\u0639\u064f\u0640\u0640\u0648\u062f<\/strong>\u00a0<strong>\u00bb, <\/strong><strong>\u00a0<\/strong><strong>\u00abTulu\u2019 Sa\u2019d \u2013 A\u2019s Su\u2019u\u2019d\u00a0\u00bb de Ben Aouda El M\u2019zari<\/strong>, publi\u00e9 par Dar Algharb Al Islami de Beyrouth en 1990 et o\u00f9 Mazouna est <em>cit\u00e9e dix fois<\/em> dans le premier tome. Ce livre, dont l\u2019auteur n\u2019est autre que le petit\u00a0 neveu de <strong>Mustapha Ben Sma\u00efl,<\/strong> qui fut tu\u00e9 le 16 mai 1843, sur le territoire des Flitas apr\u00e8s avoir particip\u00e9, aux c\u00f4t\u00e9s du <strong>Duc d\u2019Aumale<\/strong>, fils du Roi des Fran\u00e7ais, \u00e0 la prise de la Smala de l\u2019Emir Abd\u2013El -Kader, doit \u00eatre lu avec les plus grandes pr\u00e9cautions sauf, peut \u2013 \u00eatre, pour les r\u00e9cits anecdotiques.<\/p>\n<p>(3).\u00a0 La Revue Africaine.<\/p>\n<p>(4). \u00abL\u2019Int\u00e9rieur du Maghreb\u00a0au XIV\u00e8me-XIX\u00e8me si\u00e8cle\u00bb. Jacques Berque. Editions Gallimard. 1978.<\/p>\n<p style=\"text-align: justify;\">C\u2019est\u00a0 <strong>Husse\u00efn Ben Khe\u00efreddine Pacha <\/strong>qui\u00a0 installa, en 1668,\u00a0 le premier Bey pour la r\u00e9gion Ouest \u00e0 Mazouna. Neuf autres le suivront. Les habitants\u00a0 allaient \u00eatre \u00e9trangl\u00e9s par des spoliations immobili\u00e8res\u00a0 au profit des familles maraboutiques et par des imp\u00f4ts pr\u00e9lev\u00e9s par les Turcs. Ce ph\u00e9nom\u00e8ne allait toucher toutes les r\u00e9gions de l&rsquo;Ouest. Pour celles auxquelles le Beylik ne pouvait pas acc\u00e9der faute d&rsquo;effectifs suffisants, la besogne \u00e9tait confi\u00e9e \u00e0 des serviteurs z\u00e9l\u00e9s qui se recrutaient au sein de factions des <strong>B\u00e9ni Amer <\/strong>qui ont toujours marqu\u00e9\u00a0 promptitude et disponibilit\u00e9 \u00e0 se mettre au service du ma\u00eetre de l\u2019heure<\/p>\n<p style=\"text-align: center;\">\u00a0 \u00a0 \u00a0 \u00a0 \u00a0 \u00a0 \u00a0 \u00a0 \u00a0 \u00a0 \u00a0 \u00a0 \u00a0 \u00a0 2.\u00a0<strong style=\"text-align: center; line-height: 1.5;\"><u>Le Bey Mustapha Bouchelaghem. Sources\u00a0: (2) Tome 1, pages 274 et suivantes.<\/u><\/strong><\/p>\n<p style=\"text-align: center;\"><strong><u>2.1. Origines.\u00a0\u00a0 <\/u><\/strong><\/p>\n<p style=\"text-align: justify;\">En examinant ce qui va suivre, on peut affirmer, sans le moindre doute, que notre\u00a0 Bey est originaire des environs de Mascara et \u00e9tait d&rsquo;origine arabe. Aucun texte \u2013 du moins pour le moment et jusqu\u2019\u00e0 plus ample inform\u00e9 &#8211;\u00a0 n\u2019aborde son ann\u00e9e de naissance pendant que celle de son d\u00e9c\u00e8s avec la dur\u00e9e de son exercice comme Bey sont parfaitement circonscrites. La dur\u00e9e de son \u00ab\u00a0mandat\u00a0\u00bb est diff\u00e9rente de celle affich\u00e9e par le Professeur Bouaziz Yahya en marge de la source que nous avons utilis\u00e9e (2).<\/p>\n<p>Cela n\u2019a toutefois pas d&rsquo;incidence sur ce qui motive notre int\u00e9r\u00eat pour l\u2019homme\u00a0: son exceptionnel apport dont profitera essentiellement notre pays\u2026<strong>pour l\u2019\u00e9ternit\u00e9<\/strong>.<\/p>\n<p style=\"text-align: justify;\">C\u2019\u00e9tait Bouchelaghem Ben Youcef Ben Mohamed Ben Ishak El-Mesrati dont l\u2019ascendance s\u2019\u00e9tait install\u00e9e \u00e0 Sidi Rached, construite par le grand-p\u00e8re direct de Bouchelaghem et connue sous d\u2019autres noms tels El-Kalaa, la Casbah El-Mesratia et la Casbah de B\u00e9ni Youcef, d\u00e9pendant aujourd&rsquo;hui de Yellal.<\/p>\n<p style=\"text-align: justify;\">L\u00e0 est n\u00e9 son p\u00e8re, Youcef. Celui-ci, jeune orphelin de p\u00e8re et de m\u00e8re, \u00a0fut \u00e9lev\u00e9 par sa grand-m\u00e8re maternelle. A l\u2019\u00e2ge adulte, il rejoignit Alger et s\u2019engagea dans l\u2019arm\u00e9e ottomane.<\/p>\n<p style=\"text-align: justify;\">A cette \u00e9poque s\u00e9vissait, \u00e0 l\u2019Est, un redoutable brigand de grands chemins, pr\u00e9nomm\u00e9 Younes, qui commit tant de m\u00e9faits, tant d\u2019agressions et de crimes que de nombreuses plaintes furent \u00e9lev\u00e9es au Pacha d\u2019Alger. Celui-ci leva des contingents militaires auxquels il confia la mission de mettre fin aux activit\u00e9s de ce coupe-gorges.<\/p>\n<p style=\"text-align: justify;\">Alors que la troupe s\u2019appr\u00eatait \u00e0 s\u2019\u00e9lancer, le Pacha leur dit : <strong>\u00ab\u00a0Le mal caus\u00e9 aux Musulmans par ce brigand\u00a0 est devenu insupportable\u00a0; les chemins sont\u00a0 ins\u00e9curis\u00e9s par ses exactions. N\u2019\u00e9prouvez-vous aucune honte \u00e0 me solliciter pour le combattre avec mon arm\u00e9e alors qu\u2019il agit seul\u00a0?\u00a0\u00bb.<\/strong><\/p>\n<p style=\"text-align: justify;\">C\u2019est alors que Youssef Al-Mesrati dit au Pacha\u00a0: <strong>\u00ab\u00a0Ma\u00eetre\u00a0! Je peux me charger seul de vous en d\u00e9barrasser.\u00a0\u00bb<\/strong> Et c\u2019est ce qu\u2019il fit. A son retour \u00e0 Alger, le Pacha, s\u00e9duit par sa bravoure, lui proposa de choisir un parmi trois beyliks pour le nommer \u00e0 sa t\u00eate. Il d\u00e9clina l\u2019offre et demanda simplement \u00e0 \u00eatre le khalifat du Bey de Constantine ce qu\u2019il obtint.<\/p>\n<p style=\"text-align: justify;\">Apr\u00e8s plusieurs ann\u00e9es pass\u00e9es \u00e0 l\u2019Est, il revint \u00e0 l\u2019Ouest, commen\u00e7a par s\u2019installer \u00e0 Mostaganem puis finit par retourner \u00e0 El \u2013 Kalaa, terre de ses anc\u00eatres, en tant que Khalifa et ce jusqu\u2019\u00e0 sa mort laissant derri\u00e8re lui une fille et huit gar\u00e7ons\u00a0: Kharoufa (la fille), <strong>Mustapha Bouchelaghem (1), Youcef (2), Mustapha Lahmar (3),\u00a0 Mohamed Boutaleb Mejaji (4), Mustapha Ka\u00efd (5), <\/strong>Mohamed Zerk Al-A\u00efn, Mohamed\u00a0 Ben Zerka et Abed, les cinq premiers, \u00e9crits en caract\u00e8res gras et les chiffres entre parenth\u00e8ses indiquant l\u2019ordre dans lequel ils se sont succ\u00e9d\u00e9 au pouvoir.<\/p>\n<p style=\"text-align: justify;\">Mustapha Bouchelaghem fut nomm\u00e9 Bey, \u00e0 Mazouna, en 1686 et transf\u00e9ra le si\u00e8ge du Beylik de l\u2019Ouest \u00e0 Mascara puis \u00e0 Oran. Il fut \u00e0 sa t\u00eate durant 48 ans. Youcef lui succ\u00e9da en 1735 pour une ann\u00e9e seulement. Mustapha Lahmar exer\u00e7a durant huit ans et est enterr\u00e9, tout comme son fr\u00e8re Youcef, pr\u00e8s de Bouchelaghem. En 1743 lui succ\u00e9da son fr\u00e8re Mustapha Ka\u00efd\u00a0 pour une dur\u00e9e de six ann\u00e9es. Ainsi donc, cette famille fut \u00e0 la t\u00eate du Beylik de l\u2019Ouest durant\u00a0 63\/64 ans.<\/p>\n<p style=\"text-align: justify;\">Il est admis unanimement que les Beys El- Mesratiyyine furent des dirigeants sages, pieux, particuli\u00e8rement braves et personnages\u00a0 de grand m\u00e9rite. Ils laiss\u00e8rent une descendance limit\u00e9e. Bouchelaghem et Ka\u00efd n\u2019eurent que des filles tandis que Mohamed Zerk Al-A\u00efn, Youcef, Mohamed Abou Taleb Mejaji et Mustapha Lahmar ne procr\u00e9\u00e8rent pas. Seuls Abed et Mohamed Ben Zerka eurent des descendants m\u00e2les. On rencontre de nos jours nombre de leurs enfants.<\/p>\n<p style=\"text-align: center;\"><strong>\u00a0 \u00a0 \u00a0 \u00a0 \u00a0 \u00a0 \u00a0 \u00a0 \u00a0 \u00a0 \u00a0 \u00a0 \u00a0 \u00a0 \u00a0 \u00a0 \u00a0 \u00a0 \u00a0 \u00a0\u00a0<u>2.2. L\u2019\u0153uvre de Mustapha Bouchelaghem.<\/u>\u00a0 \u00a0<\/strong><\/p>\n<p style=\"text-align: left;\"><strong>\u00a0 \u00a0 \u00a0 \u00a0 \u00a0 \u00a0 \u00a0 \u00a0 \u00a0 \u00a0 \u00a0 \u00a0 \u00a0 \u00a0 \u00a0 \u00a0 \u00a0 \u00a0 \u00a0 \u00a0 \u00a0 \u00a0 \u00a0 \u00a0 \u00a0 \u00a0 \u00a0 \u00a0 \u00a0 \u00a0 \u00a0 \u00a0 \u00a0 \u00a0 \u00a0 \u00a0 \u00a0 \u00a0 \u00a0 \u00a0 \u00a0 \u00a0 \u00a0 \u00a0 \u00a0 \u00a0 \u00a0 \u00a0 \u00a0 \u00a0 \u00a0 \u00a0 \u00a0 \u00a0 \u00a0 \u00a0 \u00a0 \u00a0 \u00a0 \u00a0 \u00a0 \u00a0 \u00a0 \u00a0 \u00a0 \u00a0 \u00a0 \u00a0 \u00a0 \u00a0 \u00a0 \u00a0 \u00a0 \u00a0 \u00a0 \u00a0 \u00a0 \u00a0 \u00a0 \u00a0 \u00a0 \u00a0 \u00a0 \u00a0 \u00a0 \u00a0 \u00a0 \u00a0 \u00a0 \u00a0 \u00a0 \u00a0 \u00a0 \u00a0 \u00a0 \u00a0 \u00a0 \u00a0 \u00a0 \u00a0 \u00a0 \u00a0 \u00a0 \u00a0 \u00a0 \u00a0 \u00a0 \u00a0 \u00a0 \u00a0 \u00a0 \u00a0 \u00a0 \u00a0 \u00a0 \u00a0<\/strong>Il est paradoxal que, de toute l\u2019\u0153uvre de ce Bey, ne soit retenue que la bataille pour la reprise d\u2019Oran des Espagnols qu\u2019il mena par de hauts faits d\u2019armes et o\u00f9 il p\u00e9n\u00e9tra le 20 janvier 1708 apr\u00e8s un si\u00e8ge de 56 jours. Si ce fut une grande victoire il n\u2019en demeure pas moins qu\u2019une ann\u00e9e auparavant il en avait sign\u00e9 une autre, autrement plus importante et d\u00e9cisive, contre le troisi\u00e8me Sultan de la dynastie alaouite\u00a0: Moulay Isma\u00efl.<\/p>\n<p style=\"text-align: justify;\">Curieusement, et de mani\u00e8re tant inqui\u00e9tante qu\u2019inexplicable, cette glorieuse page semble <strong>totalement ignor\u00e9e de nos \u00ab\u00a0historiens\u00a0\u00bb.<\/strong> Si cette bataille avait \u00e9t\u00e9 perdue, non seulement l\u2019Alg\u00e9rie n\u2019aurait jamais connu sa configuration actuelle et Oran serait, selon toute vraisemblance, devenue un pr\u00e9side espagnol au m\u00eame titre que Sebta et Melilla\u2026ceci \u00e9tant dit sous toute r\u00e9serve.<\/p>\n<p><strong>\u00a0<\/strong>Examinons les tenants et les aboutissants de cette bataille de pr\u00e8s\u00a0:<\/p>\n<p style=\"text-align: justify;\">La dynastie alaouite vit le jour en 1631 dans le Tafilalet avec, \u00e0 sa t\u00eate Moulay Ch\u00e9rif Ben Ali qui fut le premier \u00e0 lorgner sur les territoires \u00e0 l\u2019Est du Maroc apr\u00e8s s\u2019\u00eatre empar\u00e9 du Sultanat en renversant ses cousins les Saadiens,\u00a0 incapables de diriger le pays.<\/p>\n<p>Une des grandes figures de cette dynastie fut Moulay Ismail qui succ\u00e9da \u00e0 son fr\u00e8re Moulay Rachid en 1672, \u00e0 l\u2019\u00e2ge de 25 ans et r\u00e9gna jusqu\u2019en 1727 soit 55 ans, r\u00e9alisant ainsi le deuxi\u00e8me plus long r\u00e8gne dans le monde arabe apr\u00e8s celui d\u2019El Moustansir El Abidi d\u2019Egypte qui d\u00e9tient le record avec 58 ans. \u00a0 \u00a0 \u00a0 \u00a0 \u00a0 \u00a0 \u00a0 \u00a0 \u00a0 \u00a0 \u00a0 \u00a0 \u00a0 \u00a0 \u00a0 \u00a0 \u00a0 \u00a0 \u00a0 \u00a0 \u00a0 \u00a0 \u00a0 \u00a0 \u00a0 \u00a0 \u00a0 \u00a0 \u00a0 \u00a0 \u00a0 \u00a0 \u00a0 \u00a0 \u00a0 \u00a0 \u00a0 \u00a0 \u00a0 \u00a0 \u00a0 \u00a0 \u00a0 \u00a0 \u00a0 \u00a0 \u00a0 \u00a0 \u00a0 \u00a0 \u00a0 \u00a0 \u00a0 \u00a0 \u00a0 \u00a0 \u00a0 \u00a0 \u00a0 \u00a0 \u00a0 \u00a0 \u00a0 \u00a0 \u00a0 \u00a0 \u00a0 \u00a0 \u00a0 \u00a0 \u00a0 \u00a0 \u00a0 \u00a0 \u00a0 \u00a0 \u00a0 \u00a0 \u00a0 \u00a0 \u00a0 \u00a0 \u00a0 \u00a0 \u00a0 \u00a0 \u00a0 \u00a0 \u00a0 \u00a0 \u00a0<strong>\u00a0 \u00a0 \u00a0 \u00a0 \u00a0 \u00a0 \u00a0 \u00a0 \u00a0 \u00a0 \u00a0 \u00a0 \u00a0 \u00a0 \u00a0 \u00a0 \u00a0 \u00a0 \u00a0 \u00a0 \u00a0 \u00a0 \u00a0 \u00a0 \u00a0 \u00a0 \u00a0 \u00a0 \u00a0 \u00a0 \u00a0 \u00a0 \u00a0 \u00a0 \u00a0 \u00a0 \u00a0 \u00a0 \u00a0 \u00a0 \u00a0 \u00a0 \u00a0 \u00a0 \u00a0 \u00a0 \u00a0 \u00a0 \u00a0 \u00a0 \u00a0 \u00a0 \u00a0 \u00a0 \u00a0 \u00a0 \u00a0 \u00a0 \u00a0 \u00a0 \u00a0 \u00a0 \u00a0 \u00a0 \u00a0 \u00a0 \u00a0 \u00a0 \u00a0 \u00a0 \u00a0 \u00a0 \u00a0 \u00a0 \u00a0 \u00a0 \u00a0 \u00a0 \u00a0 \u00a0 \u00a0 \u00a0 \u00a0 \u00a0 \u00a0 \u00a0 \u00a0 \u00a0 \u00a0 \u00a0 \u00a0 \u00a0 \u00a0 \u00a0 \u00a0 \u00a0 \u00a0 \u00a0 \u00a0 \u00a0 \u00a0 \u00a0 \u00a0 \u00a0 \u00a0 \u00a0 \u00a0 \u00a0 \u00a0 \u00a0 \u00a0 <img loading=\"lazy\" decoding=\"async\" class=\"size-medium wp-image-8200 aligncenter\" src=\"https:\/\/algerienetwork.com\/blog\/wp-content\/uploads\/2015\/09\/Moulay-Isma\u00efl-300x171.jpg\" alt=\"\" width=\"300\" height=\"171\" srcset=\"https:\/\/algerienetwork.com\/blog\/wp-content\/uploads\/2015\/09\/Moulay-Isma\u00efl-300x171.jpg 300w, https:\/\/algerienetwork.com\/blog\/wp-content\/uploads\/2015\/09\/Moulay-Isma\u00efl.jpg 375w\" sizes=\"auto, (max-width: 300px) 100vw, 300px\" \/>\u00a0 \u00a0 \u00a0 \u00a0 \u00a0 \u00a0 \u00a0 \u00a0 \u00a0 \u00a0 \u00a0 \u00a0 \u00a0 \u00a0 \u00a0 \u00a0<a href=\"https:\/\/algerienetwork.com\/blog\/wp-content\/uploads\/2015\/09\/MoulaySlimane.jpg\"><br \/>\n<\/a>\u00a0 \u00a0 \u00a0 \u00a0 \u00a0 \u00a0 \u00a0 \u00a0 \u00a0 \u00a0 \u00a0 \u00a0 \u00a0 \u00a0 \u00a0 \u00a0 \u00a0 \u00a0 \u00a0 \u00a0 \u00a0 \u00a0 \u00a0 \u00a0 \u00a0 \u00a0 \u00a0 \u00a0 \u00a0 \u00a0 \u00a0 \u00a0 \u00a0 \u00a0 \u00a0 \u00a0 \u00a0 \u00a0 \u00a0 \u00a0 \u00a0 \u00a0 \u00a0 \u00a0Le Sultan du Maroc Moulay Isma\u00efl. <\/strong><\/p>\n<p><strong>\u00a0 \u00a0M<\/strong>oulay Isma\u00efl jeta les assises qui constitu\u00e8rent la configuration p\u00e9renne de cette dynastie. Il leva une arm\u00e9e d\u2019esclaves noirs, tr\u00e8s d\u00e9vou\u00e9s dont le nombre atteindra 150 000 hommes.<\/p>\n<p style=\"text-align: justify;\">Cette arm\u00e9e fut d\u00e9nomm\u00e9e <strong>\u00ab\u00a0Abid El \u2013 Boukhari\u00a0\u00bb<\/strong> car tous ses soldats pr\u00eataient serment de fid\u00e9lit\u00e9 sur le <strong>\u00ab\u00a0Sahih d\u2019El Boukhari\u00a0\u00bb <\/strong>auxquels il faut ajouter un corps d\u2019\u00e9lite d\u00e9nomm\u00e9 <strong>\u00ab\u00a0l\u2019arm\u00e9e ouda\u00efa\u00a0\u00bb<\/strong> constituant la garde rapproch\u00e9e du Makhzen<strong>.<\/strong><\/p>\n<p style=\"text-align: justify;\">\u00a0Ce Sultan fut le troisi\u00e8me \u00e0 succomber \u00e0 la tentation\u00a0 d\u2019annexer les territoires alg\u00e9riens. A ce sujet quelques versions s\u2019affrontent\u00a0: la premi\u00e8re cit\u00e9e par Benaouda El Mzari\u00a0 nous apprend que <strong>\u00ab\u00a0 le Sultan marcha sur Oran, alors aux mains des Espagnols et, apr\u00e8s un vain si\u00e8ge, se rendit compte qu\u2019il ne pouvait la prendre\u00a0\u00bb<\/strong> \u00e0 cause de ses fortifications et son syst\u00e8me de d\u00e9fense.<\/p>\n<p style=\"text-align: justify;\">\u00a0 <strong>\u00a0\u00a0<\/strong>Il prit le chemin de l\u2019Est, vers Mascara\u00a0? Vers Alger\u00a0? Nul ne peut le dire quoique&#8230; Il d\u00e9passe Tl\u00e9lat de quelques kilom\u00e8tres vers Sig et tombe sur Bouchelaghem, Bey de Mascara qui an\u00e9antit enti\u00e8rement son arm\u00e9e dans la for\u00eat qui allait porter son nom\u00a0: For\u00eat de Moulay Ismail, Zeboudjet El Wasat (<strong>\u063a\u0627\u0628\u0629 \u0645\u0648\u0644\u0627\u064a \u0625\u0633\u0645\u0627\u0639\u064a\u0644 \u0632\u0628\u0648\u062c\u0629 \u0627\u0644\u0648\u0633\u0637<\/strong>) non loin de l\u2019actuelle \u00ab\u00a0Mare d\u2019eau\u00a0\u00bb.<\/p>\n<p style=\"text-align: justify;\">Une ann\u00e9e apr\u00e8s, le m\u00eame Bey assi\u00e9gera Oran qui capitulera au bout de 56 jours de r\u00e9sistance comme d\u00e9j\u00e0 signal\u00e9. Benaouda El Mzari situe l\u2019\u00e9crasement de Moulay Ismail en 1701. Ce ne peut \u00eatre possible car c\u2019est au cours de cette ann\u00e9e et exactement au m\u00eame endroit que <strong>\u00ab\u00a0 fut battu le marquis de Santa Cruz aux confins du pays des Hchems\u00a0\u00bb <\/strong>(Commandant Derrien).<\/p>\n<p style=\"text-align: justify;\">Nous pencherons davantage pour la deuxi\u00e8me\u00a0 version, celle de ce Commandant\u00a0 qui situe l\u2019\u00e9v\u00e9nement en 1707. Quant au marocain Ahmed Naciri, dans son Istiqsa (<strong>\u0643\u062a\u0627\u0628 \u0627\u0644\u0625\u0633\u062a\u0642\u0635\u0649 \u0641\u064a \u0623\u062e\u0628\u0627\u0631 \u062f\u0648\u0644 \u0627\u0644\u0645\u063a\u0631\u0628 \u0627\u0644\u0623\u0642\u0635\u0649<\/strong><strong>)<\/strong>, sa version est tout autre\u00a0: <strong>Moulay Ismail, avec toutes ses troupes, marcha sur Alger pour en chasser les Turcs. Il\u00a0 aurait \u00e9t\u00e9 rejoint par Hmiyane, B\u00e9ni Amer, El Hchem, Ouled Jerir <\/strong>(du Sud de Mascara) <strong>et campa aux\u00a0 abords de l\u2019Oued Chlef. Il fut surpris par les Turcs venus d\u2019Alger et<\/strong>, toujours selon l\u2019auteur, <strong>la d\u00e9fection des B\u00e9ni Amer cr\u00e9a le d\u00e9sarroi parmi les troupes alg\u00e9riennes, abandonnant le Sultan qui retourna avec son arm\u00e9e intacte \u00e0 Mekn\u00e8s, sa capitale<\/strong>.<\/p>\n<p style=\"text-align: justify;\">Cette version, fort ubuesque, n\u2019est pas cr\u00e9dible pour au moins trois raisons\u00a0:<\/p>\n<p>&#8211; La premi\u00e8re est que le Bey Bouchelaghem avait install\u00e9 des postes avanc\u00e9s, diss\u00e9min\u00e9s autour d\u2019Oran ainsi que d\u2019autres places pour surveiller tous les mouvements des Espagnols. Il est impensable que le passage d\u2019une importante arm\u00e9e ne f\u00fbt pas remarqu\u00e9 et nous comprenons parfaitement l\u2019assertion de Ahmed Naciri qui \u00e9tait, il ne faut pas l\u2019oublier, historien palatin.<\/p>\n<p>-La deuxi\u00e8me est que le nom de la for\u00eat de Moulay Ismail se retrouve dans beaucoup d\u2019\u00e9crits corroborant le fait que c\u2019est bien l\u00e0 que le Sultan fut d\u00e9fait lourdement par le Bey Bouchelaghem malgr\u00e9 l\u2019avantage num\u00e9rique nettement en faveur du Marocain.<\/p>\n<p style=\"text-align: justify;\">-La troisi\u00e8me est que le Cheikh BOURAS a compos\u00e9 un po\u00e8me, ais\u00e9ment consultable, qui reprend les d\u00e9tails de la pr\u00e9sence du Sultan autour d\u2019Oran et surtout la fameuse phrase qu\u2019il lan\u00e7a du haut d\u2019El Me\u00efda apr\u00e8s avoir constat\u00e9 les fortifications de la ville et dans laquelle il dit\u00a0: <strong>\u00ab\u00a0c\u2019est (Oran) un serpent sous une pierre qui fait mal et \u00e0 qui on ne peut faire mal\u00a0\u00bb<\/strong>.<\/p>\n<h3 style=\"text-align: center;\"><strong>\u0647\u0630\u0647 \u0623\u0641\u0639\u0649 \u062a\u062d\u062a \u062d\u062c\u0631 \u062a\u064f\u0636\u0650\u0631\u0651\u064f \u0648 \u0644\u0627 \u062a\u064f\u0636\u064e\u0631\u0651\u064f<\/strong>.<\/h3>\n<p style=\"text-align: justify;\">Les Turcs lui signifi\u00e8rent de respecter les limites frontali\u00e8res admises d\u00e9j\u00e0 par ses pr\u00e9d\u00e9cesseurs. Comme signal\u00e9 plus haut, c\u2019est en 1701 que le marquis de Santa Cruz fut d\u00e9fait par le Bey Bouchelaghem.<\/p>\n<p style=\"text-align: justify;\">Le Bey s\u2019installa donc d\u00e9but 1708 \u00e0 Oran, fit de nouveau face, en 1732, aux Espagnols qui parvinrent \u00e0 reprendre la ville. Il dut s\u2019installer \u00e0 Mostaganem o\u00f9 il rendit l\u2019\u00e2me deux ann\u00e9es plus tard (1734). En septembre 1714, il avait\u00a0 fait b\u00e2tir, \u00e0 Mostaganem, un mausol\u00e9e pour y \u00eatre enterr\u00e9. De m\u00eame qu\u2019il acquit un terrain mitoyen sous le statut de\u00a0\u00ab\u00a0Hbous\u00a0\u00bb, bien de mainmorte, pour en faire un cimeti\u00e8re pour sa descendance exclusivement. En rejoignant Mostaganem, il fut accompagn\u00e9 par son fid\u00e8le Agha, chef de toutes ses arm\u00e9es, issu d\u2019une grande noblesse d\u2019armes\u00a0: Al \u2013 Bachir Ben Ahmed Ben El \u2013 Makhzoumi (des B\u2019ha\u00efthiyya <strong>\u0627\u0644\u0628\u062d\u0627\u064a\u062b\u064a\u0629<\/strong><strong>), <\/strong>descendants des Souyid, faction la plus \u00e9tendue des Arabes hilaliens.<\/p>\n<p style=\"text-align: justify;\">Les deux hommes \u00e9rig\u00e8rent, chacun, un fort\u00a0: celui du Bey fut d\u00e9sign\u00e9 par <strong>\u00ab\u00a0le Fort des Turcs\u00a0\u00bb<\/strong> et celui de son compagnon par <strong>\u00ab\u00a0Fort de Cantonnement\u00a0\u00bb, <\/strong>connu, apr\u00e8s l\u2019occupation fran\u00e7aise par <strong>\u00ab\u00a0Le Fort du G\u00e9nie\u00a0\u00bb<\/strong> qui avait servi aux troupes turques auparavant. L\u2019Agha d\u00e9c\u00e9da le 12 juillet 1737 et fut enterr\u00e9 pr\u00e8s de son chef.<\/p>\n<p>&nbsp;<\/p>\n<p>&nbsp;<\/p>\n<p><img loading=\"lazy\" decoding=\"async\" class=\"alignnone size-medium wp-image-8203\" src=\"https:\/\/algerienetwork.com\/blog\/wp-content\/uploads\/2015\/09\/Bouchelaghem-1-300x177.jpg\" alt=\"\" width=\"300\" height=\"177\" srcset=\"https:\/\/algerienetwork.com\/blog\/wp-content\/uploads\/2015\/09\/Bouchelaghem-1-300x177.jpg 300w, https:\/\/algerienetwork.com\/blog\/wp-content\/uploads\/2015\/09\/Bouchelaghem-1.jpg 355w\" sizes=\"auto, (max-width: 300px) 100vw, 300px\" \/>\u00a0 \u00a0 \u00a0 \u00a0 \u00a0 \u00a0 \u00a0 \u00a0 \u00a0 \u00a0 \u00a0 \u00a0 \u00a0 \u00a0 \u00a0 \u00a0 \u00a0 \u00a0 \u00a0 \u00a0 \u00a0 \u00a0 \u00a0 \u00a0 \u00a0 \u00a0 \u00a0 \u00a0 \u00a0 \u00a0 \u00a0\u00a0<img loading=\"lazy\" decoding=\"async\" class=\"alignnone size-medium wp-image-8204\" src=\"https:\/\/algerienetwork.com\/blog\/wp-content\/uploads\/2015\/09\/Bouchelaghem-2-300x160.jpg\" alt=\"\" width=\"300\" height=\"160\" srcset=\"https:\/\/algerienetwork.com\/blog\/wp-content\/uploads\/2015\/09\/Bouchelaghem-2-300x160.jpg 300w, https:\/\/algerienetwork.com\/blog\/wp-content\/uploads\/2015\/09\/Bouchelaghem-2.jpg 382w\" sizes=\"auto, (max-width: 300px) 100vw, 300px\" \/><\/p>\n<p style=\"text-align: center;\"><strong><u>Le Fort des Turcs (En bon \u00e9tat parce qu\u2019h\u00e9bergeant le Mus\u00e9e arch\u00e9ologique)\u00a0 et\u00a0 v<\/u><\/strong><strong><u>ue sur le vieux (XI \u00e8me) et le nouveau Mostaganem \u00e0 partir du Fort.<\/u><\/strong><\/p>\n<p><a href=\"https:\/\/algerienetwork.com\/blog\/wp-content\/uploads\/2015\/09\/Bouchelaghem3.jpg\"><br \/>\n<img loading=\"lazy\" decoding=\"async\" class=\"size-medium wp-image-7079 aligncenter\" src=\"https:\/\/algerienetwork.com\/blog\/wp-content\/uploads\/2015\/09\/Bouchelaghem3-300x160.jpg\" alt=\"\" width=\"300\" height=\"160\" \/><br \/>\n<\/a><\/p>\n<p style=\"text-align: center;\"><strong><u>Le Fort de Cantonnement devenu caserne du g\u00e9nie avec l&rsquo;occupant fran\u00e7ais.<\/u><\/strong><\/p>\n<p style=\"text-align: justify;\">Le long de ce mur,\u00a0 existe une s\u00e9rie de portes chacune donnant, comme le montrent les photos qui suivent, acc\u00e8s aux soldats fran\u00e7ais de divers corps. Au fond se trouvent les mausol\u00e9es de fr\u00e8res de Bouchelaghem et des membres de leurs familles\u00a0: un spectacle dantesque que nous aurions souhait\u00e9 ne jamais voir.<\/p>\n<p>&nbsp;<\/p>\n<p style=\"text-align: left;\">\u00a0 \u00a0 \u00a0 \u00a0 \u00a0 \u00a0\u00a0<img loading=\"lazy\" decoding=\"async\" class=\"alignnone size-full wp-image-8205\" src=\"https:\/\/algerienetwork.com\/blog\/wp-content\/uploads\/2015\/09\/Bouchelaghem-4.2.jpg\" alt=\"\" width=\"193\" height=\"134\" \/>\u00a0 \u00a0 \u00a0 \u00a0 \u00a0 \u00a0 \u00a0 \u00a0 \u00a0 \u00a0 \u00a0 \u00a0 \u00a0 \u00a0 \u00a0\u00a0\u00a0 \u00a0 \u00a0 \u00a0 \u00a0 \u00a0 \u00a0<img loading=\"lazy\" decoding=\"async\" class=\"size-full wp-image-8206 alignnone\" src=\"https:\/\/algerienetwork.com\/blog\/wp-content\/uploads\/2015\/09\/Bouchelaghem-4.jpg\" alt=\"\" width=\"182\" height=\"132\" \/>\u00a0 \u00a0 \u00a0 \u00a0 \u00a0 \u00a0 \u00a0 \u00a0 \u00a0 \u00a0 \u00a0 \u00a0\u00a0<img loading=\"lazy\" decoding=\"async\" class=\"size-full wp-image-8215 alignright\" src=\"https:\/\/algerienetwork.com\/blog\/wp-content\/uploads\/2015\/09\/Bouchelagem-4.1.jpg\" alt=\"\" width=\"193\" height=\"134\" \/><\/p>\n<p>De gauche \u00e0 droite on peut lire sur les frontons des portes\u00a0: 1<sup>er<\/sup> R\u00e9giment de ligne, 15\u00a0<sup>\u00e8me<\/sup> R\u00e9giment L\u00e9ger\u00a0 et\u00a0 62\u00a0<sup>\u00e8me<\/sup> R\u00e9giment de ligne.<\/p>\n<p><img loading=\"lazy\" decoding=\"async\" class=\"size-medium wp-image-7083 aligncenter\" src=\"https:\/\/algerienetwork.com\/blog\/wp-content\/uploads\/2015\/09\/Bouchelaghem-5-300x159.jpg\" alt=\"\" width=\"300\" height=\"159\" \/><\/p>\n<p style=\"text-align: center;\"><strong><u>Mausol\u00e9e o\u00f9 est enterr\u00e9 le Bey Bouchelaghem.<\/u><\/strong><\/p>\n<p>&nbsp;<\/p>\n<p style=\"text-align: center;\">\n<p><img loading=\"lazy\" decoding=\"async\" class=\"size-medium wp-image-7084 aligncenter\" src=\"https:\/\/algerienetwork.com\/blog\/wp-content\/uploads\/2015\/09\/Bouchelaghem-6-300x184.jpg\" alt=\"\" width=\"300\" height=\"184\" \/><\/p>\n<p style=\"text-align: center;\"><strong><u>La porte (ou ce qu&rsquo;il en reste) du mausol\u00e9e.<\/u><\/strong><\/p>\n<p style=\"text-align: center;\"><img loading=\"lazy\" decoding=\"async\" class=\"alignnone size-medium wp-image-8212\" src=\"https:\/\/algerienetwork.com\/blog\/wp-content\/uploads\/2015\/09\/Bouchelaghem-7-1-300x158.jpg\" alt=\"\" width=\"300\" height=\"158\" srcset=\"https:\/\/algerienetwork.com\/blog\/wp-content\/uploads\/2015\/09\/Bouchelaghem-7-1-300x158.jpg 300w, https:\/\/algerienetwork.com\/blog\/wp-content\/uploads\/2015\/09\/Bouchelaghem-7-1.jpg 383w\" sizes=\"auto, (max-width: 300px) 100vw, 300px\" \/><\/p>\n<p>&nbsp;<\/p>\n<p style=\"text-align: center;\"><strong><u>Tombes du Bey et de son \u00e9pouse A\u00efchouche.<\/u><\/strong><\/p>\n<p style=\"text-align: justify;\">On nous signala \u00e0 l\u2019int\u00e9rieur du Mausol\u00e9e qu\u2019il existe plusieurs autres tombes qui ont \u00e9t\u00e9 recouvertes de b\u00e9ton donnant le sol tel qu\u2019il appara\u00eet sur la photo. De plus Benaouda Al-M\u2019Zari insiste bien sur le fait que l\u2019Agha du Bey fut enterr\u00e9 pr\u00e8s de lui. Le m\u00eame auteur soutient une autre hypoth\u00e8se\u00a0: le Bey aurait \u00e9t\u00e9 enterr\u00e9 \u00e0 Matmar ce qui, compte tenu de l\u2019engouement du Bey\u00a0 pour Mostaganem, son acquisition du terrain sous forme de \u00ab\u00a0Hbous\u00a0\u00bb comme nous l\u2019avons signal\u00e9 pour en faire un cimeti\u00e8re r\u00e9serv\u00e9 \u00e0 sa famille, relativise \u00e9norm\u00e9ment la th\u00e8se de son enterrement en dehors de la Capitale du Dahra.<\/p>\n<p style=\"text-align: justify;\">Il est quasiment s\u00fbr que s\u2019il avait eu \u00e0 choisir un autre lieu pour derni\u00e8re demeure autre que Mostaganem, il aurait choisi Al-Kalaa, son lieu de naissance et o\u00f9 repose l\u2019\u00e9crasante majorit\u00e9 de sa grande famille et particuli\u00e8rement son p\u00e8re. Les textes que nous avons eu longuement \u00e0 consulter situent sa tombe en contrebas du Fort des Turcs et le cimeti\u00e8re des siens \u00e0 quelque deux cents m\u00e8tres de son mausol\u00e9e.<\/p>\n<p style=\"text-align: center;\"><img loading=\"lazy\" decoding=\"async\" class=\"alignnone size-medium wp-image-8213\" src=\"https:\/\/algerienetwork.com\/blog\/wp-content\/uploads\/2015\/09\/Bouchelaghem-8-1-300x165.jpg\" alt=\"\" width=\"300\" height=\"165\" srcset=\"https:\/\/algerienetwork.com\/blog\/wp-content\/uploads\/2015\/09\/Bouchelaghem-8-1-300x165.jpg 300w, https:\/\/algerienetwork.com\/blog\/wp-content\/uploads\/2015\/09\/Bouchelaghem-8-1.jpg 383w\" sizes=\"auto, (max-width: 300px) 100vw, 300px\" \/><\/p>\n<p style=\"text-align: center;\"><strong><u>Vue plongeante, \u00e0 partir du Mausol\u00e9e, sur le vieux Mostaganem et la mer.<\/u><\/strong><\/p>\n<p style=\"text-align: justify;\">Le portique, \u00e0 gauche, d\u00e9bouche sur un escalier qui permet l\u2019acc\u00e8s \u00e0 deux jardins en palier. Celui du haut,\u00a0 pr\u00e9sente des s\u00e9pultures et celui du bas met en relief l\u2019acc\u00e8s d\u2019une \u00ab\u00a0annexe\u00a0\u00bb o\u00f9 les bienfaiteurs versaient leurs oboles pour l\u2019entretien des lieux.<\/p>\n<p style=\"text-align: justify;\">Nous savons, par ailleurs, qu\u2019\u00e0 l\u2019entr\u00e9e du Mausol\u00e9e \u00e9tait scell\u00e9e une plaque en pierre avec une \u00e9pitaphe dont le contenu se trouve dans nos sources. Cette plaque est inexistante et pourtant divers sites la montrent sur le Net\u2026\u00a0?<\/p>\n<p style=\"text-align: justify;\">Il nous a \u00e9t\u00e9 p\u00e9nible de constater, \u00e0 l\u2019int\u00e9rieur du Mausol\u00e9e, des tessons de bouteilles de spiritueux et les restes d\u2019excr\u00e9ments humains. Pourtant cet endroit a fait l\u2019objet d\u2019une restauration de bonne facture. Discutant avec des riverains, ceux-ci nous confirment que l\u2019ins\u00e9curit\u00e9 totale s\u00e9vit en ces lieux, de jour comme de nuit, et aucun pr\u00e9tendant \u00e0 leur gardiennage ne risque d\u2019en faire la demande. Il a \u00e9t\u00e9 constat\u00e9 qu\u2019il a servi de lieu de d\u00e9bauche, d\u2019o\u00f9 le cadenassage de ses acc\u00e8s.<\/p>\n<p style=\"text-align: center;\"><img loading=\"lazy\" decoding=\"async\" class=\"alignnone size-medium wp-image-8210\" src=\"https:\/\/algerienetwork.com\/blog\/wp-content\/uploads\/2015\/09\/Bouchelaghem-9-300x165.jpg\" alt=\"\" width=\"300\" height=\"165\" srcset=\"https:\/\/algerienetwork.com\/blog\/wp-content\/uploads\/2015\/09\/Bouchelaghem-9-300x165.jpg 300w, https:\/\/algerienetwork.com\/blog\/wp-content\/uploads\/2015\/09\/Bouchelaghem-9.jpg 383w\" sizes=\"auto, (max-width: 300px) 100vw, 300px\" \/><\/p>\n<p style=\"text-align: center;\"><strong><u>Tombe qui serait celle du bey Mustapha Lahmar fr\u00e8re de Bouchelaghem.<\/u><\/strong><\/p>\n<p style=\"text-align: justify;\">Derri\u00e8re le mausol\u00e9e qui pourrait \u00eatre celui de Mustapha Lahmar, 3\u00a0<sup>\u00e8me<\/sup> Bey Mesrati qui n\u2019eut aucune descendance, existe un autre mausol\u00e9e o\u00f9 est enterr\u00e9 un certain Youcef qui, selon toute vraisemblance, pourrait \u00eatre le 2\u00a0<sup>\u00e8me<\/sup> Bey de cette famille.<\/p>\n<p style=\"text-align: justify;\">\u00a0Les \u00ab\u00a0r\u00e9sidents de ces lieux \u2013 plusieurs familles &#8211; sont les seuls \u00e0 conna\u00eetre l\u2019emplacement des tombes puisque ce sont eux qui les ont b\u00e9tonn\u00e9es. Seconde mort de trop. Parmi ces \u00ab\u00a0r\u00e9sidents\u00a0\u00bb, celui qui semble avoir le plus d\u2019informations que les autres, nous indiqua l\u2019emplacement o\u00f9 serait enterr\u00e9e A\u00efcha, \u00e9pouse de Mustapha Lahmar.<\/p>\n<p style=\"text-align: justify;\">Il nous raconta que, dans les ann\u00e9es soixante, arriva au cimeti\u00e8re une famille venue de Turquie et dont A\u00efcha serait une ascendante. Effar\u00e9e \u2013 d\u00e9j\u00e0 \u00e0 l\u2019\u00e9poque \u2013 par l\u2019\u00e9tat des lieux, cette famille acheta tout le mat\u00e9riel de nettoyage qu\u2019elle remit au squatteur lui demandant de faire place nette. Une fois le travail bien fait, elle lui demanda de s\u2019occuper de l\u2019entretien du s\u00e9pulcre moyennant un salaire annuel et il en fut ainsi jusqu\u2019aux ann\u00e9es 1990 du si\u00e8cle dernier o\u00f9 cette famille ne reparut plus, peut-\u00eatre, selon lui, que ses membres ne font plus partie de ce monde.<\/p>\n<p style=\"text-align: center;\">3.<strong><u>Conclusion.<\/u><\/strong><\/p>\n<p style=\"text-align: justify;\">C\u2019est le 18 Ramadhan 1435\/ 16 juillet 2014 et gr\u00e2ce \u00e0 l\u2019aimable concours d\u2019un cadre de la Direction de la Culture de la Wilaya de Mostaganem, que je pus rendre visite au mausol\u00e9e, au cimeti\u00e8re ainsi qu\u2019aux forts. Le spectacle qui s\u2019offrit \u00e0 moi \u2013 et je l\u2019ai not\u00e9 ci-avant &#8211; me gla\u00e7a. Un pays qui ignore son pass\u00e9 ou le regarde avec ti\u00e9deur et d\u00e9tachement, ne pourra jamais pr\u00e9tendre savoir o\u00f9 il va et toute vision qu\u2019il \u00e9talera ne pourra qu\u2019\u00e9merger de supputations bassement politiciennes\u00a0: telle est ma conclusion. Pourquoi\u00a0?<\/p>\n<p style=\"text-align: justify;\">Comment se fait-il que l\u2019Alg\u00e9rie ind\u00e9pendante, trop prompte \u00e0 s\u2019octroyer certains faits d\u2019armes op\u00e9r\u00e9s par les Turcs, des trait\u00e9s que la R\u00e9gence d\u2019Alger avait sign\u00e9s notamment avec les U.S.A et qui ont \u00e9t\u00e9 solennellement repris par l\u2019un de nos Pr\u00e9sidents de la R\u00e9publique, a \u2013 t &#8211; elle permis une pr\u00e9dation des vestiges l\u00e9gu\u00e9s par les Turcs qui connurent une d\u00e9t\u00e9rioration criminelle, en quelques ann\u00e9es, autrement plus grave que celle effectu\u00e9e par la colonisation fran\u00e7aise en 132 ans de pr\u00e9sence.<\/p>\n<p style=\"text-align: justify;\">Le spectacle que nous avons eu sous les yeux traduit la grande faillite culturelle o\u00f9 notre pays a plong\u00e9 avec le silence complice des Historiens ou, \u00e0 tout le moins, de l\u2019extr\u00eame minorit\u00e9 d\u2019entre eux qui\u00a0 \u00ab\u00a0savait\u00a0\u00bb. Le tout est de d\u00e9finir et quantifier ce savoir. Un dur exercice\u00a0!<\/p>\n<p style=\"text-align: justify;\">Les moyens faramineux dont dispose le pays nous laissent dire qu\u2019il\u00a0 est de premi\u00e8re n\u00e9cessit\u00e9 de d\u00e9loger les squatteurs, de les reloger dans la dignit\u00e9, d\u2019op\u00e9rer le nettoyage des mausol\u00e9es qu\u2019ils occupent, de les restaurer, de s\u00e9rier les s\u00e9pultures, de les identifier, de retrouver les plaques d\u2019\u00e9pitaphes, de les remettre \u00e0 leurs places et injecter par cela une image autrement plus humaine que ce qu\u2019il nous a \u00e9t\u00e9 donn\u00e9 de relever. Chaque jour perdu pour ce faire nous rapprochera dangereusement du point de non retour.<\/p>\n<p style=\"text-align: justify;\">A c\u00f4t\u00e9 de l\u2019\u0153uvre du\u00a0 Bey Bouchelaghem ajoutons celles des Beys Moustapha Al-Adjemi (1800) puis\u00a0 Mohamed Ben Mohamed Ben Othmane dit Al &#8211; M\u2019Kallach\u00a0 (\u00e2g\u00e9 de 18 ans) qui sauv\u00e8rent, l\u2019un apr\u00e8s l\u2019autre, tout l\u2019Ouest alg\u00e9rien\u00a0 &#8211; et peut-\u00eatre m\u00eame toute l\u2019Alg\u00e9rie \u2013 de Abdelkader Ben Charif d\u2019Ouled Abi Ella\u00efl du Sud de Ghriss, adepte et compagnon de Larbi Derkaoui, qui prit sur lui d\u2019amener tout le Beylik de l\u2019Ouest alg\u00e9rien \u00e0 sa Tariqa, pouss\u00e9 et soutenu par\u00a0 le Sultan Moulay Slimane qui gouverna le Maroc de 1792 \u00e0 1822, celui-l\u00e0 m\u00eame qui permit l\u2019\u00e9closion de la Tidjania et qui tenta de se dresser contre les Turcs. Mais \u00e7a c\u2019est une autre histoire. Pour ces deux derniers Beys, voir notre article intitul\u00e9\u00a0\u00ab La Tariqa derkaouia et son ancrage dans l&rsquo;Ouest alg\u00e9rien.\u00bb<\/p>\n<p style=\"text-align: justify;\">La terrible action de\u00a0 \u2018Abdelkader Ben Charif avait ses ficelles tenues par Moulay Slimane. Pour le moment, ces \u0153uvres conjugu\u00e9es nous interpellent \u00e0 maints \u00e9gards\u00a0 pour restituer au Bey Bouchelaghem-Alg\u00e9rien de p\u00e8re et de m\u00e8re- un zest de reconnaissance surtout que, pour ce faire, les cr\u00e9dits qui seront appel\u00e9s \u00e0 \u00eatre mobilis\u00e9s ne s\u2019\u00e9l\u00e8veront\u00a0 gu\u00e8re au-del\u00e0 d\u2019une broutille. Et au soir d\u2019une vie finissante, me targuerai-je du droit de r\u00eaver que cette op\u00e9ration sera rapidement men\u00e9e \u00e0 travers toute notre ch\u00e8re Patrie\u00a0? Ma reconnaissance, toute ma reconnaissance ira \u00e0 tout esprit constructif qui me fera l\u2019honneur de corriger, avec d\u00e9sint\u00e9ressement et int\u00e9grit\u00e9 intellectuelle, mes \u00e9ventuelles erreurs.<\/p>\n<p style=\"text-align: center;\"><u>Mostaganem et Sidi &#8211; Bel \u2013 Abb\u00e8s, 18 -23 Ramadhan 1435\/16-21 juillet 2014.<\/u><\/p>\n","protected":false},"excerpt":{"rendered":"<p>Par Mohamed \u2013 Senni El M\u2019haji. Avant d\u2019aller plus loin, je dois dire que j\u2019ai toujours consid\u00e9r\u00e9 \u2013 et je continue \u00e0 le soutenir &#8211; que les 309 ann\u00e9es pass\u00e9es par les Ottomans en Alg\u00e9rie ont \u00e9t\u00e9 une colonisation, avec ses sp\u00e9cificit\u00e9s propres, comme notre pays en a connu durant plus de deux mill\u00e9naires et [&hellip;]<\/p>\n","protected":false},"author":13,"featured_media":7083,"comment_status":"closed","ping_status":"closed","sticky":false,"template":"","format":"standard","meta":{"footnotes":""},"categories":[12],"tags":[],"class_list":{"0":"post-4841","1":"post","2":"type-post","3":"status-publish","4":"format-standard","5":"has-post-thumbnail","7":"category-mohamed-senni"},"_links":{"self":[{"href":"https:\/\/algerienetwork.com\/blog\/wp-json\/wp\/v2\/posts\/4841","targetHints":{"allow":["GET"]}}],"collection":[{"href":"https:\/\/algerienetwork.com\/blog\/wp-json\/wp\/v2\/posts"}],"about":[{"href":"https:\/\/algerienetwork.com\/blog\/wp-json\/wp\/v2\/types\/post"}],"author":[{"embeddable":true,"href":"https:\/\/algerienetwork.com\/blog\/wp-json\/wp\/v2\/users\/13"}],"replies":[{"embeddable":true,"href":"https:\/\/algerienetwork.com\/blog\/wp-json\/wp\/v2\/comments?post=4841"}],"version-history":[{"count":0,"href":"https:\/\/algerienetwork.com\/blog\/wp-json\/wp\/v2\/posts\/4841\/revisions"}],"wp:featuredmedia":[{"embeddable":true,"href":"https:\/\/algerienetwork.com\/blog\/wp-json\/"}],"wp:attachment":[{"href":"https:\/\/algerienetwork.com\/blog\/wp-json\/wp\/v2\/media?parent=4841"}],"wp:term":[{"taxonomy":"category","embeddable":true,"href":"https:\/\/algerienetwork.com\/blog\/wp-json\/wp\/v2\/categories?post=4841"},{"taxonomy":"post_tag","embeddable":true,"href":"https:\/\/algerienetwork.com\/blog\/wp-json\/wp\/v2\/tags?post=4841"}],"curies":[{"name":"wp","href":"https:\/\/api.w.org\/{rel}","templated":true}]}}