{"id":504,"date":"2012-09-29T00:57:03","date_gmt":"2012-09-29T00:57:03","guid":{"rendered":"https:\/\/algerienetwork.com\/blog\/?p=504"},"modified":"2012-09-29T00:57:03","modified_gmt":"2012-09-29T00:57:03","slug":"ottawa-rompt-avec-teheran-la-propagande-imperialiste-contre-liran-et-la-syrie","status":"publish","type":"post","link":"https:\/\/algerienetwork.com\/blog\/ottawa-rompt-avec-teheran-la-propagande-imperialiste-contre-liran-et-la-syrie\/","title":{"rendered":"Ottawa rompt avec T\u00e9h\u00e9ran : la propagande imp\u00e9rialiste contre l\u2019Iran et la Syrie"},"content":{"rendered":"<p>&nbsp;<\/p>\n<p><a href=\"https:\/\/algerienetwork.com\/blog\/wp-content\/uploads\/2012\/09\/IranSyrie2.jpg\"><img loading=\"lazy\" decoding=\"async\" class=\"alignleft size-thumbnail wp-image-521\" title=\"IranSyrie\" src=\"https:\/\/algerienetwork.com\/blog\/wp-content\/uploads\/2012\/09\/IranSyrie2-150x150.jpg\" alt=\"\" width=\"150\" height=\"150\" \/><\/a><\/p>\n<p>&nbsp;<\/p>\n<p><strong>G\u00e9n\u00e9ralit\u00e9s<\/strong><\/p>\n<p>Enfin, Ottawa se pronon\u00e7a cat\u00e9goriquement. Elle rompit avec T\u00e9h\u00e9ran et adopta une vision manich\u00e9enne du monde, plut\u00f4t bush\u00e9enne [1]. Le ministre canadien des Affaires \u00e9trang\u00e8res, John Baird, annon\u00e7a que tout le personnel diplomatique canadien fut rappel\u00e9 et que tous les diplomates iraniens au Canada eurent re\u00e7u l\u2019ordre de quitter le pays dans un d\u00e9lai de cinq jours.<\/p>\n<p>Comme nous l\u2019indiqu\u00e2mes dans\u00a0<em>L\u2019Iliade du Sept-Septembre\u00a0<\/em>[2], la mani\u00e8re dont M. Baird d\u00e9veloppa sa d\u00e9claration convenait par contre beaucoup moins. Il ne parla pas en ministre, mais en Achille aux pieds rapides. Il devait se faire le porte-parole de la col\u00e8re d\u2019H\u00e9pha\u00efstos [3], et parla d\u2019un ton \u00e9pique, glorieux et sec, comme s\u2019il s\u2019adressait \u00e0 Phoibos Apollon devant les murailles de Troie [4].<\/p>\n<p>Or, M. Baird, avait une cause tr\u00e8s simple et tr\u00e8s claire \u00e0 lever les boucliers pour la d\u00e9fendre, la paix mondiale ; et son expos\u00e9 fut ce qu\u2019on pouvait lire de plus embrouill\u00e9. Il reste \u00e0 ajouter que les raisons de cette lev\u00e9e de boucliers d\u2019Ottawa \u00e0 l\u2019\u00e9gard de T\u00e9h\u00e9ran sont multiples, et l\u2019\u00e9tat de choses sur lequel elle avait \u00e0 se prononcer fut le suivant :<\/p>\n<blockquote><p>premi\u00e8rement, \u00able Canada consid\u00e8re le gouvernement de l\u2019Iran comme \u00e9tant la menace la plus importante \u00e0 la paix et \u00e0 la s\u00e9curit\u00e9 mondiales \u00e0 l\u2019heure actuelle \u00bb ;<\/p>\n<p>deuxi\u00e8mement, \u00able r\u00e9gime iranien fournit une aide militaire croissante au r\u00e9gime Assad \u00bb;<\/p>\n<p>troisi\u00e8mement, \u00abil refuse de se conformer aux r\u00e9solutions des Nations unies concernant son programme nucl\u00e9aire \u00bb ;<\/p>\n<p>quatri\u00e8mement, \u00abil menace r\u00e9guli\u00e8rement l\u2019existence d\u2019Isra\u00ebl et tient des propos antis\u00e9mites racistes en plus d\u2019inciter au g\u00e9nocide \u00bb ;<\/p>\n<p>cinqui\u00e8mement, \u00abil compte parmi les pires violateurs des droits de la personne dans le monde \u00bb ;<\/p>\n<p>sixi\u00e8mement, \u00abil abrite des groupes terroristes auxquels il fournit une aide mat\u00e9rielle \u00bb.<\/p>\n<p>&nbsp;<\/p><\/blockquote>\n<p><strong>La diabolisation du r\u00e9gime iranien : quoi dire des sultanats arabiques ?<\/strong><\/p>\n<p>Pr\u00e9alablement, nous prenons en critique le deuxi\u00e8me point de l\u2019annonce d\u2019Ottawa, accusant le r\u00e9gime iranien de fournir \u00ab une aide militaire croissante au r\u00e9gime Assad \u00bb, qui, selon la m\u00eame source d\u2019accusation, aurait brutalement \u00e9cras\u00e9, \u00e0 l\u2019aide des titans de Had\u00e8s, une r\u00e9volution d\u00e9mocratique pacifique, men\u00e9e par une foule de moines m\u00e9ditants.<\/p>\n<p>Il n\u2019est plus secret que l\u2019Iran fournit une aide militaire croissante au gouvernement syrien ; les dirigeants iraniens eux-m\u00eames ne le cachent pas. Au contraire, ils ont d\u00e9clar\u00e9, \u00e0 plusieurs reprises, qu\u2019ils ne permettraient pas \u00ab \u00e0 l\u2019ennemi de s\u2019avancer en Syrie [5] \u00bb.Or, s\u2019il est vrai que l\u2019Iran fournit une aide militaire au gouvernement syrien, il est non moins vrai que la Turquie, le royaume de l\u2019Arabie saoudite et l\u2019\u00e9mirat du Qatar fournissent, \u00e0 leur tour, une aide militaire gigantesque aux groupes arm\u00e9s de la soi disant \u00ab opposition \u00bb syrienne, et facilitent la p\u00e9n\u00e9tration des combattants d\u2019al-Qa\u00efda dans le territoire syrien, non pour \u00e9tablir la\u00a0<em>d\u00e9mocratie d\u00e9mocratique<\/em>, comme le croit toujours M. Baird, mais bien plut\u00f4t pour \u00ab guerroyer \u00bb contre les\u00a0<em>kafirs<\/em>, les infid\u00e8les, voire les minorit\u00e9s chr\u00e9tiennes et musulmanes h\u00e9t\u00e9rodoxes de la Syrie, et cela en br\u00fblant \u00e9glises et monast\u00e8res et en massacrant civils et innocents. Ce que nous indiquons ici ne fut pas pris ni des chansons de troubadour ni des romans de chevalerie [6]; au contraire, il fut bien rapport\u00e9 et document\u00e9 m\u00eame par les h\u00e2bleurs les plus fid\u00e8les au pr\u00e9tendu \u00ab Printemps arabe \u00bb. Lisons, ici, ce que les m\u00e9dias du monopole disent du r\u00f4le que jouent le califat turc et les \u00e9mirats et sultanats arabiques dans la transportation des combattants d\u2019al-Qa\u00efda en Syrie :<\/p>\n<p><em>primo<\/em>, le journal am\u00e9ricain\u00a0<em>The New York Times<\/em>\u00a0a indiqu\u00e9 la croissance des jihadistes en Syrie, qui est devenue un aimant attirant tous les islamistes d\u2019al-Qa\u00efda :<\/p>\n<blockquote><p>\u201cThe evidence is mounting that Syria has become a magnet for Sunni extremists, including those operating under the banner of Al Qaeda. An important border crossing with Turkey that fell into Syrian rebels\u2019hands last week, Bab al-Hawa, has quickly become a jihadist congregating point [7]\u201d.<\/p>\n<p><em>Les preuves que la Syrie est devenue un aimant pour les extr\u00e9mistes sunnites s\u2019accumulent, y compris ceux qui op\u00e8rent sous la banni\u00e8re d\u2019al-Qa\u00efda. Un important passage de fronti\u00e8re avec la Turquie, Bab al-Hawa, qui fut tomb\u00e9 dans les mains des rebelles syriens, la semaine derni\u00e8re, devint rapidement un point de rassemblement pour les jihadistes (T. d. A.).<\/em><\/p><\/blockquote>\n<p><em>secundo<\/em>, dans un reportage du journal britannique\u00a0<em>The Guardian<\/em>\u00a0la r\u00e9alit\u00e9 sur le terrain devient plus obscure, lorsque le lecteur se rend compte que les soi disant \u00ab manifestations pacifiques \u00bb, n\u2019\u00e9taient, en effet, qu\u2019une fabrication m\u00e9diatique, et que la Syrie est gravement infest\u00e9e par des milliers de combattants d\u2019al-Qa\u00efda :<\/p>\n<blockquote><p><em>\u201c\u2026 But these were not average members of the Free Syrian Army. Abu Khuder and his men fight for\u00a0<\/em><a title=\"More from guardian.co.uk on al-Qaida\" href=\"http:\/\/www.guardian.co.uk\/world\/al-qaida\" rel=\"nofollow\" target=\"_blank\">al-Qaida<\/a><em>. They call themselves the ghuraba\u2019a, or \u201cstrangers\u201d, after a famous jihadi poem celebrating Osama bin Laden\u2019s time with his followers in the Afghan mountains, and they are one of a number of jihadi organisations establishing a foothold in the east of the country now that the conflict in\u00a0<\/em><a title=\"More from guardian.co.uk on Syria\" href=\"http:\/\/www.guardian.co.uk\/world\/syria\" rel=\"nofollow\" target=\"_blank\">Syria<\/a><em>\u00a0<\/em><em>has stretched well into its second bloody year\u201d ;<\/em><\/p>\n<p><em>\u201cAlmost every rebel brigade has adopted a Sunni religious name with rhetoric exalting jihad and martyrdom\u201d ;<\/em><\/p>\n<p><em>\u201cReligion is a major rallying force in this revolution\u00a0<\/em>[8]<em>\u201d ;<\/em><\/p>\n<p><em>\u201cAbu Omar gave an order in Arabic, which was translated into a babble of different languages \u2013 Chechen, Tajik, Turkish, French, Saudi dialect, Urdu\u00a0<\/em>[9]<em>\u201d.<\/em><\/p>\n<p>\u2026 Mais ceux-ci n\u2019\u00e9taient pas de combattants moyens de l\u2019Arm\u00e9e syrienne libre. Abu Khuder et ses hommes guerroient pour al-Qa\u00efda. Ils se font appeler les ghuraba\u2019a, ou les \u00ab \u00e9trangers \u00bb, d\u2019apr\u00e8s un po\u00e8me jihadiste c\u00e9l\u00e8bre, qui fait l\u2019\u00e9loge des jours qu\u2019avait pass\u00e9s Oussama Bin Laden avec ses partisans dans les montagnes afghanes ; ils font aussi partie de nombreuses organisations jihadistes qui ont d\u00e9j\u00e0 \u00e9tabli un point d\u2019appui \u00e0 l\u2019Est du pays, maintenant que le conflit en Syrie entre sa deuxi\u00e8me ann\u00e9e sanglante.<\/p>\n<p>Presque chaque brigade rebelle sunnite a adopt\u00e9 un nom religieux de la rh\u00e9torique exaltant le djihad et le martyre ;<\/p>\n<p>La religion est une force importante de ralliement dans cette r\u00e9volution.<\/p>\n<p>Abou Omar a donn\u00e9 un ordre en arabe qui fut traduit en un babillage de diff\u00e9rentes langues \u2013 en tch\u00e9tch\u00e8ne, en tadjike, en turc, en fran\u00e7ais, en dialecte saoudite et en ourdou (T. d. A.).<\/p><\/blockquote>\n<p><em>tertio<\/em>, le journal \u00e9tatsunien\u00a0<em>The Independent<\/em>\u00a0a publi\u00e9 un reportage sur le r\u00f4le du califat turc et des \u00e9mirats et sultanats arabiques dans la transportation massive d\u2019armes vers le territoire syrien. \u00c9videmment, ceux qui b\u00e9n\u00e9ficient de cet arsenal sont des combattants d\u2019al-Qa\u00efda et non pas des moines aux robes blanches :<\/p>\n<blockquote><p><em>\u201cSyrian rebels are being armed by Saudi Arabia and Qatar, The Independent has learnt, in a development that threatens to inflame a regional power struggle provoked by the 15-month-old uprising against the Assad regime.<\/em><\/p>\n<p><em>Rebel fighters from the Free Syrian Army (FSA) have received weapons from the two Gulf countries, which were transported into Syria via Turkey with the implicit support of the country\u2019s intelligence agency, MIT, according to a Western diplomat in Ankara<\/em>[10]<em>\u201d.<\/em><\/p>\n<p><em>The Independent<\/em>\u00a0a appris que les rebelles syriens sont arm\u00e9s par l\u2019Arabie saoudite et le Qatar, ce qui entraine en effet un d\u00e9veloppement mena\u00e7ant d\u2019incendier un conflit de pouvoir r\u00e9gional, provoqu\u00e9 depuis 15 mois par le soul\u00e8vement contre le r\u00e9gime Assad.<\/p>\n<p>Les rebelles de l\u2019Arm\u00e9e syrienne libre (ASL) ont re\u00e7u, de deux pays arabes du Golfe, des armes qui ont \u00e9t\u00e9 transport\u00e9es vers la Syrie \u00e0 travers la Turquie dont les services de renseignement, MIT, appuient implicitement de telles op\u00e9rations, selon un diplomate occidental \u00e0 Ankara (T. d. A.).<\/p><\/blockquote>\n<p>Soit que nos gouvernants lisent les journaux soit qu\u2019ils ne les lisent pas.<\/p>\n<p>S\u2019ils ne les lisent pas, une question s\u00e9rieuse s\u2019impose ici : sur quelles bases prennent-ils des d\u00e9cisions strat\u00e9giques d\u00e9terminant l\u2019avenir des millions de Canadiens, ainsi que la position de notre pays sur la sc\u00e8ne internationale ? Quels sont les fondements de leurs justifications ? Certainement pas la bonhomie du premier ministre Stephen Harper ni la philanthropie philanthropique de M. Baird. Et ces fondements, sont-ils mat\u00e9riels concrets, soutenus par des donn\u00e9es r\u00e9elles du terrain ? Sont-ils id\u00e9ologiques, prenant exclusivement en consid\u00e9ration l\u2019id\u00e9ologie d\u2019une telle ou telle partie des Canadiens en d\u00e9pit des autres perspectives et points de vue ? Sont-ils arbitraires pour la simple raison que l\u2019on ne lit pas ? Par contre, si nos gouvernants lisent bien les journaux, il faut, dans ce cas sonner, l\u2019alarme ; car nous sommes devant une catastrophe politique : nos gouvernants se moquent de nous !<\/p>\n<p>&nbsp;<\/p>\n<p><strong>Les chr\u00e9tiens de Syrie massacr\u00e9s dans le silence<\/strong><\/p>\n<p>Dans le discours du gouvernement Harper sur la Syrie, il n\u2019y a aucune allusion aux r\u00f4les du califat turc et des \u00e9mirats et sultanats arabiques dans la transportation des combattants d\u2019al-Qa\u00efda en Syrie, aucune insinuation aux attaques terroristes men\u00e9es par ces groupes contre les minorit\u00e9s religieuses chr\u00e9tiennes et musulmanes h\u00e9t\u00e9rodoxes, aucune, sauf un profond silence qui fait \u00e9veiller, par contre, une foule de soup\u00e7ons.<\/p>\n<p>Un reportage publi\u00e9 dans le journal allemand\u00a0<em>Der Spiegel<\/em>\u00a0a indiqu\u00e9 que des milliers de Syriens s\u2019\u00e9taient enfuis vers le Liban, pas n\u00e9cessairement par peur du r\u00e9gime Assad, mais bien plut\u00f4t d\u00fb aux attaques men\u00e9es par les troupes rebelles de la soi disant \u00ab r\u00e9volution \u00bb syrienne. Le reportage a aussi soulign\u00e9 comment la minorit\u00e9 chr\u00e9tienne de la Syrie souffre des attaques des groupes arm\u00e9s rebelles :<\/p>\n<blockquote><p><em>\u201c\u2026 the women described what happened to their husbands, brothers and nephews back in their hometown of Qusayr in Syria. They were killed by Syrian rebel fighters, the women said \u2014 murdered because they were Christians, people who in the eyes of radical Islamist freedom fighters have no place in the new Syria\u00a0<\/em>[11]<em>\u201d.<\/em><\/p>\n<p>\u2026 les femmes ont d\u00e9crit ce qui est arriv\u00e9 \u00e0 leurs maris, fr\u00e8res et neveux dans leur ville natale de Qusayr en Syrie. Ils ont \u00e9t\u00e9 tu\u00e9s par des combattants rebelles syriens, disent-elles, ils ont \u00e9t\u00e9 assassin\u00e9s parce qu\u2019ils \u00e9taient chr\u00e9tiens, et parce que, selon les combattants islamistes radicaux de la libert\u00e9, ils n\u2019ont pas de place dans la nouvelle Syrie (T. d. A.).<\/p><\/blockquote>\n<p>Les faits que nous mentionnons ci-dessus ne font en aucun point partie de la propagande du gouvernement syrien ; au contraire, ils ont \u00e9t\u00e9 report\u00e9s par\u00a0<em>Der Spiegel<\/em>, un journal consid\u00e9r\u00e9 comme l\u2019un des plus remarquables m\u00e9dias du monopole, un fer de lance de la guerre imp\u00e9rialiste contre la Syrie ; ce qui nous pousse effectivement \u00e0 nous demander ici, quelle r\u00e9action messieurs Baird et Harper pourraient avoir envers un tel reportage ?<\/p>\n<p>&nbsp;<\/p>\n<p><strong>Le vacarme de la guerre contre l\u2019Iran<\/strong><\/p>\n<p>Depuis un an, nous n\u2019avons cess\u00e9 d\u2019attir\u00e9 l\u2019attention des lecteurs du\u00a0<em>CRM\u00a0<\/em>[12]sur les intrigues des gouvernements de la Sainte-Alliance contre la Syrie. Nous avons suivi les chemins d\u00e9tourn\u00e9s par lesquels les m\u00e9dias du monopole cherchaient \u00e0 s\u2019emparer de l\u2019opinion publique. Nous avons indiqu\u00e9 en m\u00eame temps comment les int\u00e9r\u00eats strat\u00e9giques de l\u2019imp\u00e9rialisme mondial ont crois\u00e9 ceux de l\u2019islamisme califal turc et du despotisme obscurantiste arabique, pour \u00e9tablir ainsi la Sainte-Alliance.<\/p>\n<p>Or, en ce qui concerne notre pays et son positionnement sur la sc\u00e8ne internationale, quelques faits prouvent, jour apr\u00e8s jour et de fa\u00e7on frappante, \u00e0 quel point le gouvernement Harper, par sa rupture avec l\u2019Iran, s\u2019implique dans la Sainte-Alliance.<\/p>\n<p>Non seulement les reportages quotidiens en provenance de la Syrie renvers\u00e8rent tous les masques de Dionysos, derri\u00e8re lesquels se cachaient les visages des vrais acteurs de la trag\u00e9die syrienne, mais aussi les dieux de l\u2019Olympe [13], qui jadis se prot\u00e9geaient derri\u00e8re les nuages [14], descendirent sur Terre, \u00e0 la rencontre des titans de Tartare [15]. Ainsi, Stephen Harper s\u2019habilla en Agamemnon et John Baird en Achille aux pieds rapides ; et les deux furent accompagn\u00e9s de Benjamin Netanyahou, qui ma\u00eetrisa bien le r\u00f4le de M\u00e9n\u00e9las.<\/p>\n<p>Face aux pr\u00e9parations pour une guerre \u00e0 venir contre l\u2019Iran, nous \u00e9levons la voix et nous l\u2019ajoutons \u00e0 celle de Michel Chossudovsky, et nous demandons \u00e0 nos lecteurs de propager le message dans le monde entier :<\/p>\n<blockquote><p><em>Nous demandons \u00e0 tout le monde aux \u00c9tats-Unis, en Europe de l\u2019Ouest, en Isra\u00ebl, en Turquie et partout \u00e0 travers le monde de s\u2019opposer \u00e0 ce projet militaire, de se soulever contre leurs gouvernements qui appuient une action militaire contre l\u2019Iran et contre les m\u00e9dias qui servent \u00e0 camoufler les implications d\u00e9vastatrices d\u2019une guerre contre l\u2019Iran\u00a0<\/em>[16]<em>.<\/em><\/p><\/blockquote>\n<p>&nbsp;<\/p>\n<p><strong>Fida Dakroub, Ph.D<\/strong><\/p>\n<p><em>Communiquer avec l\u2019auteur :\u00a0<a href=\"mailto:fdakroub@gmail.com\" rel=\"nofollow\" target=\"_blank\">fdakroub@gmail.com<\/a><\/em><\/p>\n<p><em>Page officielle de l\u2019auteur :\u00a0<a href=\"http:\/\/www.fidadakroub.net\/\" rel=\"nofollow\" target=\"_blank\">www.fidadakroub.net<\/a><\/em><\/p>\n<p>&nbsp;<\/p>\n<p><strong>Notes<\/strong><\/p>\n<p>&nbsp;<\/p>\n<p><a title=\"\" name=\"13a0cf20486c683f__edn1\" rel=\"nofollow\"><\/a>[1]<a title=\"\" name=\"13a0cf20486c683f__edn1\" rel=\"nofollow\"><\/a>\u00a0R\u00e9f\u00e9rence au discours de George W. Bush qui divisait le monde en deux axes : l\u2019axe du bien et l\u2019axe du mal.<\/p>\n<div id=\"yui_3_2_0_1_13488418991171268\">\n<div>\n<p><a title=\"\" name=\"13a0cf20486c683f__edn2\" rel=\"nofollow\"><\/a>[2] Dakroub, Fida. (22 septembre 2012). \u00ab L\u2019Iliade du Sept-Septembre: le jour Stephen Harper s\u2019habilla en Agamemnon \u00bb. Publi\u00e9 sur Mondialisation.ca. R\u00e9cup\u00e9r\u00e9 le 27 septembre 2012 de<\/p>\n<p><a href=\"http:\/\/www.mondialisation.ca\/liliade-du-sept-septembre-le-jour-stephen-harper-shabilla-en-agamemnon\/\" rel=\"nofollow\" target=\"_blank\">http:\/\/www.mondialisation.ca\/liliade-du-sept-septembre-le-jour-stephen-harper-shabilla-en-agamemnon\/<\/a><\/p>\n<\/div>\n<div>\n<p><a title=\"\" name=\"13a0cf20486c683f__edn3\" rel=\"nofollow\"><\/a>[3] H\u00e9phaistos est le dieu du feu et de la m\u00e9tallurgie. Dans l\u2019Iliade, Th\u00e9tis la m\u00e8re d\u2019Achille, fait appel \u00e0 lui pour fabriquer des armes pour son fils.<\/p>\n<\/div>\n<div>\n<p><a title=\"\" name=\"13a0cf20486c683f__edn4\" rel=\"nofollow\"><\/a>[4] Dans\u00a0<em>L\u2019Iliade<\/em>\u00a0d\u2019Hom\u00e8re, lorsque Phoibos Apollon s\u2019opposa \u00e0 Achilles aux pieds rapides devant les murailles de Troie, ce dernier lui r\u00e9pondit en col\u00e8re : \u00ab \u00d4 Apollon, le plus funeste de tous les dieux, tu m\u2019as aveugl\u00e9 en m\u2019\u00e9cartant des murailles ! Sans doute, de nombreux Troyens auraient encore mordu la terre avant de rentrer dans Ilios, et tu m\u2019as enlev\u00e9 une grande gloire. Tu les as sauv\u00e9s ais\u00e9ment, ne redoutant point ma vengeance. Mais, certes, je me vengerais de toi, si je le pouvais ! \u00bb.\u00a0<em>L\u2019Iliade\u00a0<\/em>d\u2019Hom\u00e8re, chant XXII, traduction de Leconte de Lisle (1818 -1894).<\/p>\n<\/div>\n<div>\n<p><a title=\"\" name=\"13a0cf20486c683f__edn5\" rel=\"nofollow\"><\/a>[5]\u00a0<em>The Daily Star<\/em>. (31 juillet 2012). \u201cIran \u2018will not allow enemy to advance\u2019 in Syria\u201d. R\u00e9cup\u00e9r\u00e9 le 27 septembre 2012 de<\/p>\n<p><a href=\"http:\/\/www.dailystar.com.lb\/News\/Middle-East\/2012\/Jul-31\/182766-iran-will-not-allow-enemy-to-advance-in-syria-military.ashx#axzz27hww4PMx\" rel=\"nofollow\" target=\"_blank\">http:\/\/www.dailystar.com.lb\/News\/Middle-East\/2012\/Jul-31\/182766-iran-will-not-allow-enemy-to-advance-in-syria-military.ashx#axzz27hww4PMx<\/a><\/p>\n<\/div>\n<div>\n<p><a title=\"\" name=\"13a0cf20486c683f__edn6\" rel=\"nofollow\"><\/a>[6] Un roman de chevalerie est une \u0153uvre romanesque, le plus souvent en prose, inspir\u00e9e ou adapt\u00e9e des romans courtois et des chansons de geste en vers des XI<sup>e<\/sup>\u00a0et XIII<sup>e<\/sup>\u00a0si\u00e8cles.<\/p>\n<\/div>\n<div>\n<p><a title=\"\" name=\"13a0cf20486c683f__edn7\" rel=\"nofollow\"><\/a>[7] Nordland, Rod. (24 juillet 2012). \u201cAl Qaeda Taking Deadly New Role in Syria\u2019s Conflict\u201d. Publi\u00e9 dans\u00a0<em>The New York Times<\/em>. R\u00e9cup\u00e9r\u00e9 le 22 septembre 2012 de<\/p>\n<p><a href=\"http:\/\/www.nytimes.com\/2012\/07\/25\/world\/middleeast\/al-qaeda-insinuating-its-way-into-syrias-conflict.html?pagewanted=all&amp;_moc.semityn.www\" rel=\"nofollow\" target=\"_blank\">http:\/\/www.nytimes.com\/2012\/07\/25\/world\/middleeast\/al-qaeda-insinuating-its-way-into-syrias-conflict.html?pagewanted=all&amp;_moc.semityn.www<\/a><\/p>\n<\/div>\n<div>\n<p><a title=\"\" name=\"13a0cf20486c683f__edn8\" rel=\"nofollow\"><\/a>[8]\u00a0<em>The Guardian<\/em>. (30 juillet 2012). \u201cAl-Qaida turns tide for rebels in battle for eastern Syria\u201d. R\u00e9cup\u00e9r\u00e9 le 22 septembre 2012 de<\/p>\n<p><a href=\"http:\/\/www.guardian.co.uk\/world\/2012\/jul\/30\/al-qaida-rebels-battle-syria\" rel=\"nofollow\" target=\"_blank\">http:\/\/www.guardian.co.uk\/world\/2012\/jul\/30\/al-qaida-rebels-battle-syria<\/a><\/p>\n<\/div>\n<div>\n<p><a title=\"\" name=\"13a0cf20486c683f__edn9\" rel=\"nofollow\"><\/a>[9] Abdul-Ahad, Ghaith. (23 septembre 2012).\u201cSyria: the foreign fighters joining the war against Bashar al-Assad\u201d. Publi\u00e9 dans\u00a0<em>The Guardien<\/em>. R\u00e9cup\u00e9r\u00e9 le 25 septembre 2012 de<\/p>\n<p><a href=\"http:\/\/www.guardian.co.uk\/world\/2012\/sep\/23\/syria-foreign-fighters-joining-war?intcmp=239\" rel=\"nofollow\" target=\"_blank\">http:\/\/www.guardian.co.uk\/world\/2012\/sep\/23\/syria-foreign-fighters-joining-war?intcmp=239<\/a><\/p>\n<\/div>\n<div>\n<p><a title=\"\" name=\"13a0cf20486c683f__edn10\" rel=\"nofollow\"><\/a>[10] Vela, Justin. (13 juin 2012). \u201cArab states arm rebels as UN talks of Syrian civil war\u201d. Publi\u00e9 dans<em>The Independent<\/em>. R\u00e9cup\u00e9r\u00e9 le 25 septembre 2012 de<\/p>\n<p><a href=\"http:\/\/www.independent.co.uk\/news\/world\/middle-east\/exclusive-arab-states-arm-rebels-as-un-talks-of-syrian-civil-war-7845026.html\" rel=\"nofollow\" target=\"_blank\">http:\/\/www.independent.co.uk\/news\/world\/middle-east\/exclusive-arab-states-arm-rebels-as-un-talks-of-syrian-civil-war-7845026.html<\/a><\/p>\n<\/div>\n<div>\n<p><a title=\"\" name=\"13a0cf20486c683f__edn11\" rel=\"nofollow\"><\/a>[11] Puz, Ulrike. (25 juillet 2012). \u201cChristians Flee from Radical Rebels in Syria\u201d. Publi\u00e9 dans\u00a0<em>Der Spiegel<\/em>. R\u00e9cup\u00e9r\u00e9 le 27 septembre 2012 de<\/p>\n<p><a href=\"http:\/\/www.spiegel.de\/international\/world\/christians-flee-from-radical-rebels-in-syria-a-846180.html\" rel=\"nofollow\" target=\"_blank\">http:\/\/www.spiegel.de\/international\/world\/christians-flee-from-radical-rebels-in-syria-a-846180.html<\/a><\/p>\n<\/div>\n<div>\n<p><a title=\"\" name=\"13a0cf20486c683f__edn12\" rel=\"nofollow\"><\/a>[12] Centre de recherche sur la mondialisation :<\/p>\n<p><a href=\"http:\/\/www.mondialisation.ca\/une-guerre-contre-liran-declenchera-la-troisieme-guerre-mondiale\/\" rel=\"nofollow\" target=\"_blank\">http:\/\/www.mondialisation.ca\/une-guerre-contre-liran-declenchera-la-troisieme-guerre-mondiale\/<\/a><\/p>\n<\/div>\n<div>\n<p><a title=\"\" name=\"13a0cf20486c683f__edn13\" rel=\"nofollow\"><\/a>[13] Les divinit\u00e9s olympiennes sont les divinit\u00e9s grecques qui, selon la mythologie, r\u00e9sident sur le mont Olympe. Ils se nourrissent d\u2019ambroisie et de nectar, et engendrent d\u2019autres dieux. Ils descendent parfois sur Terre parmi les mortels, afin de les aider, de les punir, mais aussi pour s\u2019unir, engendrant ainsi des demi-dieux ou h\u00e9ros.<\/p>\n<\/div>\n<div>\n<p><a title=\"\" name=\"13a0cf20486c683f__edn14\" rel=\"nofollow\"><\/a>[14] Puisque son sommet reste cach\u00e9 aux mortels par les nuages, l\u2019Olympe est aussi un lieu de vill\u00e9giature sur lequel les dieux grecs avaient \u00e9lu domicile pour passer leur temps \u00e0 festoyer et \u00e0 contempler le monde.<\/p>\n<p>Hom\u00e8re d\u00e9crit ce lieu comme un endroit id\u00e9al et paisible, isol\u00e9 des intemp\u00e9ries telles que la pluie, la neige ou le vent, o\u00f9 les dieux pouvaient vivre dans un parfait bonheur.<\/p>\n<\/div>\n<div>\n<p><a title=\"\" name=\"13a0cf20486c683f__edn15\" rel=\"nofollow\"><\/a>[15] Dans la mythologie grecque, le Tartare est la r\u00e9gion la plus profonde des Enfers. C\u2019est aussi la prison des dieux d\u00e9chus comme les Titans et des G\u00e9ants, et tous les anciens dieux qui s\u2019\u00e9taient oppos\u00e9s aux Olympiens.<\/p>\n<\/div>\n<div id=\"yui_3_2_0_1_13488418991171267\">\n<p id=\"yui_3_2_0_1_13488418991171266\"><a title=\"\" name=\"13a0cf20486c683f__edn16\" rel=\"nofollow\"><\/a>[16] Chossudovsky, Michel. (26 septembre 2012). \u00ab Une guerre contre l\u2019Iran d\u00e9clenchera la Troisi\u00e8me Guerre mondiale \u00bb. Publi\u00e9 sur Mondialisation.ca. R\u00e9cup\u00e9r\u00e9 le 27 septembre 2012 de<\/p>\n<p><a href=\"http:\/\/www.mondialisation.ca\/une-guerre-contre-liran-declenchera-la-troisieme-guerre-mondiale\/\" rel=\"nofollow\" target=\"_blank\">http:\/\/www.mondialisation.ca\/une-guerre-contre-liran-declenchera-la-troisieme-guerre-mondiale\/<\/a><\/p>\n<p><em>Docteur en \u00c9tudes fran\u00e7aises (UWO, 2010),\u00a0<strong>Fida Dakroub<\/strong>\u00a0est \u00e9crivain et chercheur, membre du \u00ab Groupe de recherche et d\u2019\u00e9tudes sur les litt\u00e9ratures et cultures de l\u2019espace francophone \u00bb (GRELCEF) \u00e0 l\u2019Universit\u00e9 Western Ontario. Elle est militante pour la paix et les droits civiques.<\/em><\/p>\n<\/div>\n<\/div>\n","protected":false},"excerpt":{"rendered":"<p>&nbsp; &nbsp; G\u00e9n\u00e9ralit\u00e9s Enfin, Ottawa se pronon\u00e7a cat\u00e9goriquement. Elle rompit avec T\u00e9h\u00e9ran et adopta une vision manich\u00e9enne du monde, plut\u00f4t bush\u00e9enne [1]. Le ministre canadien des Affaires \u00e9trang\u00e8res, John Baird, annon\u00e7a que tout le personnel diplomatique canadien fut rappel\u00e9 et que tous les diplomates iraniens au Canada eurent re\u00e7u l\u2019ordre de quitter le pays dans [&hellip;]<\/p>\n","protected":false},"author":3,"featured_media":521,"comment_status":"open","ping_status":"open","sticky":false,"template":"","format":"standard","meta":{"footnotes":""},"categories":[11],"tags":[],"class_list":{"0":"post-504","1":"post","2":"type-post","3":"status-publish","4":"format-standard","5":"has-post-thumbnail","7":"category-fida-dakroub"},"_links":{"self":[{"href":"https:\/\/algerienetwork.com\/blog\/wp-json\/wp\/v2\/posts\/504","targetHints":{"allow":["GET"]}}],"collection":[{"href":"https:\/\/algerienetwork.com\/blog\/wp-json\/wp\/v2\/posts"}],"about":[{"href":"https:\/\/algerienetwork.com\/blog\/wp-json\/wp\/v2\/types\/post"}],"author":[{"embeddable":true,"href":"https:\/\/algerienetwork.com\/blog\/wp-json\/wp\/v2\/users\/3"}],"replies":[{"embeddable":true,"href":"https:\/\/algerienetwork.com\/blog\/wp-json\/wp\/v2\/comments?post=504"}],"version-history":[{"count":0,"href":"https:\/\/algerienetwork.com\/blog\/wp-json\/wp\/v2\/posts\/504\/revisions"}],"wp:featuredmedia":[{"embeddable":true,"href":"https:\/\/algerienetwork.com\/blog\/wp-json\/"}],"wp:attachment":[{"href":"https:\/\/algerienetwork.com\/blog\/wp-json\/wp\/v2\/media?parent=504"}],"wp:term":[{"taxonomy":"category","embeddable":true,"href":"https:\/\/algerienetwork.com\/blog\/wp-json\/wp\/v2\/categories?post=504"},{"taxonomy":"post_tag","embeddable":true,"href":"https:\/\/algerienetwork.com\/blog\/wp-json\/wp\/v2\/tags?post=504"}],"curies":[{"name":"wp","href":"https:\/\/api.w.org\/{rel}","templated":true}]}}