{"id":6162,"date":"2016-08-14T19:40:42","date_gmt":"2016-08-14T19:40:42","guid":{"rendered":"https:\/\/algerienetwork.com\/blog\/?p=6162"},"modified":"2016-08-14T19:40:42","modified_gmt":"2016-08-14T19:40:42","slug":"boualam-sansal-polemiste-et-provocateur-habile","status":"publish","type":"post","link":"https:\/\/algerienetwork.com\/blog\/boualam-sansal-polemiste-et-provocateur-habile\/","title":{"rendered":"Boualam Sansal pol\u00e9miste et  provocateur habile"},"content":{"rendered":"<h4><span style=\"color: #008080;\">Aziz Cheboub<\/span><\/h4>\n<p style=\"text-align: right;\">\u00ab\u00a0<em>Acta est fabula\/ La pi\u00e8ce est jou\u00e9e.<\/em>\u00a0\u00bb Auguste, Empereur Romain.<\/p>\n<p>Rien de nouveau sous le soleil, Sansal, comme \u00e0 son accoutum\u00e9, s\u2019est autoris\u00e9 un rapprochement dans son article \u00ab\u00a0Gare au terrorisme \u00e0 bas co\u00fbt\u00a0!\u00a0\u00bb \u00e9dit\u00e9 par le quotidien Fran\u00e7ais Le Monde le 18 Juillet dernier, Il a compar\u00e9 les proc\u00e9d\u00e9s de la tuerie de Nice qui co\u00fbt\u00e9e la vie \u00e0 84 personnes dont figurent 5 victimes de nationalit\u00e9 Alg\u00e9rienne, aux tactiques de\u00a0 la bataille d\u2019Alger.<\/p>\n<p>Certes que l\u2019allusion est assez bancale et partiale, n\u00e9anmoins, il est des v\u00e9rit\u00e9s qui semblent \u00eatre des plats froids. A-t-on oubli\u00e9 les combattants de l\u2019Alg\u00e9rie Alg\u00e9rienne qui s\u2019en prenaient m\u00eame aux Alg\u00e9riens comme ces\u00a0 terroristes \u00e9cervel\u00e9s\u00a0qui assassinent leurs \u2018\u2019fr\u00e8res\u2019\u2019 et \u2018\u2019s\u0153urs\u00a0\u2018\u2019? L\u2019un des plus meurtriers massacre serait celui du village de Melouza, perp\u00e9tr\u00e9 le 31 Mai 1957 par le FLN sous pr\u00e9texte que les villageois d\u00e9fendaient un parti rival, le MNA\u00a0 Mouvement National Alg\u00e9rien. Tout un village, petits et grands, hommes ou femmes, aucune personne n\u2019a \u00e9t\u00e9 \u00e9pargn\u00e9e. Sans pour autant s\u2019\u00e9taler sur les conspirations, les meurtres et les combats fratricides entre les partis politiques de l\u2019avant et de l\u2019apr\u00e8s-guerre, une lutte qui a fait coulait plus de sang que d\u2019encre.<\/p>\n<p>La th\u00e9orie de remplacement gagnait du terrain,\u00a0 elle est le leitmotiv de le br\u00e9viaire\u00a0Un Samoura\u00ef d\u2019Occident \u00e9crite par Dominique Venner qui s\u2019est donn\u00e9 la mort dans Notre Dame de Paris 21-05-2013, viendra ensuite la publication de Soumission de Michel Houellebecq, un roman d\u2019anticipation intrins\u00e8quement li\u00e9 \u00e0 la th\u00e9orie susdite. L\u2019auteur de Soumission a confi\u00e9, le 29 Ao\u00fbt dernier (2015), dans un talk-show, une \u00e9mission de t\u00e9l\u00e9 anim\u00e9e par Laurent Ruquier qui s\u2019intitule On n\u2019est pas couch\u00e9, qu\u2019il \u00e9tait entrain de lire le roman de Boualam Sansal (2084), qu\u2019il trouve plus brutal que le sien. M\u00eame Alain Finkielkraut et Eric Zemmour \u00a0n\u2019h\u00e9sitent \u00a0pas \u00e0 arguer leurs positions \u00e0 l\u2019encontre de l\u2019Islam et des musulmans en citant 2084.<\/p>\n<p>Andr\u00e9 Gide disait\u00a0: \u00ab\u00a0On ne fait pas de litt\u00e9rature avec de bons sentiments\u00a0\u00bb mais cela n\u2019emp\u00eache de voir le mauvais office rendu \u00e0 la communaut\u00e9 musulmane vivant en occident qui n\u2019a pas cesser de p\u00e2tir des actes terroristes commis au nom de leur religion.<\/p>\n<p>Dans une interview accord\u00e9e \u00e0 Tamurt, un\u00a0<a href=\"https:\/\/fr.wikipedia.org\/wiki\/Site_web\">site web<\/a>\u00a0d&rsquo;information g\u00e9n\u00e9raliste\u00a0<a href=\"https:\/\/fr.wikipedia.org\/wiki\/Francophone\">francophone<\/a>, o\u00f9 il expliquait pour quoi il d\u00e9fend pleinement l\u2019id\u00e9e de l\u2019ind\u00e9pendance de la Kabylie promue par le GPK \u00a0Gouvernement Provisoire de la Kabylie, tout en donnant les proc\u00e9d\u00e9s libertaires au d\u00e9triment de L\u2019Etatisme. Favorable \u00e0 une libert\u00e9 sans lois, Car ses derni\u00e8res prot\u00e8gent les int\u00e9r\u00eats de quelques uns.<\/p>\n<p><a href=\"http:\/\/evene.lefigaro.fr\/citation\/realite-depasse-fiction-car-fiction-doit-contenir-vraisemblance-11810.php\">\u201cLa r\u00e9alit\u00e9 d\u00e9passe la fiction, car la fiction doit contenir la vraisemblance, mais non pas de la r\u00e9alit\u00e9.\u201d<\/a> Mark Twain.<\/p>\n<p>On ignore si Sansal est tr\u00e8s jeune pour conna\u00eetre Isra\u00ebl ou bien trop vieux pour s\u2019en souvenir. Invit\u00e9 d\u2019honneur du salon du livre de J\u00e9rusalem en 2012, Sansal a uniquement parl\u00e9 de son roman intitul\u00e9 Le village de l\u2019Allemand publi\u00e9 chez Gallimard en 2008, racontant l\u2019histoire d\u2019un ancien nazis qui a fini par rejoindre les camps du FLN en faisant le parall\u00e8le entre islamisme et nazisme.<\/p>\n<p>Cependant, il ne s\u2019est jamais prononc\u00e9 sur les publications de Zeev Sternhell, un historien Isra\u00e9lien, qui s\u2019est toujours indign\u00e9 quant \u00e0 la politique men\u00e9e par l\u2019Etat sioniste sur le territoire Palestinien. L\u2019autre historien Isra\u00e9lien opposant \u00e0 n\u2019est autre que l\u2019auteur de Comment la terre d\u2019Isra\u00ebl fut invent\u00e9e\u00a0? Qui disait qu\u2019il y avait de l\u2019Apartheid et de la s\u00e9gr\u00e9gation sur les territoires occup\u00e9s, une zone o\u00f9 notre cher \u00e9crivain n\u2019a pas mis un seul pied. L\u2019auteur de Comment j\u2019ai cess\u00e9 d\u2019\u00eatre juif\u00a0? Consid\u00e8re la proposition d\u2019un Etat binationale comme \u00e9tant un proc\u00e9d\u00e9 infantile.<\/p>\n<p>Sans omettre les positions antisionistes de Noam Chomsky, un intellectuel digne de son nom, ne manque pas de d\u00e9noncer non seulement la politique sioniste, mais \u00e9galement les allies d\u2019Isra\u00ebl. Il est plus que n\u00e9cessaire de rappeler les paroles saisissantes de St\u00e9phane Hessel sur le plateau de Ce soir ou jamais, \u00e9mission\u00a0 enregistr\u00e9 en Janvier 2009 dont le sujet principal \u00e9tait Gaza. L\u2019\u00e9crivain a r\u00e9it\u00e9r\u00e9 maintes fois\u00a0:\u00a0\u00abIsra\u00ebl ne veut pas la paix car s\u2019il voulait la paix, il n\u00e9gocierait avec le Hamas facilement.\u00a0\u00bb<\/p>\n<p>Somme toute, le plus important ce n&rsquo;est pas ce qu&rsquo;il dit, qui peut \u00eatre (d\u00e9s) approuver, mais qu&rsquo;il ait le droit de dire ce qu&rsquo;il pense, il est plus question de libert\u00e9 d&rsquo;expression que d\u2019\u00e9thique. Reste \u00e0 savoir s\u2019il risque d\u2019\u00eatre d\u00e9chu de la nationalit\u00e9 Alg\u00e9rienne\u00a0?<\/p>\n<h4><span style=\"color: #008080;\">Aziz Cheboub<\/span><\/h4>\n<p>Les liens\u00a0:<\/p>\n<p><a href=\"http:\/\/www.kabylie-news.com\/2016\/07\/polemique-decheance-de-nationalite-pour.html\">http:\/\/www.kabylie-news.com\/2016\/07\/polemique-decheance-de-nationalite-pour.html<\/a><\/p>\n<p>Interview de Sansal par Tamurt\u00a0: <a href=\"https:\/\/www.youtube.com\/watch?v=bo7qMt21Xe4\">https:\/\/www.youtube.com\/watch?v=bo7qMt21Xe4<\/a><\/p>\n<p>Shlomo Sand sur Israel: <a href=\"http:\/\/www.dailymotion.com\/video\/xtix5v_shlomo-sand-breves-visions-d-israel_news?GK_FACEBOOK_OG_HTML5=1\">http:\/\/www.dailymotion.com\/video\/xtix5v_shlomo-sand-breves-visions-d-israel_news?GK_FACEBOOK_OG_HTML5=1<\/a><\/p>\n<p><a href=\"https:\/\/www.youtube.com\/watch?v=bhxvjnANgKs\">https:\/\/www.youtube.com\/watch?v=bhxvjnANgKs<\/a><\/p>\n","protected":false},"excerpt":{"rendered":"<p>Aziz Cheboub \u00ab\u00a0Acta est fabula\/ La pi\u00e8ce est jou\u00e9e.\u00a0\u00bb Auguste, Empereur Romain. Rien de nouveau sous le soleil, Sansal, comme \u00e0 son accoutum\u00e9, s\u2019est autoris\u00e9 un rapprochement dans son article \u00ab\u00a0Gare au terrorisme \u00e0 bas co\u00fbt\u00a0!\u00a0\u00bb \u00e9dit\u00e9 par le quotidien Fran\u00e7ais Le Monde le 18 Juillet dernier, Il a compar\u00e9 les proc\u00e9d\u00e9s de la tuerie [&hellip;]<\/p>\n","protected":false},"author":1,"featured_media":6163,"comment_status":"closed","ping_status":"closed","sticky":false,"template":"","format":"standard","meta":{"footnotes":""},"categories":[8],"tags":[],"class_list":{"0":"post-6162","1":"post","2":"type-post","3":"status-publish","4":"format-standard","5":"has-post-thumbnail","7":"category-aziz-cheboub"},"_links":{"self":[{"href":"https:\/\/algerienetwork.com\/blog\/wp-json\/wp\/v2\/posts\/6162","targetHints":{"allow":["GET"]}}],"collection":[{"href":"https:\/\/algerienetwork.com\/blog\/wp-json\/wp\/v2\/posts"}],"about":[{"href":"https:\/\/algerienetwork.com\/blog\/wp-json\/wp\/v2\/types\/post"}],"author":[{"embeddable":true,"href":"https:\/\/algerienetwork.com\/blog\/wp-json\/wp\/v2\/users\/1"}],"replies":[{"embeddable":true,"href":"https:\/\/algerienetwork.com\/blog\/wp-json\/wp\/v2\/comments?post=6162"}],"version-history":[{"count":0,"href":"https:\/\/algerienetwork.com\/blog\/wp-json\/wp\/v2\/posts\/6162\/revisions"}],"wp:featuredmedia":[{"embeddable":true,"href":"https:\/\/algerienetwork.com\/blog\/wp-json\/"}],"wp:attachment":[{"href":"https:\/\/algerienetwork.com\/blog\/wp-json\/wp\/v2\/media?parent=6162"}],"wp:term":[{"taxonomy":"category","embeddable":true,"href":"https:\/\/algerienetwork.com\/blog\/wp-json\/wp\/v2\/categories?post=6162"},{"taxonomy":"post_tag","embeddable":true,"href":"https:\/\/algerienetwork.com\/blog\/wp-json\/wp\/v2\/tags?post=6162"}],"curies":[{"name":"wp","href":"https:\/\/api.w.org\/{rel}","templated":true}]}}