{"id":6202,"date":"2016-08-24T14:13:48","date_gmt":"2016-08-24T14:13:48","guid":{"rendered":"https:\/\/algerienetwork.com\/blog\/?p=6202"},"modified":"2016-08-24T14:13:48","modified_gmt":"2016-08-24T14:13:48","slug":"liberte-dexpression-ou-liberte-de-choquer","status":"publish","type":"post","link":"https:\/\/algerienetwork.com\/blog\/liberte-dexpression-ou-liberte-de-choquer\/","title":{"rendered":"Libert\u00e9 d\u2019expression ou libert\u00e9 de choquer ?"},"content":{"rendered":"<p style=\"text-align: right;\"><em>\u00ab Parler de libert\u00e9 n\u2019a de sens qu\u2019\u00e0 condition que ce soit la libert\u00e9 de dire aux autres ce qu\u2019ils n\u2019ont pas envie d\u2019entendre\u00bb George Orwell<\/em><\/p>\n<p>Parmi les droits dont jouit l\u2019Homme figure la libert\u00e9 d\u2019expression, tout individu a le droit de dire, d\u2019\u00e9crire et de dessiner librement comme le stipule l\u2019article 19 du pacte international relatif aux droits civils et politiques sauf en cas d\u2019abus qui est condamnable, cette condamnation est \u00e0 g\u00e9om\u00e9trie variable, chaque Etat la g\u00e8re de la mani\u00e8re qui l\u2019arrange, censurer l\u2019un parce qu\u2019il est choquant, autoriser l\u2019autre qui s\u2019est autocensurer, c\u2019est pour quoi on peut se demander : Quel est le r\u00f4le de l\u2019intelligentsia ? Quelle est la relation entre autocensure et libert\u00e9 d\u2019expression ? Et quel autre rapport alliant libert\u00e9 de choquer et libert\u00e9 d\u2019expression ?<\/p>\n<p>Sur le plan verbal, les exemples abondent, quand une tierce personne a une opinion \u00ab raciste \u00bb et renonce \u00e0 sa manifestation, \u00e0 l\u2019exprimer de peur d\u2019\u00eatre condamn\u00e9 ou d\u2019\u00eatre tax\u00e9 de raciste, de facto, il d\u00e9montre qu\u2019il n\u2019est pas du tout libre, c\u2019est ce qu\u2019on pourrait appeler de \u00ab restriction d\u2019expression \u00bb Inversement, lorsque quelqu\u2019un s\u2019affranchit de toute crainte et ose d\u00e9verser ses propos racistes, cela peut \u00eatre consid\u00e9r\u00e9 comme de la d\u00e9sinvolture, mais sa libert\u00e9 n\u2019a pas \u00e9t\u00e9 oppress\u00e9e.<\/p>\n<p>Dans le livre de Bruno Gaccio et Dieudonn\u00e9 intitul\u00e9 Peut-on tout dire ?[1]Pour B. Gaccio (animateur de t\u00e9l\u00e9 et journaliste) on peut tout dire, mais uniquement dans les lieux sacr\u00e9s (une salle o\u00f9 un humoriste joue) \u00e0 contrario, pour Dieudonn\u00e9 (humoriste et homme politique) on a non seulement le droit de tout, mais aussi celui de le manifester o\u00f9 et quand on le d\u00e9sire en prenant en consid\u00e9ration les limites de l\u2019article du pacte international susmentionn\u00e9 (Pas d\u2019injures, ni de diffamations, interdiction d\u2019atteinte \u00e0 la vie priv\u00e9e \u2026)<\/p>\n<p>La Fatwa (avis juridique) condamnant \u00e0 la peine capitale Salman Rushdie pour son essai Les versets sataniques[2] Tout r\u00e9cemment celle \u00e9mise par Abdel Fatah Hamadache \u00e0 l\u2019encontre de K. Daoud o\u00f9 il l\u2019accus\u00e9 d\u2019apostat, de facto Hamadache a \u00e9t\u00e9 condamn\u00e9 \u00e0 3 mois ferme et 50.000 da d\u2019amende, un prix assez d\u00e9risoire pour beaucoup! Sans omettre les dires offusquant de Philippe Tesson \u00e0 propos des musulmans sur Europe 1 en 2015 : \u00ab ce ne sont pas les musulmans qui am\u00e8ne la merde en France ? \u00bb.<\/p>\n<p>\u00ab <em>Si la libert\u00e9 d\u2019expression se limite aux id\u00e9es qui nous conviennent, ce n\u2019est pas la libert\u00e9 d\u2019expression<\/em> \u00bb Noam Chomsky<\/p>\n<p>Le second aspect de la libert\u00e9 d\u2019expression (l\u2019\u00e9crit) quand Noami Chomsky a \u00e9t\u00e9 interdit d\u2019entrer en France pour avoir sign\u00e9 une p\u00e9tition en faveur de l\u2019essai de Robert Faurisson M\u00e9moire en d\u00e9fense contre ceux qui m\u2019accuse de falsifier l\u2019Histoire[3] Qui niait l\u2019existence des chambres \u00e0 gaz lors de l\u2019holocauste. Chomsky a dit que le fait de censurer tout ce qui est contraire \u00e0 l\u2019histoire officielle est un proc\u00e9d\u00e9 stalinien, il ajoute, on n\u2019honore pas les victimes de la Shoah en adaptant les principes de leurs assassins.<\/p>\n<p>Doit-on censur\u00e9 tous les avis dits \u00ab racistes \u00bb beaucoup sont sujets \u00e0 la condamnation, la Torah du roi a \u00e9t\u00e9 d\u00e9sapprouv\u00e9e qui minimisait le crime des dits \u00ab Gentils \u00bb Le deut\u00e9ronome est constern\u00e9, Le talmud o\u00f9 J\u00e9sus est tr\u00e8s mal d\u00e9crit, Mien kamft, qui existe dans les biblioth\u00e8ques am\u00e9ricaines, Dans Le guide des \u00e9gar\u00e9s de Ma\u00efmonide on peut trouver l\u2019interdiction au m\u00e9tissage pour des raisons raciales. Voltaire, dans on essai Trait\u00e9 de m\u00e9taphysique o\u00f9 il sup\u00e9riorise l\u2019homme blanc sur l\u2019homme noir. \u00ab<em> Les blancs sont sup\u00e9rieurs \u00e0 ces N\u00e8gres comme les n\u00e8gres le sont aux singes<\/em> \u00bb. Diderot disait des n\u00e8gres : \u00ab <em>Quoique en g\u00e9n\u00e9ral les N\u00e8gres aient peu d\u2019esprit, ils ne manquent pas de sentiment<\/em> \u00bb[4] quant \u00e0 Montesquieu, le p\u00e8re de la morale, qui se trouve h\u00e9las dans le m\u00eame panier : \u00ab<em> On ne peut se mettre dans l\u2019id\u00e9e que Dieu, qui est un \u00eatre sage, ait mis une \u00e2me, surtout une \u00e2me bonne, dans un corps tout noir. [&#8230;] Il est impossible que nous supposions que ces gens-l\u00e0 soient des hommes, on commencerait \u00e0 croire que nous ne sommes pas nous m\u00eames chr\u00e9tiens.<\/em> \u00bb[5] M\u00eame J. J. Rousseau ne fait pas exception. En Alg\u00e9rie, certains sont assassin\u00e9s \u00e0 cause de leurs opinions \u00e0 l\u2019instar de Sa\u00efd Maqbel et Tahar Djaout par des fanatiques forcen\u00e9s.<\/p>\n<p>Le troisi\u00e8me art (la peinture, le dessin et\/ou la caricature) est son troisi\u00e8me aspect. Dans le livre de Fran\u00e7ois Boespflug Le portrait du Proph\u00e8te en images[6]. L\u2019historien des religions revient sur l\u2019affaire de Charlie hebdo o\u00f9 il dit que le Coran n\u2019interdit aucune repr\u00e9sentation, ni m\u00eame celle de Dieu, il ajoute, que la pluparts des penseurs musulmans se convergent vers une solution plus idoine, celle d\u2019ignorer les caricatures comme l\u2019a d\u00e9clar\u00e9 l\u2019universit\u00e9 d\u2019El Azhar (du Caire)<\/p>\n<p>Le caricaturiste Alg\u00e9rien, Ali Dilem a re\u00e7u beaucoup de menaces pour ses publications qualifi\u00e9es de profanes. Comment oublier l\u2019anecdote de Picasso lorsqu\u2019une femme s\u2019approcha de sa toile (Les femmes d\u2019Alger[7]) et a tenu ce discours devant le peintre : \u00ab <em>c\u2019est de la merde ! \u00bb L\u2019artiste lui r\u00e9pondu sit\u00f4t : \u00ab la merde est dans votre t\u00eate madame.<\/em> \u00bb. \u00ab <em>Comment peux-tu dire affirmer que tel objet ob\u00e9issant \u00e0 des lois que tu ignores, est une merde ?<\/em> \u00bb demande Serge \u00e0 Marc dans \u00ab Art \u00bb de Yasmina Reza[8] par rapport \u00e0 une toile d\u2019Antrios.<\/p>\n<p>Quel media a parl\u00e9 du licenciement de Cyn\u00e9e ? Un journaliste de Charlie hebdo, l\u2019ap\u00f4tre de la libert\u00e9 d\u2019expression qui a \u00e9t\u00e9 radi\u00e9 pour avoir parl\u00e9 du fils de Nicolas Sarkozy et de sa confession juive. En Russie, Poutine s\u2019est sacralis\u00e9 depuis qu\u2019il a acc\u00e9d\u00e9 aux pouvoirs, ceux qui l\u2019ont caricatur\u00e9 finissent g\u00e9n\u00e9ralement en prison.<\/p>\n<p>En somme, comme le dit clairement E. Morin celui qui a des convictions a des souffrances, qu\u2019il faut accepter et c\u2019est \u00e0 lui de tol\u00e9rer les opinions comme le corrobore une citation attribu\u00e9e \u00e0 Voltaire \u00ab <em>ce que vous dites me r\u00e9pugne profond\u00e9ment, je le d\u00e9teste, mais je suis pr\u00eat \u00e0 me sacrifier pour que vous ayez le droit de le dire<\/em> \u00bb La canalisation ou la restriction de la libert\u00e9 qui n\u2019est qu\u2019une tactique de salami qui profite aux dominants, qui imposent leur vision du monde, leur repr\u00e9sentation.<\/p>\n<p>[1] Editions Mordicus 2014.<\/p>\n<p>[2] Editions Plon 2012.<\/p>\n<p>[3] Editions La vieille Taupe. 2012<\/p>\n<p>[4] Encyclop\u00e9die 1772<\/p>\n<p>[5] De l\u2019esprit des lois 1748<\/p>\n<p>[6] Editions Bayard 2015.<\/p>\n<p>[7] Une toile r\u00e9alis\u00e9e en 1834<\/p>\n<p>[8] Editions Magnard 2009<\/p>\n<p><strong><span style=\"color: #008080;\">Aziz Cheboub<\/span><\/strong><\/p>\n","protected":false},"excerpt":{"rendered":"<p>\u00ab Parler de libert\u00e9 n\u2019a de sens qu\u2019\u00e0 condition que ce soit la libert\u00e9 de dire aux autres ce qu\u2019ils n\u2019ont pas envie d\u2019entendre\u00bb George Orwell Parmi les droits dont jouit l\u2019Homme figure la libert\u00e9 d\u2019expression, tout individu a le droit de dire, d\u2019\u00e9crire et de dessiner librement comme le stipule l\u2019article 19 du pacte [&hellip;]<\/p>\n","protected":false},"author":1,"featured_media":6203,"comment_status":"closed","ping_status":"closed","sticky":false,"template":"","format":"standard","meta":{"footnotes":""},"categories":[8],"tags":[],"class_list":{"0":"post-6202","1":"post","2":"type-post","3":"status-publish","4":"format-standard","5":"has-post-thumbnail","7":"category-aziz-cheboub"},"_links":{"self":[{"href":"https:\/\/algerienetwork.com\/blog\/wp-json\/wp\/v2\/posts\/6202","targetHints":{"allow":["GET"]}}],"collection":[{"href":"https:\/\/algerienetwork.com\/blog\/wp-json\/wp\/v2\/posts"}],"about":[{"href":"https:\/\/algerienetwork.com\/blog\/wp-json\/wp\/v2\/types\/post"}],"author":[{"embeddable":true,"href":"https:\/\/algerienetwork.com\/blog\/wp-json\/wp\/v2\/users\/1"}],"replies":[{"embeddable":true,"href":"https:\/\/algerienetwork.com\/blog\/wp-json\/wp\/v2\/comments?post=6202"}],"version-history":[{"count":0,"href":"https:\/\/algerienetwork.com\/blog\/wp-json\/wp\/v2\/posts\/6202\/revisions"}],"wp:featuredmedia":[{"embeddable":true,"href":"https:\/\/algerienetwork.com\/blog\/wp-json\/"}],"wp:attachment":[{"href":"https:\/\/algerienetwork.com\/blog\/wp-json\/wp\/v2\/media?parent=6202"}],"wp:term":[{"taxonomy":"category","embeddable":true,"href":"https:\/\/algerienetwork.com\/blog\/wp-json\/wp\/v2\/categories?post=6202"},{"taxonomy":"post_tag","embeddable":true,"href":"https:\/\/algerienetwork.com\/blog\/wp-json\/wp\/v2\/tags?post=6202"}],"curies":[{"name":"wp","href":"https:\/\/api.w.org\/{rel}","templated":true}]}}