{"id":6230,"date":"2016-09-23T21:15:44","date_gmt":"2016-09-23T21:15:44","guid":{"rendered":"https:\/\/algerienetwork.com\/blog\/?p=6230"},"modified":"2020-06-17T13:52:55","modified_gmt":"2020-06-17T13:52:55","slug":"la-faim-de-lhumanite-en-2084","status":"publish","type":"post","link":"https:\/\/algerienetwork.com\/blog\/la-faim-de-lhumanite-en-2084\/","title":{"rendered":"La faim de l\u2019humanit\u00e9 en 2084 ?"},"content":{"rendered":"<p><span style=\"color: #993300;\"><strong>Aziz Cheboub<\/strong><\/span><\/p>\n<p style=\"text-align: right;\"><em>\u00ab&nbsp;Le monde ne sera pas d\u00e9truit par ceux qui font le mal, mais par ceux qui les regardent sans rien faire&nbsp;\u00bb A. Einstein<\/em><\/p>\n<p>Selon un r\u00e9cent rapport conjoint des agences onusiennes de la FAO, du Fida et du PAM, la sous-alimentation chronique recule mais pas partout. Ce fl\u00e9au frappe encore un \u00eatre humain sur neuf. L\u2019objectif de r\u00e9duire de moiti\u00e9, par rapport \u00e0 1990, la proportion d\u2019affam\u00e9s dans la population mondiale, pourrait \u00eatre atteinte dans quelques ann\u00e9es.<\/p>\n<p>La population mondiale est estim\u00e9e \u00e0 7,35 milliards au premier juillet 2015, selon l\u2019Organisation des Nations Unis (ONU) Avec les pr\u00e9visions actuelles nous serons 11 Milliards en 2084. Ainsi, les continents o\u00f9 la croissance bat les records ce sont l\u2019Afrique et le continent asiatique, on ne peut imaginer si ces deux continents &nbsp;n\u2019\u00e9taient pas affecter par les&nbsp; probl\u00e8mes de sous-alimentation et de malnutrition. Cependant, cette augmentation de la population tend \u00e0 ralentir, avec une baisse mondiale plus ou moins importante de l&rsquo;<a href=\"https:\/\/fr.wikipedia.org\/wiki\/Indice_de_f%C3%A9condit%C3%A9\">indice de f\u00e9condit\u00e9<\/a>, pour maintes raisons, la faim, la malnutrition et les guerres sont les plus grands facteurs qui contribuent \u00e0 cette chute de croissance. Selon le FAO (Food and Agriculture Organization), 795 millions de personnes souffrent de malnutrition dans le monde. 1 million de morts dus \u00e0 la malnutrition dans le monde chaque ann\u00e9e (chiffres Lancet en 2010). La malnutrition provoque la mort de 3,1 millions d&rsquo;enfants de moins de 5 ans chaque ann\u00e9e, une personne sur huit.<\/p>\n<p><em>\u00ab&nbsp;La faim dans le monde : un scandale, pas une fatalit\u00e9<a href=\"#_ftn1\" name=\"_ftnref1\"><strong>[1]<\/strong><\/a>&nbsp;\u00bb<\/em><em> Est le titre d\u2019un article du journal Les Echos, paru en 2015 qui aborde le livre de l\u2019essayiste <\/em>Martin Caparros, Son livre qui s\u2019intitule la faim, un essai imp\u00e9tueux et h\u00e9t\u00e9roclite entrem\u00eale choses vues &#8211; au Niger, au Bangladesh, et dans tout autre pays o\u00f9 y a malheur&#8230; -, dialogues avec les affam\u00e9s eux-m\u00eames, expos\u00e9s scientifiques (sur la notion de calorie&#8230;), rappels historiques (sur la Grande Famine qui a s\u00e9vit en Irlande au milieu du XIXe si\u00e8cle&#8230;), diatribes contre l&rsquo;incurie des dirigeants ou l&rsquo;\u00e9go\u00efsme des multinationales (Areva exploitant l&rsquo;uranium, unique richesse du Niger&#8230;)<\/p>\n<p>\u00ab&nbsp;Si l\u2019humanit\u00e9 ne mettra pas fin \u00e0 la guerre, cette derni\u00e8re mettra un terme \u00e0 la premi\u00e8re&nbsp;\u00bb&nbsp;&nbsp;&nbsp;&nbsp;&nbsp;&nbsp;&nbsp;&nbsp;&nbsp;&nbsp;&nbsp;&nbsp; J.F. Kennedy<\/p>\n<p>Le plus inqui\u00e9tant ne serait pas l\u2019ascension des extr\u00e9mistes musulmans qui tuent \u00e0 l\u2019aide d\u2019armes fabriqu\u00e9es en Occident, mais bien une Guerre nucl\u00e9aire imminente qui d\u00e9truira toute forme de vie avec l\u2019installation de l\u2019hiver nucl\u00e9aire, qui endommagera, a fortiori, &nbsp;la couche d\u2019Ozon, ipso facto, il n\u2019y aura plus de filtrations des rayons ultra-violets &nbsp;et on peut pr\u00e9tendre \u00e0 la fin de l\u2019humanit\u00e9 ici-bas. Fao qui a cr\u00e9e une commission Codex alimentarius qui rend de plus en plus difficile l\u2019acc\u00e8s aux m\u00e9dicaments et aux vitamines efficaces et l\u2019OMS.<\/p>\n<p>\u00ab&nbsp;Agir en Homme de pens\u00e9e et penser en Homme d\u2019action.&nbsp;\u00bb Bergson<\/p>\n<p>La bataille de Seattle est un exemple pertinent et tr\u00e8s marquant de la manifestation, qui d\u00e9signe le mouvement de contestation qui a pris corps le 29 et 30 Novembre \u00e0 Seattle et ce, \u00e0 l\u2019occasion d\u2019un sommet de l\u2019OMC (Organisation mondiale de Commerce) C\u2019est la premi\u00e8re fois qu\u2019une manifestation est arriv\u00e9e \u00e0 terme en bloquant ce sommet international en obtenant gain de cause. Stuart Townsend, un r\u00e9alisateur de cin\u00e9ma, a eu l\u2019id\u00e9e de r\u00e9aliser un film qui porte le nom de&nbsp;: La bataille \u00e0 Seattle. Sorti en 2008. Cette contestation a contraint les gouvernements de trouver un endroit o\u00f9 ils ne seront plus pris par surprise, de facto, les r\u00e9unions de l\u2019OMC et du G8 ne sont plus entrav\u00e9es, r\u00e9duisant ipso facto, le droit d\u2019exprimer son d\u00e9saccord, les sommets se d\u00e9roulent \u00e0 Doha au Qatar par exemple.<\/p>\n<p>Dans le livre de Nenki, Chemtrails ou les trac\u00e9s de la mort<a href=\"#_ftn2\" name=\"_ftnref2\">[2]<\/a>, qui a eu un effet consid\u00e9rable sur la sc\u00e8ne m\u00e9diatique, voire politique. Les Chemtrails faisaient pol\u00e9mique, suite \u00e0 des analyses divulguant que les retomb\u00e9es&nbsp; de Chemtrails pires que les contrails, car contiennent de nombreuses mati\u00e8res biologiques, toutes toxiques pour la faune et la flore, mais les gouvernements ne semblent pas \u00eatre int\u00e9ress\u00e9s par cette menace, ce qui apportera de l\u2019eau au moulin de Claire S\u00e9verac, tr\u00e8s particuli\u00e8rement, pour son essai intitul\u00e9 La guerre contre les peuples<a href=\"#_ftn3\" name=\"_ftnref3\">[3]<\/a>, dans son ouvrage, l\u2019essayiste s\u2019\u00e9talera sur des perspectives plus sinistres que catastrophiques \u00e0 titre d\u2019exemple le projet HAARP (High Frequency Active Auroral Research Program) qui est \u00e0 la fois un programme scientifique et militaire consid\u00e9r\u00e9 comme une initiative \u00e0 la guerre m\u00e9t\u00e9orologique, en s\u2019inspirant des \u00e9crits de Zbigniew Brezezinski tel que Between Two Ages et pleins d\u2019autres.<\/p>\n<p>Dans l\u2019essai sociopolitique&nbsp;et surtout <a href=\"https:\/\/fr.wikipedia.org\/wiki\/Altermondialisme\">altermondialiste<\/a>&nbsp;\u00e9crit la journaliste&nbsp;<a href=\"https:\/\/fr.wikipedia.org\/wiki\/Naomi_Klein\">Naomi Klein<\/a> est plus que jamais pittoresque et ne laisse nulle personne indiff\u00e9rente \u00e0 l\u2019\u00e9gard de la situation politique, \u00e9cologiquement mis\u00e9rable. En s&rsquo;appuyant sur d\u2019innombrables recherches documentaires Naomi Klein soutient que, de la m\u00eame mani\u00e8re, des d\u00e9sastres (<a href=\"https:\/\/fr.wikipedia.org\/wiki\/Catastrophe_naturelle\">catastrophes naturelles<\/a>, changements de r\u00e9gimes, attentats), qui conduisent \u00e0 des&nbsp;<a href=\"https:\/\/fr.wikipedia.org\/wiki\/Choc_psychologique\">chocs psychologiques<\/a>, permettent aux chantres du&nbsp;<a href=\"https:\/\/fr.wikipedia.org\/wiki\/Capitalisme\">capitalisme<\/a>&nbsp;d\u2019imposer la conception de l&rsquo;<a href=\"https:\/\/fr.wikipedia.org\/wiki\/%C3%89cole_de_Chicago_(%C3%A9conomie)\">\u00e9cole de Chicago<\/a>&nbsp;dont&nbsp;<a href=\"https:\/\/fr.wikipedia.org\/wiki\/Milton_Friedman\">Milton Friedman<\/a>&nbsp;est l&rsquo;un des repr\u00e9sentants les plus r\u00e9put\u00e9s. Ils imposeraient \u00e0 l&rsquo;occasion des d\u00e9sastres avec des r\u00e9formes \u00e9conomiques que l\u2019essayiste, elle-m\u00eame, qualifie d&rsquo;<a href=\"https:\/\/fr.wikipedia.org\/wiki\/Ultralib%C3%A9ralisme\">ultra-lib\u00e9rales<\/a>&nbsp;telles que la&nbsp;<a href=\"https:\/\/fr.wikipedia.org\/wiki\/Privatisation\">privatisation<\/a>&nbsp;de l&rsquo;<a href=\"https:\/\/fr.wikipedia.org\/wiki\/%C3%89nergie_(secteur_%C3%A9conomique)\">\u00e9nergie<\/a>&nbsp;ou de la&nbsp;<a href=\"https:\/\/fr.wikipedia.org\/wiki\/S%C3%A9curit%C3%A9_sociale\">s\u00e9curit\u00e9 sociale<\/a>. Les r\u00e9percussions de cette politique m\u00e8neront le monde entier, tout droit vers le pr\u00e9cipice. Il est trop tard pour \u00eatre optimiste, reste \u00e0 minimiser l\u2019impact, le choc irr\u00e9versible.<\/p>\n<p><span style=\"color: #993300;\"><strong>Aziz Cheboub<\/strong><\/span><\/p>\n<p><a href=\"#_ftnref1\" name=\"_ftn1\">[1]<\/a> http:\/\/www.lesechos.fr\/16\/10\/2015\/LesEchos\/22046-035-ECH_la-faim-dans-le-monde&#8212;un-scandale&#8211;pas-une-fatalite.htm#dxvDc8F8JGoLr2sZ.99<br \/>\n<a href=\"#_ftnref2\" name=\"_ftn2\">[2]<\/a> Edition Louise Courteau 2003<br \/>\n<a href=\"#_ftnref3\" name=\"_ftn3\">[3]<\/a> Edition Kontrekulture 2015<\/p>\n","protected":false},"excerpt":{"rendered":"<p>Aziz Cheboub \u00ab&nbsp;Le monde ne sera pas d\u00e9truit par ceux qui font le mal, mais par ceux qui les regardent sans rien faire&nbsp;\u00bb A. Einstein Selon un r\u00e9cent rapport conjoint des agences onusiennes de la FAO, du Fida et du PAM, la sous-alimentation chronique recule mais pas partout. Ce fl\u00e9au frappe encore un \u00eatre humain [&hellip;]<\/p>\n","protected":false},"author":1,"featured_media":9124,"comment_status":"closed","ping_status":"closed","sticky":false,"template":"","format":"standard","meta":{"footnotes":""},"categories":[8],"tags":[],"class_list":{"0":"post-6230","1":"post","2":"type-post","3":"status-publish","4":"format-standard","5":"has-post-thumbnail","7":"category-aziz-cheboub"},"_links":{"self":[{"href":"https:\/\/algerienetwork.com\/blog\/wp-json\/wp\/v2\/posts\/6230","targetHints":{"allow":["GET"]}}],"collection":[{"href":"https:\/\/algerienetwork.com\/blog\/wp-json\/wp\/v2\/posts"}],"about":[{"href":"https:\/\/algerienetwork.com\/blog\/wp-json\/wp\/v2\/types\/post"}],"author":[{"embeddable":true,"href":"https:\/\/algerienetwork.com\/blog\/wp-json\/wp\/v2\/users\/1"}],"replies":[{"embeddable":true,"href":"https:\/\/algerienetwork.com\/blog\/wp-json\/wp\/v2\/comments?post=6230"}],"version-history":[{"count":0,"href":"https:\/\/algerienetwork.com\/blog\/wp-json\/wp\/v2\/posts\/6230\/revisions"}],"wp:featuredmedia":[{"embeddable":true,"href":"https:\/\/algerienetwork.com\/blog\/wp-json\/wp\/v2\/media\/9124"}],"wp:attachment":[{"href":"https:\/\/algerienetwork.com\/blog\/wp-json\/wp\/v2\/media?parent=6230"}],"wp:term":[{"taxonomy":"category","embeddable":true,"href":"https:\/\/algerienetwork.com\/blog\/wp-json\/wp\/v2\/categories?post=6230"},{"taxonomy":"post_tag","embeddable":true,"href":"https:\/\/algerienetwork.com\/blog\/wp-json\/wp\/v2\/tags?post=6230"}],"curies":[{"name":"wp","href":"https:\/\/api.w.org\/{rel}","templated":true}]}}