{"id":8420,"date":"2019-09-29T14:15:22","date_gmt":"2019-09-29T14:15:22","guid":{"rendered":"https:\/\/algerienetwork.com\/blog\/?p=8420"},"modified":"2019-09-29T14:15:22","modified_gmt":"2019-09-29T14:15:22","slug":"la-loi-de-reconciliation-nationale-ou-quand-la-verite-reste-otage-des-figurants-des-bourreaux-et-des-comparses","status":"publish","type":"post","link":"https:\/\/algerienetwork.com\/blog\/la-loi-de-reconciliation-nationale-ou-quand-la-verite-reste-otage-des-figurants-des-bourreaux-et-des-comparses\/","title":{"rendered":"LA LOI DE R\u00c9CONCILIATION NATIONALE OU QUAND LA V\u00c9RIT\u00c9 RESTE OTAGE DES FIGURANTS, DES BOURREAUX ET DES COMPARSES."},"content":{"rendered":"<p>Silence, complicit\u00e9 et amn\u00e9sie, c&rsquo;est dans cette ambiance f\u00e9tide que nous marquons imperceptiblement le triste et sinistre anniversaire de la loi dite de r\u00e9conciliation nationale, une loi-programme qui criminalise toute recherche de v\u00e9rit\u00e9 et toute aspiration \u00e0 la justice.<br \/>\nTr\u00e8s inspir\u00e9s, nous ambitionnons m\u00eame d&rsquo;exporter cette th\u00e9orie nouvelle de la paix sur le dos<span class=\"text_exposed_show\"> des victimes et de l&rsquo;\u00e9vidence pour en faire un principe r\u00e9gional, voire international.<br \/>\nNos chevaliers postiches du changement dit pacifique, dress\u00e9s aux portes des garnisons, initi\u00e9s d\u00e8s leurs premiers balbutiements en \u00ab\u00a0politique\u00a0\u00bb \u00e0 la culture de la carotte et de la g\u00e9g\u00e8ne, de la vassalit\u00e9 syst\u00e9mique, de la feinte, de la tartuferie et du mensonge originel, ces \u00ab\u00a0oppositionnistes\u00a0\u00bb , s&rsquo;av\u00e8rent, sur ce sujet pr\u00e9cis, encore pires que leurs mentors des ann\u00e9es 90, ils ne veulent rien voir, rien savoir, rien entendre ; farouches d\u00e9fenseurs du pardon par injonction et de la paix par ultimatum, c&rsquo;est par la logique des photos souvenirs et des accolades \u00e0 tout va qu&rsquo;ils comptent rafistoler le pays, emmurer la v\u00e9rit\u00e9, vernir l&rsquo;histoire et jouer jusqu&rsquo;au bout ce r\u00f4le qui ne leur fait nullement honte, bien au contraire, et qui consiste tout simplement \u00e0 \u00eatre chambriers d&rsquo;un pouvoir en qu\u00eate, parait-il, d&rsquo;une ou plusieurs mains (la concurrence est ouverte) pour l&rsquo;accompagner et l&rsquo;aider \u00e0 prendre sa retraite.<br \/>\nComme quoi, \u00e0 force d&rsquo;\u00eatre amn\u00e9sique on finit par alt\u00e9rer s\u00e9rieusement son cerveau.<br \/>\nEn attendant, nous n&rsquo;avons pour rester en \u00e9veil et esp\u00e9rer nous en sortir que ces images, ces photos et ces appels \u00e0 la conscience et \u00e0 la vigilance.<\/span><\/p>\n<div class=\"text_exposed_show\">\n<p>Entre ces enseignantes (vacataires pour la plupart dans les \u00e9tablissements des cloaques du pays) massacr\u00e9es sur la route ou devant leur \u00e9l\u00e8ves (voir photo), ces m\u00e8res et ces enfants de disparus traumatis\u00e9s et maltrait\u00e9s sous nos yeux et ces enfants n\u00e9s dans les dits maquis, devenus adultes et dont nous n&rsquo;avons en revanche aucune photo ni nouvelle, entre ces tombes d&rsquo;X Alg\u00e9rien et ces charniers, entre ces estropi\u00e9s, ces viol\u00e9s, ces tortur\u00e9s et ces vampires rentiers, nous n&rsquo;avons pas d&rsquo;autre choix que de rester vigilants et de ne jamais c\u00e9der ni \u00e0 la facilit\u00e9 ni \u00e0 l&rsquo;oubli et encore moins au confort des figurants accabl\u00e9s, et ce, surtout qu&rsquo;une fois de plus nous assistons impuissants \u00e0 un remak de l&rsquo;histoire avec les m\u00eames outils, les m\u00eames \u00ab\u00a0h\u00e9ros\u00a0\u00bb et presque les m\u00eames costumes,<br \/>\nZ.A.<\/p>\n<\/div>\n","protected":false},"excerpt":{"rendered":"<p>Silence, complicit\u00e9 et amn\u00e9sie, c&rsquo;est dans cette ambiance f\u00e9tide que nous marquons imperceptiblement le triste et sinistre anniversaire de la loi dite de r\u00e9conciliation nationale, une loi-programme qui criminalise toute recherche de v\u00e9rit\u00e9 et toute aspiration \u00e0 la justice. Tr\u00e8s inspir\u00e9s, nous ambitionnons m\u00eame d&rsquo;exporter cette th\u00e9orie nouvelle de la paix sur le dos des [&hellip;]<\/p>\n","protected":false},"author":1,"featured_media":8421,"comment_status":"closed","ping_status":"closed","sticky":false,"template":"","format":"standard","meta":{"footnotes":""},"categories":[209],"tags":[],"class_list":{"0":"post-8420","1":"post","2":"type-post","3":"status-publish","4":"format-standard","5":"has-post-thumbnail","7":"category-zineb-azouz"},"_links":{"self":[{"href":"https:\/\/algerienetwork.com\/blog\/wp-json\/wp\/v2\/posts\/8420","targetHints":{"allow":["GET"]}}],"collection":[{"href":"https:\/\/algerienetwork.com\/blog\/wp-json\/wp\/v2\/posts"}],"about":[{"href":"https:\/\/algerienetwork.com\/blog\/wp-json\/wp\/v2\/types\/post"}],"author":[{"embeddable":true,"href":"https:\/\/algerienetwork.com\/blog\/wp-json\/wp\/v2\/users\/1"}],"replies":[{"embeddable":true,"href":"https:\/\/algerienetwork.com\/blog\/wp-json\/wp\/v2\/comments?post=8420"}],"version-history":[{"count":0,"href":"https:\/\/algerienetwork.com\/blog\/wp-json\/wp\/v2\/posts\/8420\/revisions"}],"wp:featuredmedia":[{"embeddable":true,"href":"https:\/\/algerienetwork.com\/blog\/wp-json\/wp\/v2\/media\/8421"}],"wp:attachment":[{"href":"https:\/\/algerienetwork.com\/blog\/wp-json\/wp\/v2\/media?parent=8420"}],"wp:term":[{"taxonomy":"category","embeddable":true,"href":"https:\/\/algerienetwork.com\/blog\/wp-json\/wp\/v2\/categories?post=8420"},{"taxonomy":"post_tag","embeddable":true,"href":"https:\/\/algerienetwork.com\/blog\/wp-json\/wp\/v2\/tags?post=8420"}],"curies":[{"name":"wp","href":"https:\/\/api.w.org\/{rel}","templated":true}]}}