{"id":13852,"date":"2016-07-27T00:00:20","date_gmt":"2016-07-27T00:00:20","guid":{"rendered":"http:\/\/algerienetwork.com\/culture\/?p=13852"},"modified":"2016-07-27T00:00:20","modified_gmt":"2016-07-27T00:00:20","slug":"histoire-des-berberes-bernard-lugan","status":"publish","type":"post","link":"https:\/\/algerienetwork.com\/culture\/histoire-des-berberes-bernard-lugan\/","title":{"rendered":"Histoire des Berberes : Bernard Lugan"},"content":{"rendered":"<div class=\"youtube-embed\" data-video_id=\"XrGxDJ7wdPI\"><iframe loading=\"lazy\" width=\"696\" height=\"392\" src=\"https:\/\/www.youtube.com\/embed\/XrGxDJ7wdPI?feature=oembed&#038;enablejsapi=1\" frameborder=\"0\" gesture=\"media\" allow=\"encrypted-media\" allowfullscreen><\/iframe><\/div>\n<p class=\"wp-caption-text\"><a href=\"http:\/\/www.realpolitik.tv\/wp-content\/uploads\/2010\/12\/Bernard_Lugan.jpg\"><img loading=\"lazy\" decoding=\"async\" class=\"size-full wp-image-355\" title=\"Bernard Lugan\" src=\"http:\/\/www.realpolitik.tv\/wp-content\/uploads\/2010\/12\/Bernard_Lugan.jpg\" alt=\"Bernard Lugan\" width=\"186\" height=\"200\" \/><\/a>Bernard Lugan<\/p>\n<p>Les Berb\u00e8res ou Imazighen (Amazigh au singulier) constituent le fond ancien de la population de l\u2019Afrique du Nord. Ils formaient \u00e0 l\u2019origine un seul Peuple peu \u00e0 peu fragment\u00e9 par une histoire \u00e0 la fois riche, complexe et mouvement\u00e9e. Des dynasties berb\u00e8res r\u00e9gn\u00e8rent sur le Maghreb jusqu\u2019au XVI<sup>\u00e8me<\/sup> si\u00e8cle.<\/p>\n<p>Les partisans de l\u2019arabo-islamisme affirment que les Berb\u00e8res sont sortis de l\u2019histoire, leur conversion \u00e0 l\u2019Islam les ayant inscrits de fa\u00e7on irr\u00e9versible dans l\u2019aire politico-culturelle de l\u2019arabit\u00e9. Dans les ann\u00e9es 1950, la revue Al Maghrib alla ainsi jusqu\u2019\u00e0 \u00e9crire qu\u2019ils ne peuvent acc\u00e9der au Paradis que s\u2019ils se rattachent \u00e0 des lign\u00e9es arabes. Quant au ministre alg\u00e9rien de l\u2019\u00c9ducation nationale, il d\u00e9clara en 1962 qu\u2019ils <em>\u00ab sont une invention des P\u00e8res Blancs \u00bb.<\/em><\/p>\n<div id=\"attachment_3146\" class=\"wp-caption alignright\">\n<p><a href=\"http:\/\/www.realpolitik.tv\/wp-content\/uploads\/2012\/04\/histoire-berberes-bernard-lugan-couverture.jpg\"><img loading=\"lazy\" decoding=\"async\" class=\"size-medium wp-image-3146\" title=\"Nouveau livre de Bernard Lugan : Histoire des Berb\u00e8res\" src=\"http:\/\/www.realpolitik.tv\/wp-content\/uploads\/2012\/04\/histoire-berberes-bernard-lugan-couverture-212x300.jpg\" sizes=\"auto, (max-width: 212px) 100vw, 212px\" srcset=\"http:\/\/www.realpolitik.tv\/wp-content\/uploads\/2012\/04\/histoire-berberes-bernard-lugan-couverture-212x300.jpg 212w, http:\/\/www.realpolitik.tv\/wp-content\/uploads\/2012\/04\/histoire-berberes-bernard-lugan-couverture.jpg 300w\" alt=\"Nouveau livre de Bernard Lugan : Histoire des Berb\u00e8res\" width=\"212\" height=\"300\" \/><\/a><\/p>\n<p class=\"wp-caption-text\">Histoire des Berb\u00e8res, Un combat identitaire plurimill\u00e9naire<\/p>\n<\/div>\n<p>Aujourd\u2019hui, les dirigeants arabo-islamiques nord africains doivent faire face au r\u00e9veil berb\u00e8re si fortement exprim\u00e9 en 2004 par Mohammed Chafik au travers de sa c\u00e9l\u00e8bre question r\u00e9ponse: <em>\u00ab Au fait, pourquoi le Maghreb arabe n\u2019arrive-t-il pas \u00e0 se former ? C\u2019est pr\u00e9cis\u00e9ment parce qu\u2019il n\u2019est pas Arabe \u00bb<\/em>. Cette phrase \u00e9tait incluse dans un article dont le titre explosif \u00e9tait : <em>\u00ab Et si l\u2019on d\u00e9colonisait l\u2019Afrique du Nord pour de bon ! \u00bb<\/em>, intitul\u00e9 signifiant qu\u2019apr\u00e8s avoir chass\u00e9 les Fran\u00e7ais, il convenait d\u00e9sormais pour les Berb\u00e8res d\u2019en faire de m\u00eame avec les Arabes\u2026<\/p>\n<p>Qui sont donc les Berb\u00e8res ? Quelle est leur origine ? Comment furent-ils islamis\u00e9s ? Quelle est leur longue histoire ? Comment se fait aujourd\u2019hui la renaissance de la berb\u00e9rit\u00e9 ? Peut-elle \u00eatre une alternative au fondamentalisme islamique ?<\/p>\n<p>C\u2019est \u00e0 ces questions qu\u2019est consacr\u00e9 ce livre qui n\u2019a pas d\u2019\u00e9quivalent. Son approche est ethno historique et couvre une p\u00e9riode de 10 000 ans. Il est illustr\u00e9 par de nombreuses cartes en couleur et par des photographies.<\/p>\n<p>Bernard Lugan<\/p>\n<p>Les Berb\u00e8res ou Imazighen (Amazigh au singulier) constituent le fond ancien de la population de l\u2019Afrique du Nord. Ils formaient \u00e0 l\u2019origine un seul Peuple peu \u00e0 peu fragment\u00e9 par une histoire \u00e0 la fois riche, complexe et mouvement\u00e9e. Des dynasties berb\u00e8res r\u00e9gn\u00e8rent sur le Maghreb jusqu\u2019au XVI\u00e8me si\u00e8cle.<\/p>\n<p>Les partisans de l\u2019arabo-islamisme affirment que les Berb\u00e8res sont sortis de l\u2019histoire, leur conversion \u00e0 l\u2019Islam les ayant inscrits de fa\u00e7on irr\u00e9versible dans l\u2019aire politico-culturelle de l\u2019arabit\u00e9. Dans les ann\u00e9es 1950, la revue Al Maghrib alla ainsi jusqu\u2019\u00e0 \u00e9crire qu\u2019ils ne peuvent acc\u00e9der au Paradis que s\u2019ils se rattachent \u00e0 des lign\u00e9es arabes. Quant au ministre alg\u00e9rien de l\u2019\u00c9ducation nationale, il d\u00e9clara en 1962 qu\u2019ils \u00ab sont une invention des P\u00e8res Blancs \u00bb.<br \/>\nNouveau livre de Bernard Lugan : Histoire des Berb\u00e8res<\/p>\n<p>Histoire des Berb\u00e8res, Un combat identitaire plurimill\u00e9naire<\/p>\n<p>Aujourd\u2019hui, les dirigeants arabo-islamiques nord africains doivent faire face au r\u00e9veil berb\u00e8re si fortement exprim\u00e9 en 2004 par Mohammed Chafik au travers de sa c\u00e9l\u00e8bre question r\u00e9ponse: \u00ab Au fait, pourquoi le Maghreb arabe n\u2019arrive-t-il pas \u00e0 se former ? C\u2019est pr\u00e9cis\u00e9ment parce qu\u2019il n\u2019est pas Arabe \u00bb. Cette phrase \u00e9tait incluse dans un article dont le titre explosif \u00e9tait : \u00ab Et si l\u2019on d\u00e9colonisait l\u2019Afrique du Nord pour de bon ! \u00bb, intitul\u00e9 signifiant qu\u2019apr\u00e8s avoir chass\u00e9 les Fran\u00e7ais, il convenait d\u00e9sormais pour les Berb\u00e8res d\u2019en faire de m\u00eame avec les Arabes\u2026<\/p>\n<p>Qui sont donc les Berb\u00e8res ? Quelle est leur origine ? Comment furent-ils islamis\u00e9s ? Quelle est leur longue histoire ? Comment se fait aujourd\u2019hui la renaissance de la berb\u00e9rit\u00e9 ? Peut-elle \u00eatre une alternative au fondamentalisme islamique ?<\/p>\n<p>C\u2019est \u00e0 ces questions qu\u2019est consacr\u00e9 ce livre qui n\u2019a pas d\u2019\u00e9quivalent. Son approche est ethno historique et couvre une p\u00e9riode de 10 000 ans. Il est illustr\u00e9 par de nombreuses cartes en couleur et par des photographies.<\/p>\n<p><a href=\"http:\/\/www.realpolitik.tv\/2012\/04\/nouveau-livre-de-bernard-lugan-histoire-des-berberes\/\" target=\"_blank\" rel=\"noopener noreferrer\">source<\/a><\/p>\n<hr \/>\n<p>&nbsp;<\/p>\n<p><iframe loading=\"lazy\" src=\"\/\/www.youtube.com\/embed\/kC2oBS9u6VA\" width=\"600\" height=\"315\" frameborder=\"0\" allowfullscreen=\"allowfullscreen\" data-mce-fragment=\"1\"><\/iframe><br \/>\n<iframe loading=\"lazy\" src=\"\/\/www.youtube.com\/embed\/sGArL7tl7QM\" width=\"600\" height=\"315\" frameborder=\"0\" allowfullscreen=\"allowfullscreen\" data-mce-fragment=\"1\"><\/iframe><br \/>\n<iframe loading=\"lazy\" src=\"\/\/www.youtube.com\/embed\/KXz_oJyNQ7w\" width=\"600\" height=\"315\" frameborder=\"0\" allowfullscreen=\"allowfullscreen\" data-mce-fragment=\"1\"><\/iframe><\/p>\n<hr \/>\n<h1 class=\"entry-title\"><a href=\"http:\/\/www.lelibrepenseur.org\/blancheur-et-perdition-par-lotfi-hadjiat\/\" target=\"_blank\" rel=\"noopener noreferrer\">Blancheur et perdition, par Lotfi Hadjiat<\/a><\/h1>\n<p>En ces temps de mondialisme gloubiboulguesque d\u00e9vastateur, l\u2019attachement \u00e0 son ethnie est une chose compr\u00e9hensible, mais l\u2019obsession de la race pure m\u2019a toujours laiss\u00e9 perplexe. En particulier, l\u2019obsession de la race blanche pure. Prenez par exemple un Bernard Lugan. Ce type plaide inlassablement la s\u00e9paration des races, comme si cette s\u00e9paration \u00e9tait la solution \u00e0 tous les probl\u00e8mes humains.<\/p>\n<p>Soucieux de s\u00e9parer Berb\u00e8res et Arabes, Lugan est m\u00eame parti chercher un g\u00e8ne propre aux Berb\u00e8res, le g\u00e8ne de la berb\u00e9rit\u00e9 en quelque sorte. Demandez-lui de r\u00e9gler le probl\u00e8me du Proche-Orient et il commencera par chercher le g\u00e8ne de la \u00ab\u00a0palestinit\u00e9\u00a0\u00bb et celui de la \u00ab\u00a0juivit\u00e9\u00a0\u00bb.<\/p>\n<p>Que ne cherche-t-il le g\u00e8ne de l\u2019idiotie\u2026 Certes, c\u2019est une recherche difficile, mais il a le bagage pour se lancer dans une telle ambition\u2026 un tr\u00e8s lourd bagage. Mais au fond, au bout de la s\u00e9paration de toutes les races, peut-\u00eatre r\u00eave-t-il <em>in fine<\/em> d\u2019une race blanche pure\u2026 Ces macaques de la race pure me font penser \u00e0 ces animaux qui pissent consciencieusement autour de leur tribu pour d\u00e9limiter leur territoire. Si ces obs\u00e9d\u00e9s de la race pure veulent tellement \u00eatre s\u00e9par\u00e9s des autres races, qu\u2019on les isole alors dans un zoo, \u00e7a nous fera un sujet d\u2019\u00e9tude anthropologique int\u00e9ressant. On les verrait s\u2019accoupler entre eux, en qu\u00eate de la blancheur la plus claire et en rejetant les ind\u00e9sirables, les \u00ab\u00a0un peu moins clairs\u00a0\u00bb\u2026 jusqu\u2019\u00e0 ce que le dernier \u00e9limine l\u2019avant-dernier \u00ab\u00a0l\u00e9g\u00e8rement moins clair\u00a0\u00bb que lui\u2026 et se retrouve seul avec son idiotie\u2026<\/p>\n<p>En attendant, le Bernard Lugan ne m\u2019a toujours pas convaincu de sa francit\u00e9 raciale pure avec ses yeux de chinois. Je les imagine bien, ces id\u00e9ologues sans id\u00e9es, chercher la race blanche pure dans leur cave toutes les nuits, comme les alchimistes au Moyen-\u00c2ge cherchaient la pierre philosophale\u2026 Je les vois bien en train d\u2019essayer de purifier du sang europ\u00e9en dans leurs \u00e9prouvettes !\u2026 Et en d\u00e9sespoir de cause, de boire le contenu d\u2019une \u00e9prouvette ! Ces n\u00e9vropathes sont en qu\u00eate de la puret\u00e9 raciale comme d\u2019autres sont en qu\u00eate d\u2019une v\u00e9rit\u00e9 spirituelle. La race blanche pure est devenue le Graal pour ces dingos de la race. Ils sont persuad\u00e9s que leur puret\u00e9 raciale, si elle se r\u00e9alisait, atteindrait la puissance du soleil\u2026 Non, pas le soleil, le soleil a des taches, des taches noires, des taches n\u00e8gres\u2026 Inadmissible !<\/p>\n<p>L\u2019obsession de la blondeur, de la blancheur, ne tol\u00e8re aucune tache. Mais du coup, la blancheur la plus pure, la plus claire, n\u2019est-elle pas la transparence ? Non ? Si ces givr\u00e9s veulent \u00eatre transparents, s\u2019ils ne veulent plus \u00eatre visibles, eh bien nous en serions ravis ! Mais\u2026 j\u2019y pense,\u2026 les dieux ne sont-ils pas invisibles ?\u00a0La blancheur raciale pure n\u2019est peut-\u00eatre rien d\u2019autre que la divinit\u00e9, la divinit\u00e9 avec des moustaches boucl\u00e9es\u2026, tr\u00e8s important les moustaches boucl\u00e9es. Finalement, arriv\u00e9 \u00e0 ce point de ma r\u00e9flexion, je ne sais toujours pas si l\u2019obsession de puret\u00e9 raciale proc\u00e8de de l\u2019animalit\u00e9 la plus basique avec une odeur de pisse, ou si elle proc\u00e8de des dieux.<\/p>\n<p>Remarquons tout de m\u00eame que, contrairement aux h\u00e9rauts et h\u00e9ros de la blancheur, les dieux sont imp\u00e9rissables, et surtout, ne font pas caca\u2026 En tout \u00e9tat de cause, les Blancs, tout comme les autres hommes, sont capables du meilleur comme du pire. Et je ne dirais pas que c\u2019est dans le pire qu\u2019ils sont les meilleurs. Les Vikings ont r\u00e9pandu la d\u00e9vastation mais ils ont aussi laiss\u00e9 une belle sagesse. Voici pour finir, mon proverbe viking pr\u00e9f\u00e9r\u00e9, islandais pr\u00e9cis\u00e9ment, tir\u00e9 de l\u2019<em>ancienne Edda<\/em> : \u00ab\u00a0L\u2019esprit ne conna\u00eet que ce qui repose pr\u00e8s du c\u0153ur\u00a0\u00bb. C\u2019est beau. Malheureusement, le c\u0153ur peut \u00eatre tr\u00e8s noir\u2026<\/p>\n<p><a href=\"http:\/\/www.lelibrepenseur.org\/blancheur-et-perdition-par-lotfi-hadjiat\/\" target=\"_blank\" rel=\"noopener noreferrer\">source<\/a><\/p>\n<p>&nbsp;<\/p>\n","protected":false},"excerpt":{"rendered":"<p>Bernard Lugan Les Berb\u00e8res ou Imazighen (Amazigh au singulier) constituent le fond ancien de la population de l\u2019Afrique du Nord. Ils formaient \u00e0 l\u2019origine un seul Peuple peu \u00e0 peu fragment\u00e9 par une histoire \u00e0 la fois riche, complexe et mouvement\u00e9e. Des dynasties berb\u00e8res r\u00e9gn\u00e8rent sur le Maghreb jusqu\u2019au XVI\u00e8me si\u00e8cle. Les partisans de l\u2019arabo-islamisme [&hellip;]<\/p>\n","protected":false},"author":1,"featured_media":14942,"comment_status":"open","ping_status":"open","sticky":false,"template":"","format":"standard","meta":{"footnotes":""},"categories":[39,25],"tags":[],"class_list":{"0":"post-13852","1":"post","2":"type-post","3":"status-publish","4":"format-standard","5":"has-post-thumbnail","7":"category-ante-islam","8":"category-histoire"},"_links":{"self":[{"href":"https:\/\/algerienetwork.com\/culture\/wp-json\/wp\/v2\/posts\/13852","targetHints":{"allow":["GET"]}}],"collection":[{"href":"https:\/\/algerienetwork.com\/culture\/wp-json\/wp\/v2\/posts"}],"about":[{"href":"https:\/\/algerienetwork.com\/culture\/wp-json\/wp\/v2\/types\/post"}],"author":[{"embeddable":true,"href":"https:\/\/algerienetwork.com\/culture\/wp-json\/wp\/v2\/users\/1"}],"replies":[{"embeddable":true,"href":"https:\/\/algerienetwork.com\/culture\/wp-json\/wp\/v2\/comments?post=13852"}],"version-history":[{"count":0,"href":"https:\/\/algerienetwork.com\/culture\/wp-json\/wp\/v2\/posts\/13852\/revisions"}],"wp:featuredmedia":[{"embeddable":true,"href":"https:\/\/algerienetwork.com\/culture\/wp-json\/"}],"wp:attachment":[{"href":"https:\/\/algerienetwork.com\/culture\/wp-json\/wp\/v2\/media?parent=13852"}],"wp:term":[{"taxonomy":"category","embeddable":true,"href":"https:\/\/algerienetwork.com\/culture\/wp-json\/wp\/v2\/categories?post=13852"},{"taxonomy":"post_tag","embeddable":true,"href":"https:\/\/algerienetwork.com\/culture\/wp-json\/wp\/v2\/tags?post=13852"}],"curies":[{"name":"wp","href":"https:\/\/api.w.org\/{rel}","templated":true}]}}