{"id":3602,"date":"2016-06-06T19:30:05","date_gmt":"2016-06-06T19:30:05","guid":{"rendered":"https:\/\/algerienetwork.com\/culture\/?p=3602"},"modified":"2016-06-06T19:30:05","modified_gmt":"2016-06-06T19:30:05","slug":"pour-une-reconnaissance-du-genocide-algerien","status":"publish","type":"post","link":"https:\/\/algerienetwork.com\/culture\/pour-une-reconnaissance-du-genocide-algerien\/","title":{"rendered":"Pour une reconnaissance du g\u00e9nocide alg\u00e9rien"},"content":{"rendered":"<p>Lib\u00e9ration pour certains, massacres pour d&rsquo;autres. Le 8 mai 1945 est le symbole de la r\u00e9pression fran\u00e7aise avec les massacres de S\u00e9tif et sa r\u00e9gion en Alg\u00e9rie encore fran\u00e7aise. Ce fut une goutte de haine qui fit d\u00e9border un vase d\u00e9j\u00e0 bien rempli du sang des \u00ab\u00a0indig\u00e8rnes\u00a0\u00bb, car il convient de le rappeler : avant les \u00e9v\u00e8nements de S\u00e9tif, c&rsquo;est tout une politique g\u00e9nocidaire s&rsquo;\u00e9talant sur plus d&rsquo;un si\u00e8cle qui avait \u00e9t\u00e9 mis en place par \u00ab\u00a0les \u00e9missaires de la Civilisation\u00a0\u00bb. A l&rsquo;heure o\u00f9 la France, pays des Lumi\u00e8res et des Droits de l&rsquo;Homme dit-on, s&rsquo;ent\u00eate \u00e0 faire reconna\u00eetre le g\u00e9nocide arm\u00e9nien par la Turquie, cette derni\u00e8re n&rsquo;a pas encore accord\u00e9 le statut de g\u00e9nocide \u00e0 ce qu&rsquo;elle a fait en Alg\u00e9rie. Et pourtant : camps de concentrations, chambres \u00e0 gaz (artisanales), massacres de masses inopin\u00e9s&#8230; tout les ingr\u00e9dients sont l\u00e0.<\/p>\n<p><strong>\u00c9PISODE I : LA POPULATION ALG\u00c9RIENNE D\u00c9CIM\u00c9E : UNE VOLONT\u00c9 G\u00c9NOCIDAIRE<\/strong><\/p>\n<p>Contrairement \u00e0 une id\u00e9e re\u00e7ue, les massacres \u00ab\u00a0d&rsquo;Indig\u00e8nes\u00a0\u00bb n&rsquo;ont pas commenc\u00e9s \u00e0 partir des massacres de S\u00e9tif, mais ils ont bel et bien eu lieu d\u00e8s que les soldats \u00ab\u00a0de la civilisation\u00a0\u00bb foul\u00e8rent le sol alg\u00e9rien. En effet, bien que la politique fran\u00e7aise aurait d\u00fb reposer sur l&rsquo;engagement du g\u00e9n\u00e9ral de Bourmon lors de la prise d&rsquo;Alger le 5 juillet 1830, lequel stipulait que \u00ab\u00a0l&rsquo;exercice de la religion mahom\u00e9tane restera libre, la libert\u00e9 de toutes les classes d&rsquo;habitants, leur religion, leurs propri\u00e9t\u00e9s, leur commerces ne recevront aucune atteinte . Les femmes seront respect\u00e9es\u00a0\u00bb, il n&rsquo;en fut rien. Deux mois plus tard, le nouvellement investi g\u00e9n\u00e9ral Clauzel inaugura la politique de non-respect de la parole donn\u00e9e \u00e0 l&rsquo;Islam. Ainsi, la trahison de l&rsquo;engagement donna engrangea la r\u00e9volte des trahis, ainsi commen\u00e7a la \u00ab\u00a0pacification\u00a0\u00bb de l\u2019Alg\u00e9rie, ainsi commenc\u00e8rent les massacres de masses:<\/p>\n<p>Les premiers massacres de masses commenc\u00e8rent d\u00e8s les ann\u00e9es 1830<\/p>\n<p>Les premiers massacres de masses commenc\u00e8rent d\u00e8s les ann\u00e9es 1830<\/p>\n<p>Un officier et diplomate pr\u00e9sent sur place, Edmond Pellissier de Reynaud affirma que<\/p>\n<p>Tout ce qui vivait fut vou\u00e9 \u00e0 la mort ; tout ce qui pouvait \u00eatre pris fut enlev\u00e9, on ne fit aucune distinction d&rsquo;\u00e2ge ni de sexe. Cependant l&rsquo;humanit\u00e9 d&rsquo;un petit nombre d&rsquo;officiers sauva quelques femmes et quelques enfants. En revenant de cette funeste exp\u00e9dition, plusieurs de nos cavaliers portaient des t\u00eates au bout de leurs lances et une d&rsquo;elles servie, dit-on, \u00e0 un horrible festin<\/p>\n<p>Les t\u00e9moignages d&rsquo;officiers sont nombreux, tous plus effroyables les uns que chez les autres et, au-del\u00e0 du crime contre l\u2019humanit\u00e9, attestent de la volont\u00e9 g\u00e9nocidaire des conqu\u00e9rants et du caract\u00e8re syst\u00e9matique de l\u2019entreprise exterminatrice. Ainsi, La chasse \u00e0 l\u2019homme fut le titre de l\u2019ouvrage du Comte d\u2019H\u00e9risson, tandis que dans ses Lettres, le lieutenant-colonel de Montagnac d\u00e9montre clairement son projet d&rsquo;extermination :<\/p>\n<p>Tous les bons militaires que j\u2019ai l\u2019honneur de commander sont pr\u00e9venus par moi-m\u00eame que, s\u2019il leur arrive de m\u2019amener un Arabe vivant, ils re\u00e7oivent une vol\u00e9e de coups de plat de sabre.<\/p>\n<p>Face \u00e0 la r\u00e9sistance alg\u00e9rienne, l\u2019an\u00e9antissement et la d\u00e9portation \u00e9taient les solutions propos\u00e9es par Montagnac :<\/p>\n<p>Voil\u00e0, mon brave ami, comment il faut faire la guerre aux Arabes : tuer tous les hommes jusqu\u2019\u00e0 l\u2019\u00e2ge de quinze ans, prendre toutes les femmes et les enfants, en charger des b\u00e2timents, les envoyer aux \u00eeles Marquises ou ailleurs ; en un mot en finir, an\u00e9antir tout ce qui ne rampera pas \u00e0 nos pieds comme des chiens\u2026<\/p>\n<p>D\u00e8s 1842, le caract\u00e8re g\u00e9nocidaire fut reconnu par le Gouverneur g\u00e9n\u00e9ral de l\u2019Alg\u00e9rie lui-m\u00eame, Bugeaud, qui justifia toutes les exactions commises par les troupes fran\u00e7aises, en affirmant :<\/p>\n<p>Il n\u2019y a pas d\u2019autres moyens d\u2019atteindre et de soumettre ce peuple extraordinaire.<\/p>\n<p>Parlant de la guerre exterminatrice men\u00e9e en Alg\u00e9rie par l\u2019arm\u00e9e fran\u00e7aise, le colonel de Saint-Arnaud affirmait quand \u00e0 lui:<\/p>\n<p>Voila la guerre d\u2019Afrique ; on se fanatise \u00e0 son tour et cela d\u00e9g\u00e9n\u00e8re en une guerre d\u2019extermination.<\/p>\n<p>Loin d&rsquo;\u00eatre le seul fait des militaires, la volont\u00e9 d&rsquo;extermination fut aussi un ph\u00e9nom\u00e8ne chez les colons. Ainsi, le docteur Bodichon publia en 1841 dans un article les lignes suivantes :<\/p>\n<p>Sans violer les lois de la morale, nous pourrons combattre nos ennemis africains par la poudre et le fer joints \u00e0 la famine, les divisions intestines, la guerre par l\u2019eau-de-vie, la corruption et la d\u00e9sorganisation [\u2026] sans verser le sang, nous pourrons, chaque ann\u00e9e, les d\u00e9cimer en nous attaquant \u00e0 leurs moyens d\u2019alimentation.<\/p>\n<p>Le g\u00e9nocide des alg\u00e9riens fut m\u00eame l\u00e9gitim\u00e9 par des penseurs dits r\u00e9publicains. Ainsi, un certain Victor Hugo commenta en 1841 les exactions en Alg\u00e9rie par ce qui suit, sous forme de r\u00e9ponse \u00e0 un Bugeaud qui semblait en manque d\u2019enthousiasme colonial:<\/p>\n<p>Je crois que notre nouvelle conqu\u00eate est chose heureuse et grande. C\u2019est la civilisation qui marche sur la barbarie. C\u2019est un peuple \u00e9clair\u00e9 qui va trouver un peuple dans la nuit. Nous sommes les Grecs du monde, c\u2019est \u00e0 nous d\u2019illuminer le monde. Notre mission s\u2019accomplit, je ne chante qu\u2019Hosanna. Vous pensez autrement que moi c\u2019est tout simple. Vous parlez en soldat, en homme d\u2019action. Moi je parle en philosophe et en penseur.<\/p>\n<p>Tel un BHL pr\u00eachant le chaos dans le monde arabe, Alexis de tocqueville s&rsquo;exprima lui aussi sur le sujet en ces termes sur le sujet, toujours en 1841 :<\/p>\n<p>J&rsquo;ai souvent entendu en France des hommes que je respecte, mais que je n&rsquo;approuve pas, trouver mauvais qu&rsquo;on br\u00fbl\u00e2t les moissons, qu&rsquo;on vid\u00e2t les silos et enfin qu&rsquo;on s&#8217;empar\u00e2t des hommes sans armes, des femmes et des enfants. Ce sont l\u00e0, suivant moi, des n\u00e9cessit\u00e9s f\u00e2cheuses, mais auxquelles tout peuple qui voudra faire la guerre aux Arabes sera oblig\u00e9 de se soumettre. [&#8230;] Je crois que le droit de la guerre nous autorise \u00e0 ravager le pays et que nous devons le faire soit en d\u00e9truisant les moissons \u00e0 l&rsquo;\u00e9poque de la r\u00e9colte, soit dans tous les temps en faisant de ces incursions rapides qu&rsquo;on nomme razzias et qui ont pour objet de s&#8217;emparer des hommes ou des troupeaux.<\/p>\n<p>Pour l&rsquo;auteur, cette l\u00e9gitimit\u00e9 est due au fait que les Indig\u00e8nes n&rsquo;\u00e9taient pas pour lui des hommes \u00e0 part enti\u00e8re. Aussi, toutes ces des principaux acteurs et t\u00e9moins de la conqu\u00eate de l\u2019Alg\u00e9rie illustrent les projets g\u00e9nocidaires des autorit\u00e9s coloniales fran\u00e7aises ainsi que de sa l\u00e9gitimit\u00e9 morale par certains \u00ab\u00a0grands\u00a0\u00bb (?) penseurs de l&rsquo;\u00e9poque.<\/p>\n<p>Pour se donner une id\u00e9e de la port\u00e9e de ces massacre, il faut se r\u00e9f\u00e9rer \u00e0 l&rsquo;\u00e9tude d\u00e9mographique qu&rsquo;en a fait le docteur Ricoux, lequel consid\u00e9rait dans sa D\u00e9mographie figur\u00e9e de l&rsquo;Alg\u00e9rie que la \u00ab race inf\u00e9rieure \u00bb et \u00ab d\u00e9g\u00e9n\u00e9r\u00e9e \u00bb que composent \u00ables indig\u00e8nes [\u2026] sont menac\u00e9s d\u2019une disparition in\u00e9vitable, prochaine. \u00bb<\/p>\n<p>A notre arriv\u00e9e, en 1830, la population indig\u00e8ne \u00e9tait \u00e9valu\u00e9e \u00e0 trois millions d\u2019habitants. Les deux derniers recensements officiels, \u00e0 peu pr\u00e8s r\u00e9guliers, donnent en 1866 : 2.652.072 habitants, et en 1872 : 2.125.051 ; le d\u00e9chet en 42 ans a \u00e9t\u00e9 de 874.949 habitants, soit une moyenne de 20.000 d\u00e9c\u00e8s par an. Durant la p\u00e9riode 1866-72, avec le typhus, la famine, l\u2019insurrection, la diminution a \u00e9t\u00e9 bien plus effrayante encore : en six ans il y a eu disparition de 527.021 indig\u00e8nes ; c\u2019est une moyenne non de 20.000 d\u00e9c\u00e8s annuel mais de 87.000 !<\/p>\n<p>Si l&rsquo;on en croit les chiffres, la France aurait donc enlev\u00e9 la vie en toute impunit\u00e9 \u00e0 presque un million d&rsquo;alg\u00e9riens en \u00e0 peine plus de 40 ans d&rsquo;occupation. D&rsquo;autres chiffres affirment que de 1830 \u00e0 1856, la population alg\u00e9rienne passa d\u2019environ 5 \u00e0 3 millions d\u2019habitants \u00e0 environ 2,3 millions. Par la suite, elle remonta jusqu&rsquo;\u00e0 2,7 millions en 1861 avant de conna\u00eetre sa chute la plus brutale \u00e0 2,1 millions d\u2019habitants en 1872. La population alg\u00e9rienne ne retrouva son niveau d\u2019environ 3 millions d\u2019individus qu\u2019en 1890.<\/p>\n<p>En se basant sur ces chiffres, nous pouvons \u00e9tablir que l\u2019Alg\u00e9rie a perdu entre 30 et 58% de sa population au cours des quarante-deux premi\u00e8res ann\u00e9es (1830-1872) de la colonisation fran\u00e7aise. Un tel d\u00e9sastre humain, volontairement provoqu\u00e9 et mis en avant par une autorit\u00e9 politique responsable, ne peut \u00eatre qualifi\u00e9 au regard de l&rsquo;histoire que par le terme de g\u00e9nocide.<\/p>\n<p>Pour rappel et \u00e0 titre de comparaison, les nazis extermin\u00e8rent 46% de la population juive europ\u00e9enne (environ 5,1 millions sur une population de 11 millions) et 33% de la population tzigane (environ 250.000 sur une population de 750.000). Donc quand Fran\u00e7ois Hollande affirme que la France reconna\u00eet tous les g\u00e9nocides, Fran\u00e7ois Hollande ment.<\/p>\n<p>La p\u00e9riode de conqu\u00eate g\u00e9nocidaire c\u00e9da sa place \u00e0 une p\u00e9riode d&rsquo;oppression g\u00e9n\u00e9ralis\u00e9e du peuple alg\u00e9rien qui prit la forme d&rsquo;une politique de destruction de l\u2019identit\u00e9 culturelle et civilisationnelle. Ainsi, les autorit\u00e9s fran\u00e7aises s\u2019attaquaient prioritairement \u00e0 l\u2019islam en Alg\u00e9rie et \u00e0 la langue arabe qui fut d\u00e9clar\u00e9e langue \u00e9trang\u00e8re dans son propre pays. Les r\u00e9seaux d&rsquo;enseignement que compos\u00e8rent les mosqu\u00e9es furent largement d\u00e9truits.<\/p>\n<p>Le 8 mai 1945et les milliers de victimes qui l&rsquo;accompagnent ne marquent finalement que la reprise de cette boucherie, avec une nouvelle ampleur : massacres, viols collectifs, tortures syst\u00e9matiques ou internement de populations civiles dans des camps de \u00ab regroupement \u00bb, etc. Dans sa lettre de d\u00e9mission adress\u00e9e \u00e0 Robert Lacoste, ministre r\u00e9sident en Alg\u00e9rie, le secr\u00e9taire g\u00e9n\u00e9ral de la police d\u2019Alger, l\u2019ancien r\u00e9sistant Paul Teitgen, qui avait \u00e9t\u00e9 tortur\u00e9 par la Gestapo, n\u2019h\u00e9sita pas \u00e0 comparer l\u2019action des militaires fran\u00e7ais \u00e0 celle de la police secr\u00e8te du Troisi\u00e8me Reich.<\/p>\n<p>Au total, cent trente deux ans de colonisation fran\u00e7aise en Alg\u00e9rie (1830-1962) aurait fait, selon l\u2019historien Mostafa Lacheraf, environ 6 millions de morts alg\u00e9riens.<\/p>\n<p>Aujourd&rsquo;hui, le seul pays qui demande que ce g\u00e9nocide soit reconnue est la Turquie, par la voie de son pr\u00e9sident Recep Tayep Erdogan, en r\u00e9ponse \u00e0 un Nicolas Sarkozy tr\u00e8s virulent sur la question du \u00ab\u00a0g\u00e9nocide\u00a0\u00bb arm\u00e9nien.<\/p>\n<p>PROCHAIN \u00c9PISODE (\u00e0 para\u00eetre prochainement):<\/p>\n<p>\u00ab\u00a0EMMURAGE, ENFUMADE, CAMPS DE CONCENTRATION : LES OUTILS DE L&rsquo;HORREUR\u00a0\u00bb<\/p>\n<p>&nbsp;<\/p>\n<p>TORTURES ALG\u00c9RIE<\/p>\n<p>Par <a class=\"subscriber\" href=\"https:\/\/blogs.mediapart.fr\/david-bizet\">David BIZET<\/a><\/p>\n<p>&nbsp;<\/p>\n","protected":false},"excerpt":{"rendered":"<p>Lib\u00e9ration pour certains, massacres pour d&rsquo;autres. Le 8 mai 1945 est le symbole de la r\u00e9pression fran\u00e7aise avec les massacres de S\u00e9tif et sa r\u00e9gion en Alg\u00e9rie encore fran\u00e7aise. Ce fut une goutte de haine qui fit d\u00e9border un vase d\u00e9j\u00e0 bien rempli du sang des \u00ab\u00a0indig\u00e8rnes\u00a0\u00bb, car il convient de le rappeler : avant [&hellip;]<\/p>\n","protected":false},"author":1,"featured_media":3603,"comment_status":"closed","ping_status":"closed","sticky":false,"template":"","format":"standard","meta":{"footnotes":""},"categories":[44,25],"tags":[],"class_list":{"0":"post-3602","1":"post","2":"type-post","3":"status-publish","4":"format-standard","5":"has-post-thumbnail","7":"category-colonisation","8":"category-histoire"},"_links":{"self":[{"href":"https:\/\/algerienetwork.com\/culture\/wp-json\/wp\/v2\/posts\/3602","targetHints":{"allow":["GET"]}}],"collection":[{"href":"https:\/\/algerienetwork.com\/culture\/wp-json\/wp\/v2\/posts"}],"about":[{"href":"https:\/\/algerienetwork.com\/culture\/wp-json\/wp\/v2\/types\/post"}],"author":[{"embeddable":true,"href":"https:\/\/algerienetwork.com\/culture\/wp-json\/wp\/v2\/users\/1"}],"replies":[{"embeddable":true,"href":"https:\/\/algerienetwork.com\/culture\/wp-json\/wp\/v2\/comments?post=3602"}],"version-history":[{"count":0,"href":"https:\/\/algerienetwork.com\/culture\/wp-json\/wp\/v2\/posts\/3602\/revisions"}],"wp:featuredmedia":[{"embeddable":true,"href":"https:\/\/algerienetwork.com\/culture\/wp-json\/"}],"wp:attachment":[{"href":"https:\/\/algerienetwork.com\/culture\/wp-json\/wp\/v2\/media?parent=3602"}],"wp:term":[{"taxonomy":"category","embeddable":true,"href":"https:\/\/algerienetwork.com\/culture\/wp-json\/wp\/v2\/categories?post=3602"},{"taxonomy":"post_tag","embeddable":true,"href":"https:\/\/algerienetwork.com\/culture\/wp-json\/wp\/v2\/tags?post=3602"}],"curies":[{"name":"wp","href":"https:\/\/api.w.org\/{rel}","templated":true}]}}