{"id":3619,"date":"2015-05-12T17:49:28","date_gmt":"2015-05-12T17:49:28","guid":{"rendered":"http:\/\/algerie-durable.com\/?p=3619"},"modified":"2015-05-12T17:49:28","modified_gmt":"2015-05-12T17:49:28","slug":"lalgerie-face-aux-enjeux-environnementaux-avec-une-strategie-integrant-le-developpement-durable","status":"publish","type":"post","link":"https:\/\/algerienetwork.com\/economie\/lalgerie-face-aux-enjeux-environnementaux-avec-une-strategie-integrant-le-developpement-durable\/","title":{"rendered":"L\u2019Alg\u00e9rie face aux enjeux environnementaux avec une strat\u00e9gie int\u00e9grant le d\u00e9veloppement durable"},"content":{"rendered":"<p>L\u2019Alg\u00e9rie est class\u00e9e 42e pays dans le monde en mati\u00e8re de protection de l\u2019environnement, en 2011, sur 153 pays \u00e9tudi\u00e9s. C\u2019est le premier pays dans le monde arabe et le 2e en Afrique, selon un classement \u00e9tabli par des chercheurs am\u00e9ricains de l\u2019Environnement en s\u2019appuyant sur des mesures comme la qualit\u00e9 de l\u2019air, de l\u2019eau, de la biodiversit\u00e9, des contraintes sur les \u00e9cosyst\u00e8mes, des traitements des d\u00e9chets et de la gouvernance de l\u2019environnement.<br \/>\nDans ce cadre, l\u2019Alg\u00e9rie a organis\u00e9 des salons d\u00e9di\u00e9s \u00e0 l\u2019environnement et au d\u00e9veloppement durable dont nous citerons \u00e0 titre d\u2019exemple le 1er Salon international de l\u2019environnement, tenu du 5 au 8 mars, et consacr\u00e9 \u00e0 l\u2019exposition des \u00e9quipements, des technologies et services de l\u2019environnement, notamment dans le traitement de l\u2019air, la gestion des d\u00e9chets, les risques, les sites sols, l\u2019exploitation des \u00e9nergies renouvelables, ainsi qu\u2019une Journ\u00e9e d\u2019information au profit de la soci\u00e9t\u00e9 civile sur les enjeux de la Conf\u00e9rence de l\u2019Onu sur le D\u00e9veloppement durable (Rio+20) o\u00f9 les communications ont port\u00e9 sur les positions d\u00e9fendues par l\u2019Alg\u00e9rie et l\u2019Afrique face aux d\u00e9fis des changements climatiques et en faveur de la cons\u00e9cration du d\u00e9veloppement durable. Par ailleurs, deux salons consacr\u00e9s au d\u00e9veloppement durable ont \u00e9t\u00e9 organis\u00e9s du 15 au 17 octobre 2012 \u00e0 Oran\u00a0: le Salon \u00ab\u00a0Era\u00a0\u00bb organis\u00e9 par la chambre alg\u00e9ro-allemande de Commerce et d\u2019Industrie et le salon \u00ab\u00a0EnviroAlg\u00e9rie\u00a0\u00bb, parrain\u00e9 par le minist\u00e8re f\u00e9d\u00e9ral de l\u2019Economie et de la Technologie d\u2019Allemagne.<br \/>\nConsciente des enjeux que l\u2019environnement repr\u00e9sente pour un d\u00e9veloppement durable, l\u2019Alg\u00e9rie adopte actuellement des strat\u00e9gies pour la pr\u00e9servation de l\u2019environnement dans diff\u00e9rents secteurs. Ces strat\u00e9gies reposent sur plusieurs axes, entre autres\u00a0: la pr\u00e9servation de l\u2019eau, des sols et des for\u00eats, des \u00e9cosyst\u00e8mes sensibles (littoral, steppe, Sahara), la d\u00e9pollution industrielle, la protection du patrimoine arch\u00e9ologique, des espaces naturels et des esp\u00e8ces animales et v\u00e9g\u00e9tales et les aires marines, la gestion des d\u00e9chets sp\u00e9ciaux qui s\u2019inscrit dans la Strat\u00e9gie Nationale Environnementale (SNE), ainsi que dans le Plan National d\u2019Actions Environnementales et du D\u00e9veloppement Durable (PNAE-DD) \u00e0 travers l\u2019adoption d\u2019un Programme National de Gestion Int\u00e9gr\u00e9e des D\u00e9chets M\u00e9nagers et Assimil\u00e9s (PROGDEM) La biodiversit\u00e9 alg\u00e9rienne est class\u00e9e parmi les plus riches du bassin m\u00e9diterran\u00e9en. Sa position biog\u00e9ographique privil\u00e9gi\u00e9e, situ\u00e9e entre la M\u00e9diterran\u00e9e et l\u2019Afrique subsaharienne, l\u2019enrichit d\u2019un potentiel faunistique et floristique compos\u00e9 d\u2019\u00e9l\u00e9ments m\u00e9diterran\u00e9ens, pal\u00e9arctiques, \u00e9thiopiens et d\u2019esp\u00e8ces end\u00e9miques. Ce brassage d\u2019esp\u00e8ces constitue une richesse qui doit \u00eatre pr\u00e9serv\u00e9e et g\u00e9r\u00e9e de fa\u00e7on rationnelle et durable.<br \/>\n<span class=\"spip_document_1820 spip_documents spip_documents_left\"><img loading=\"lazy\" decoding=\"async\" title=\"Industrie photovolta\u00efque en Alg\u00e9rie\" src=\"http:\/\/portail.cder.dz\/IMG\/jpg\/Industrie_photovoltaique_en_Algerie.jpg\" alt=\"Industrie photovolta\u00efque en Alg\u00e9rie\" width=\"640\" height=\"501\" \/><\/span><br \/>\n<i>Industrie photovolta\u00efque en Alg\u00e9rie<\/i><br \/>\nAfin de prot\u00e9ger ce patrimoine national, le PNUD et le FEM ont ax\u00e9 leurs interventions sur les parcs culturels du Tassili N\u2019Ajjer et de l\u2019Ahaggar dans le cadre de la r\u00e9union portant projet de \u00ab\u00a0conservation de la biodiversit\u00e9 d\u2019importance mondiale et utilisation durable des services des \u00e9cosyst\u00e8mes dans les parcs culturels en Alg\u00e9rie\u00a0\u00bb, qui s\u2019est tenue \u00e0 la Maison des Nations unies, le 22 janvier 2012. Le projet s\u2019inscrit pleinement dans le Cadre de la Coop\u00e9ration Strat\u00e9gique 2012- 2014 et le Programme des Pays du PNUD 2012-2014. Il s\u2019agit d\u2019un projet int\u00e9gr\u00e9, qui r\u00e9pond \u00e0 des priorit\u00e9s nationales et \u00e0 des besoins formul\u00e9s par le gouvernement alg\u00e9rien.<br \/>\n<span class=\"spip_document_1821 spip_documents spip_documents_left\"><img loading=\"lazy\" decoding=\"async\" title=\"Boughzoul \u00e0 l'horizon 2030\" src=\"http:\/\/portail.cder.dz\/IMG\/jpg\/boughezoul_horizon_2030.jpg\" alt=\"Boughzoul \u00e0 l'horizon 2030\" width=\"640\" height=\"447\" \/><\/span><br \/>\n<i>Boughzoul \u00e0 l\u2019horizon 2030<\/i><br \/>\n40% de la population du pays r\u00e9side sur le littoral. Cette situation fragilise un environnement naturellement expos\u00e9 au changement climatique et aux risques naturels et engendre une d\u00e9gradation du cadre de vie. Aussi, et dans le cadre d\u2019une d\u00e9marche de traitement int\u00e9gr\u00e9 des enjeux m\u00e9diterran\u00e9ens port\u00e9e par le centre de Marseille pour l\u2019int\u00e9gration en M\u00e9diterran\u00e9e (CMI) \u00e0 l\u2019\u00e9chelle r\u00e9gionale, une \u00e9tude a \u00e9t\u00e9 initi\u00e9e sur l\u2019adaptation de la ville d\u2019Alger au changement climatique et aux risques naturels.<br \/>\n<strong>Des efforts reconnus et appr\u00e9ci\u00e9s.<\/strong> \u00ab\u00a0Le Programme des Nationsunies pour le D\u00e9veloppement (Pnud) a salu\u00e9 les efforts du gouvernement alg\u00e9rien concernant la protection de l\u2019environnement et le d\u00e9veloppement durable vu les strat\u00e9gies adopt\u00e9es visant l\u2019application des principes de durabilit\u00e9 \u00e0 travers ses instruments de planification dans un souci de maintenir l\u2019\u00e9quilibre entre les imp\u00e9ratifs de son d\u00e9veloppement socio-\u00e9conomique et l\u2019utilisation rationnelle de ses ressources naturelles\u00a0\u00bb, a indiqu\u00e9 la repr\u00e9sentante r\u00e9sidente du Pnud \u00e0 Alger, Mme\u00a0Ayshanie Megagngoda- Lab\u00e9 notant que c\u2019est gr\u00e2ce \u00e0 l\u2019implication active des collectivit\u00e9s locales et de la soci\u00e9t\u00e9 civile dans son ensemble que ces strat\u00e9gies et plans d\u2019actions nationaux se concr\u00e9tisent et donnent vie aux principes et aux politiques nationales en Alg\u00e9rie.<br \/>\nCompte tenu de son engagement au niveau international, en mati\u00e8re de d\u00e9veloppement durable, l\u2019Alg\u00e9rie a \u00e9t\u00e9 invit\u00e9e, en 2012, \u00e0 la Conf\u00e9rence internationale pr\u00e9paratoire du Sommet des Nations unies tenue \u00e0 Paris sur le d\u00e9veloppement durable. Dans ce contexte, l\u2019Alg\u00e9rie a toujours manifest\u00e9 un int\u00e9r\u00eat particulier au d\u00e9veloppement et \u00e0 l\u2019utilisation des \u00e9nergies renouvelables.<br \/>\nCette volont\u00e9 a \u00e9t\u00e9 confirm\u00e9e par les derni\u00e8res d\u00e9cisions prises en mati\u00e8re de diversification des sources d\u2019\u00e9nergies \u00e0 travers l\u2019application du Programme national des Energies renouvelables, essentiel pour assurer le d\u00e9veloppement durable de l\u2019\u00e9conomie.<br \/>\n<span class=\"spip_document_1822 spip_documents spip_documents_left\"><img loading=\"lazy\" decoding=\"async\" title=\"Stopper l'avanc\u00e9e du D\u00e9sert\" src=\"http:\/\/portail.cder.dz\/IMG\/jpg\/Stopper_lavancee_du_desert.jpg\" alt=\"Stopper l'avanc\u00e9e du D\u00e9sert\" width=\"455\" height=\"303\" \/><\/span><br \/>\n<i>Stopper l\u2019avanc\u00e9e du D\u00e9sert<\/i><br \/>\nLa station hybride de production d\u2019\u00e9nergie \u00e9lectrique de Hassi-R\u2019mel est le premier projet concr\u00e9tis\u00e9 en mati\u00e8re d\u2019\u00e9nergies renouvelables qui combine le solaire et le gaz. Le projet pr\u00e9voit la production de quelque 15 MW.<br \/>\n<strong>D\u2019autres projets en perspective<\/strong><br \/>\nL\u2019Alg\u00e9rie entrevoit, entre 2011 et 2030, de produire une partie de l\u2019\u00e9lectricit\u00e9 \u00e0 partir de diff\u00e9rentes sources d\u2019\u00e9nergies renouvelables pour atteindre 22 000 MW d\u2019ici 2030\u00a0: soit 40% de la production totale en \u00e9lectricit\u00e9. 10 000 MW des 22 000 MW programm\u00e9s pour les deux prochaines d\u00e9cennies sont destin\u00e9s \u00e0 l\u2019exportation, tandis que les 12 000 restants seront consacr\u00e9s \u00e0 la satisfaction des besoins nationaux en \u00e9lectricit\u00e9.<br \/>\n\u00c0 ce titre, le Gouvernement alg\u00e9rien a mis en oeuvre une Strat\u00e9gie nationale de l\u2019Environnement et un Plan national d\u2019Action dans le cadre du Programme d\u2019Investissement 2010- 2014 pour l\u2019environnement et le d\u00e9veloppement durable (PNAE-DD) qui visent \u00e0 int\u00e9grer la viabilit\u00e9 environnementale dans la strat\u00e9gie de d\u00e9veloppement du pays. A cet effet, de nombreuses actions en faveur du d\u00e9veloppement durable sont r\u00e9alis\u00e9es\u00a0:<br \/>\nL\u2019extraction mini\u00e8re, en tenant compte des exigences environnementales\u00a0;<br \/>\nL\u2019intensification des transports de masse, le transport qui est un secteur consommateur d\u2019\u00e9nergie (p\u00e9trole), reste l\u2019une des principales sources de pollution atmosph\u00e9rique et d\u2019\u00e9missions de gaz \u00e0 effet de serre. Cette pr\u00e9occupation a \u00e9t\u00e9 int\u00e9gr\u00e9e dans la politique alg\u00e9rienne en mati\u00e8re de protection de l\u2019environnement dans un souci de d\u00e9veloppement durable, bas\u00e9e sur l\u2019adoption d\u2019un mode de d\u00e9veloppement social et \u00e9conomique qui r\u00e9pond aux besoins du pr\u00e9sent sans compromettre l\u2019avenir des g\u00e9n\u00e9rations futures\u00a0;<br \/>\nL\u2019encouragement de l\u2019utilisation des carburants moins polluants\u00a0: le GPL, l\u2019essence sans plomb et le Gaz naturel comprim\u00e9 (GNC), en vue d\u2019une r\u00e9duction de la pollution de l\u2019air\u00a0;<br \/>\nL\u2019engagement du Gouvernement alg\u00e9rien pour une gestion rationnelle des ressources naturelles et de promotion des \u00e9nergies renouvelables. L\u2019Alg\u00e9rie pr\u00e9pare sa transition vers un mod\u00e8le \u00e9nerg\u00e9tique bas\u00e9 sur le d\u00e9veloppement des \u00e9nergies renouvelables, consacr\u00e9 par la Loi sur les \u00e9nergies renouvelables vot\u00e9e en 2004, et qui fixe \u00e0 14% la part du solaire et de l\u2019\u00e9olien dans le bilan \u00e9nerg\u00e9tique national \u00e0 atteindre en 2020. Un programme de d\u00e9veloppement des \u00e9nergies renouvelables et d\u2019efficacit\u00e9 \u00e9nerg\u00e9tique a \u00e9t\u00e9 adopt\u00e9 par le gouvernement en vue d\u2019\u00e9viter le gaspillage et de permettre une meilleure comp\u00e9titivit\u00e9 \u00e0 notre \u00e9conomie nationale. Le programme de d\u00e9veloppement des \u00e9nergies renouvelables sera accompagn\u00e9 d\u2019une strat\u00e9gie industrielle qui permettra de porter le taux d\u2019int\u00e9gration des fili\u00e8res \u00e0 plus de 80%, d\u2019ici 2030\u00a0;<br \/>\nUn projet pilote de 600 logements \u00e0 Haute Performance Energ\u00e9tique (HPE), \u00e0 titre d\u2019op\u00e9ration d\u00e9monstrative, est en cours de lancement, il int\u00e8gre le principe d\u2019\u00e9conomie d\u2019\u00e9nergie.<br \/>\n<strong>Economie verte, le double objectif de la croissance et de la cr\u00e9ation d\u2019emplois<\/strong><br \/>\nL\u2019Alg\u00e9rie a lanc\u00e9, en 2012, une initiative destin\u00e9e \u00e0 promouvoir la cr\u00e9ation d\u2019emplois et l\u2019entrepreneuriat pour les jeunes et les femmes dans l\u2019\u00e9conomie, vu le potentiel int\u00e9ressant pour la cr\u00e9ation d\u2019entreprises et d\u2019emplois. C\u2019est \u00e0 l\u2018occasion d\u2019une conf\u00e9rence organis\u00e9e en Alg\u00e9rie, le 28 mars 2012, par le Programme \u00ab\u00a0D\u00e9veloppement Economique Durable\u00a0\u00bb (DEVED) de la GIZ et la Direction g\u00e9n\u00e9rale de la PME du minist\u00e8re de l\u2019Industrie, sur \u00ab\u00a0L\u2019employabilit\u00e9 et l\u2019entreprenariat pour les jeunes et les femmes dans l\u2019\u00e9conomie verte en Alg\u00e9rie\u00a0\u00bb qu\u2019il a \u00e9t\u00e9 question de la n\u00e9cessit\u00e9 d\u2019introduire les m\u00e9tiers li\u00e9s \u00e0 l\u2019\u00e9conomie verte dans les listes d\u2019activit\u00e9s propos\u00e9es par les dispositifs publics pour la promotion de l\u2019emploi de jeunes. Cette initiative permettra d\u2019ouvrir de nouvelles perspectives en mati\u00e8re de cr\u00e9ation d\u2019emplois.<br \/>\n<span class=\"spip_document_1823 spip_documents spip_documents_left\"><img loading=\"lazy\" decoding=\"async\" title=\"Le Barrage vert \u00e0 hassi Bahbah\" src=\"http:\/\/portail.cder.dz\/IMG\/jpg\/Le_Barrage_vert_a_hassi_Bahbah.jpg\" alt=\"Le Barrage vert \u00e0 hassi Bahbah\" width=\"640\" height=\"430\" \/><\/span><br \/>\n<i>Le Barrage vert \u00e0 hassi Bahbah<\/i><br \/>\nSelon une \u00e9tude \u00e9labor\u00e9e par l\u2019Agence de coop\u00e9ration allemande au d\u00e9veloppement (GIZ), plus de 1,4 million d\u2019emplois pourront \u00eatre cr\u00e9\u00e9s en Alg\u00e9rie \u00e0 l\u2019horizon 2025.<br \/>\nL\u2019\u00e9tude d\u00e9montre qu\u2019un grand nombre de personnes, notamment des jeunes, activent actuellement dans des activit\u00e9s inh\u00e9rentes \u00e0 l\u2019\u00e9conomie verte, citant le recyclage des d\u00e9chets m\u00e9nagers, l\u2019agriculture, les \u00e9nergies renouvelables, la gestion de l\u2019eau, le b\u00e2timent vert, la gestion des espaces verts ainsi que les services li\u00e9s \u00e0 l\u2019environnement.<br \/>\n<strong>La lutte contre la d\u00e9sertification en Alg\u00e9rie<\/strong><br \/>\nLa d\u00e9sertification en Alg\u00e9rie concerne essentiellement les steppes des r\u00e9gions arides et semi-arides des hauts plateaux qui repr\u00e9sentent pr\u00e8s de 84% du territoire national.<br \/>\nLa lutte contre la d\u00e9sertification constitue une priorit\u00e9 pour les pouvoirs publics, le Barrage vert ou la \u00ab\u00a0Muraille verte\u00a0\u00bb lanc\u00e9 au d\u00e9but des ann\u00e9es 1970, long de 1 500 kilom\u00e8tres, et large parfois de 20 kilom\u00e8tres vise \u00e0 prot\u00e9ger le nord du pays de la d\u00e9sertification constituant ainsi une grande barri\u00e8re contre l\u2019ensablement et contre l\u2019avanc\u00e9e du d\u00e9sert qui r\u00e9duit de plus en plus les p\u00e2turages des zones steppiques. Le programme de la Direction g\u00e9n\u00e9rale des For\u00eats (DGF) de lutte contre la d\u00e9sertification porte sur l\u2019extension et la r\u00e9habilitation du Barrage vert sur 100.000 ha, la r\u00e9habilitation de la nappe alfati\u00e8re, la protection des zones de parcours et le d\u00e9veloppement de l\u2019agriculture saharienne autour des oasis. En outre, un vaste programme de lutte contre l\u2019\u00e9rosion \u00e0 travers 34 bassins versants a \u00e9t\u00e9 engag\u00e9. Il s\u2019agit \u00e0 ce niveau de planter sur une superficie de 3,5 millions d\u2019hectares. Le Barrage vert qui s\u2019\u00e9tend de la fronti\u00e8re ouest \u00e0 la fronti\u00e8re est, sur une superficie de 3 millions d\u2019hectares, repr\u00e9sente un v\u00e9ritable d\u00e9fi \u00e0 relever en vue de pr\u00e9server la vie au niveau des diff\u00e9rentes zones arides et semi-arides.<br \/>\nEl-Djeich<\/p>\n","protected":false},"excerpt":{"rendered":"<p>L\u2019Alg\u00e9rie est class\u00e9e 42e pays dans le monde en mati\u00e8re de protection de l\u2019environnement, en 2011, sur 153 pays \u00e9tudi\u00e9s. C\u2019est le premier pays dans le monde arabe et le 2e en Afrique, selon un classement \u00e9tabli par des chercheurs am\u00e9ricains de l\u2019Environnement en s\u2019appuyant sur des mesures comme la qualit\u00e9 de l\u2019air, de l\u2019eau, [&hellip;]<\/p>\n","protected":false},"author":1,"featured_media":3967,"comment_status":"open","ping_status":"open","sticky":false,"template":"","format":"standard","meta":{"tdm_status":"","tdm_grid_status":"","footnotes":""},"categories":[601],"tags":[],"class_list":{"0":"post-3619","1":"post","2":"type-post","3":"status-publish","4":"format-standard","5":"has-post-thumbnail","7":"category-durable"},"yoast_head":"<!-- This site is optimized with the Yoast SEO plugin v27.4 - https:\/\/yoast.com\/product\/yoast-seo-wordpress\/ -->\n<title>L\u2019Alg\u00e9rie face aux enjeux environnementaux avec une strat\u00e9gie int\u00e9grant le d\u00e9veloppement durable - Algerie Network<\/title>\n<meta name=\"robots\" content=\"index, follow, max-snippet:-1, max-image-preview:large, max-video-preview:-1\" \/>\n<link rel=\"canonical\" href=\"https:\/\/algerienetwork.com\/economie\/lalgerie-face-aux-enjeux-environnementaux-avec-une-strategie-integrant-le-developpement-durable\/\" \/>\n<meta property=\"og:locale\" content=\"fr_FR\" \/>\n<meta property=\"og:type\" content=\"article\" \/>\n<meta property=\"og:title\" content=\"L\u2019Alg\u00e9rie face aux enjeux environnementaux avec une strat\u00e9gie int\u00e9grant le d\u00e9veloppement durable - Algerie Network\" \/>\n<meta property=\"og:description\" content=\"L\u2019Alg\u00e9rie est class\u00e9e 42e pays dans le monde en mati\u00e8re de protection de l\u2019environnement, en 2011, sur 153 pays \u00e9tudi\u00e9s. C\u2019est le premier pays dans le monde arabe et le 2e en Afrique, selon un classement \u00e9tabli par des chercheurs am\u00e9ricains de l\u2019Environnement en s\u2019appuyant sur des mesures comme la qualit\u00e9 de l\u2019air, de l\u2019eau, [&hellip;]\" \/>\n<meta property=\"og:url\" content=\"https:\/\/algerienetwork.com\/economie\/lalgerie-face-aux-enjeux-environnementaux-avec-une-strategie-integrant-le-developpement-durable\/\" \/>\n<meta property=\"og:site_name\" content=\"Algerie Network\" \/>\n<meta property=\"article:published_time\" content=\"2015-05-12T17:49:28+00:00\" \/>\n<meta name=\"author\" content=\"admin\" \/>\n<meta name=\"twitter:card\" content=\"summary_large_image\" \/>\n<meta name=\"twitter:label1\" content=\"\u00c9crit par\" \/>\n\t<meta name=\"twitter:data1\" content=\"admin\" \/>\n\t<meta name=\"twitter:label2\" content=\"Dur\u00e9e de lecture estim\u00e9e\" \/>\n\t<meta name=\"twitter:data2\" content=\"10 minutes\" \/>\n<script type=\"application\/ld+json\" class=\"yoast-schema-graph\">{\"@context\":\"https:\\\/\\\/schema.org\",\"@graph\":[{\"@type\":\"Article\",\"@id\":\"https:\\\/\\\/algerienetwork.com\\\/economie\\\/lalgerie-face-aux-enjeux-environnementaux-avec-une-strategie-integrant-le-developpement-durable\\\/#article\",\"isPartOf\":{\"@id\":\"https:\\\/\\\/algerienetwork.com\\\/economie\\\/lalgerie-face-aux-enjeux-environnementaux-avec-une-strategie-integrant-le-developpement-durable\\\/\"},\"author\":{\"name\":\"admin\",\"@id\":\"https:\\\/\\\/algerienetwork.com\\\/economie\\\/#\\\/schema\\\/person\\\/5e408bb1f77e874b1dbfa72029efa3bf\"},\"headline\":\"L\u2019Alg\u00e9rie face aux enjeux environnementaux avec une strat\u00e9gie int\u00e9grant le d\u00e9veloppement durable\",\"datePublished\":\"2015-05-12T17:49:28+00:00\",\"mainEntityOfPage\":{\"@id\":\"https:\\\/\\\/algerienetwork.com\\\/economie\\\/lalgerie-face-aux-enjeux-environnementaux-avec-une-strategie-integrant-le-developpement-durable\\\/\"},\"wordCount\":1981,\"commentCount\":0,\"image\":{\"@id\":\"https:\\\/\\\/algerienetwork.com\\\/economie\\\/lalgerie-face-aux-enjeux-environnementaux-avec-une-strategie-integrant-le-developpement-durable\\\/#primaryimage\"},\"thumbnailUrl\":\"\",\"articleSection\":[\"Durable\"],\"inLanguage\":\"fr-FR\",\"potentialAction\":[{\"@type\":\"CommentAction\",\"name\":\"Comment\",\"target\":[\"https:\\\/\\\/algerienetwork.com\\\/economie\\\/lalgerie-face-aux-enjeux-environnementaux-avec-une-strategie-integrant-le-developpement-durable\\\/#respond\"]}]},{\"@type\":\"WebPage\",\"@id\":\"https:\\\/\\\/algerienetwork.com\\\/economie\\\/lalgerie-face-aux-enjeux-environnementaux-avec-une-strategie-integrant-le-developpement-durable\\\/\",\"url\":\"https:\\\/\\\/algerienetwork.com\\\/economie\\\/lalgerie-face-aux-enjeux-environnementaux-avec-une-strategie-integrant-le-developpement-durable\\\/\",\"name\":\"L\u2019Alg\u00e9rie face aux enjeux environnementaux avec une strat\u00e9gie int\u00e9grant le d\u00e9veloppement durable - Algerie Network\",\"isPartOf\":{\"@id\":\"https:\\\/\\\/algerienetwork.com\\\/economie\\\/#website\"},\"primaryImageOfPage\":{\"@id\":\"https:\\\/\\\/algerienetwork.com\\\/economie\\\/lalgerie-face-aux-enjeux-environnementaux-avec-une-strategie-integrant-le-developpement-durable\\\/#primaryimage\"},\"image\":{\"@id\":\"https:\\\/\\\/algerienetwork.com\\\/economie\\\/lalgerie-face-aux-enjeux-environnementaux-avec-une-strategie-integrant-le-developpement-durable\\\/#primaryimage\"},\"thumbnailUrl\":\"\",\"datePublished\":\"2015-05-12T17:49:28+00:00\",\"author\":{\"@id\":\"https:\\\/\\\/algerienetwork.com\\\/economie\\\/#\\\/schema\\\/person\\\/5e408bb1f77e874b1dbfa72029efa3bf\"},\"breadcrumb\":{\"@id\":\"https:\\\/\\\/algerienetwork.com\\\/economie\\\/lalgerie-face-aux-enjeux-environnementaux-avec-une-strategie-integrant-le-developpement-durable\\\/#breadcrumb\"},\"inLanguage\":\"fr-FR\",\"potentialAction\":[{\"@type\":\"ReadAction\",\"target\":[\"https:\\\/\\\/algerienetwork.com\\\/economie\\\/lalgerie-face-aux-enjeux-environnementaux-avec-une-strategie-integrant-le-developpement-durable\\\/\"]}]},{\"@type\":\"ImageObject\",\"inLanguage\":\"fr-FR\",\"@id\":\"https:\\\/\\\/algerienetwork.com\\\/economie\\\/lalgerie-face-aux-enjeux-environnementaux-avec-une-strategie-integrant-le-developpement-durable\\\/#primaryimage\",\"url\":\"\",\"contentUrl\":\"\"},{\"@type\":\"BreadcrumbList\",\"@id\":\"https:\\\/\\\/algerienetwork.com\\\/economie\\\/lalgerie-face-aux-enjeux-environnementaux-avec-une-strategie-integrant-le-developpement-durable\\\/#breadcrumb\",\"itemListElement\":[{\"@type\":\"ListItem\",\"position\":1,\"name\":\"Accueil\",\"item\":\"https:\\\/\\\/algerienetwork.com\\\/economie\\\/\"},{\"@type\":\"ListItem\",\"position\":2,\"name\":\"L\u2019Alg\u00e9rie face aux enjeux environnementaux avec une strat\u00e9gie int\u00e9grant le d\u00e9veloppement durable\"}]},{\"@type\":\"WebSite\",\"@id\":\"https:\\\/\\\/algerienetwork.com\\\/economie\\\/#website\",\"url\":\"https:\\\/\\\/algerienetwork.com\\\/economie\\\/\",\"name\":\"Algerie Network\",\"description\":\"Informations alg\u00e9riennes\",\"potentialAction\":[{\"@type\":\"SearchAction\",\"target\":{\"@type\":\"EntryPoint\",\"urlTemplate\":\"https:\\\/\\\/algerienetwork.com\\\/economie\\\/?s={search_term_string}\"},\"query-input\":{\"@type\":\"PropertyValueSpecification\",\"valueRequired\":true,\"valueName\":\"search_term_string\"}}],\"inLanguage\":\"fr-FR\"},{\"@type\":\"Person\",\"@id\":\"https:\\\/\\\/algerienetwork.com\\\/economie\\\/#\\\/schema\\\/person\\\/5e408bb1f77e874b1dbfa72029efa3bf\",\"name\":\"admin\",\"image\":{\"@type\":\"ImageObject\",\"inLanguage\":\"fr-FR\",\"@id\":\"https:\\\/\\\/secure.gravatar.com\\\/avatar\\\/6d0cc031c3d4efb30a615115a40d8ac85a0c2b85d002f277bae2243cc8811193?s=96&d=mm&r=g\",\"url\":\"https:\\\/\\\/secure.gravatar.com\\\/avatar\\\/6d0cc031c3d4efb30a615115a40d8ac85a0c2b85d002f277bae2243cc8811193?s=96&d=mm&r=g\",\"contentUrl\":\"https:\\\/\\\/secure.gravatar.com\\\/avatar\\\/6d0cc031c3d4efb30a615115a40d8ac85a0c2b85d002f277bae2243cc8811193?s=96&d=mm&r=g\",\"caption\":\"admin\"},\"sameAs\":[\"https:\\\/\\\/algerienetwork.com\\\/economie\"],\"url\":\"https:\\\/\\\/algerienetwork.com\\\/economie\\\/author\\\/admin\\\/\"}]}<\/script>\n<!-- \/ Yoast SEO plugin. -->","yoast_head_json":{"title":"L\u2019Alg\u00e9rie face aux enjeux environnementaux avec une strat\u00e9gie int\u00e9grant le d\u00e9veloppement durable - Algerie Network","robots":{"index":"index","follow":"follow","max-snippet":"max-snippet:-1","max-image-preview":"max-image-preview:large","max-video-preview":"max-video-preview:-1"},"canonical":"https:\/\/algerienetwork.com\/economie\/lalgerie-face-aux-enjeux-environnementaux-avec-une-strategie-integrant-le-developpement-durable\/","og_locale":"fr_FR","og_type":"article","og_title":"L\u2019Alg\u00e9rie face aux enjeux environnementaux avec une strat\u00e9gie int\u00e9grant le d\u00e9veloppement durable - Algerie Network","og_description":"L\u2019Alg\u00e9rie est class\u00e9e 42e pays dans le monde en mati\u00e8re de protection de l\u2019environnement, en 2011, sur 153 pays \u00e9tudi\u00e9s. C\u2019est le premier pays dans le monde arabe et le 2e en Afrique, selon un classement \u00e9tabli par des chercheurs am\u00e9ricains de l\u2019Environnement en s\u2019appuyant sur des mesures comme la qualit\u00e9 de l\u2019air, de l\u2019eau, [&hellip;]","og_url":"https:\/\/algerienetwork.com\/economie\/lalgerie-face-aux-enjeux-environnementaux-avec-une-strategie-integrant-le-developpement-durable\/","og_site_name":"Algerie Network","article_published_time":"2015-05-12T17:49:28+00:00","author":"admin","twitter_card":"summary_large_image","twitter_misc":{"\u00c9crit par":"admin","Dur\u00e9e de lecture estim\u00e9e":"10 minutes"},"schema":{"@context":"https:\/\/schema.org","@graph":[{"@type":"Article","@id":"https:\/\/algerienetwork.com\/economie\/lalgerie-face-aux-enjeux-environnementaux-avec-une-strategie-integrant-le-developpement-durable\/#article","isPartOf":{"@id":"https:\/\/algerienetwork.com\/economie\/lalgerie-face-aux-enjeux-environnementaux-avec-une-strategie-integrant-le-developpement-durable\/"},"author":{"name":"admin","@id":"https:\/\/algerienetwork.com\/economie\/#\/schema\/person\/5e408bb1f77e874b1dbfa72029efa3bf"},"headline":"L\u2019Alg\u00e9rie face aux enjeux environnementaux avec une strat\u00e9gie int\u00e9grant le d\u00e9veloppement durable","datePublished":"2015-05-12T17:49:28+00:00","mainEntityOfPage":{"@id":"https:\/\/algerienetwork.com\/economie\/lalgerie-face-aux-enjeux-environnementaux-avec-une-strategie-integrant-le-developpement-durable\/"},"wordCount":1981,"commentCount":0,"image":{"@id":"https:\/\/algerienetwork.com\/economie\/lalgerie-face-aux-enjeux-environnementaux-avec-une-strategie-integrant-le-developpement-durable\/#primaryimage"},"thumbnailUrl":"","articleSection":["Durable"],"inLanguage":"fr-FR","potentialAction":[{"@type":"CommentAction","name":"Comment","target":["https:\/\/algerienetwork.com\/economie\/lalgerie-face-aux-enjeux-environnementaux-avec-une-strategie-integrant-le-developpement-durable\/#respond"]}]},{"@type":"WebPage","@id":"https:\/\/algerienetwork.com\/economie\/lalgerie-face-aux-enjeux-environnementaux-avec-une-strategie-integrant-le-developpement-durable\/","url":"https:\/\/algerienetwork.com\/economie\/lalgerie-face-aux-enjeux-environnementaux-avec-une-strategie-integrant-le-developpement-durable\/","name":"L\u2019Alg\u00e9rie face aux enjeux environnementaux avec une strat\u00e9gie int\u00e9grant le d\u00e9veloppement durable - Algerie Network","isPartOf":{"@id":"https:\/\/algerienetwork.com\/economie\/#website"},"primaryImageOfPage":{"@id":"https:\/\/algerienetwork.com\/economie\/lalgerie-face-aux-enjeux-environnementaux-avec-une-strategie-integrant-le-developpement-durable\/#primaryimage"},"image":{"@id":"https:\/\/algerienetwork.com\/economie\/lalgerie-face-aux-enjeux-environnementaux-avec-une-strategie-integrant-le-developpement-durable\/#primaryimage"},"thumbnailUrl":"","datePublished":"2015-05-12T17:49:28+00:00","author":{"@id":"https:\/\/algerienetwork.com\/economie\/#\/schema\/person\/5e408bb1f77e874b1dbfa72029efa3bf"},"breadcrumb":{"@id":"https:\/\/algerienetwork.com\/economie\/lalgerie-face-aux-enjeux-environnementaux-avec-une-strategie-integrant-le-developpement-durable\/#breadcrumb"},"inLanguage":"fr-FR","potentialAction":[{"@type":"ReadAction","target":["https:\/\/algerienetwork.com\/economie\/lalgerie-face-aux-enjeux-environnementaux-avec-une-strategie-integrant-le-developpement-durable\/"]}]},{"@type":"ImageObject","inLanguage":"fr-FR","@id":"https:\/\/algerienetwork.com\/economie\/lalgerie-face-aux-enjeux-environnementaux-avec-une-strategie-integrant-le-developpement-durable\/#primaryimage","url":"","contentUrl":""},{"@type":"BreadcrumbList","@id":"https:\/\/algerienetwork.com\/economie\/lalgerie-face-aux-enjeux-environnementaux-avec-une-strategie-integrant-le-developpement-durable\/#breadcrumb","itemListElement":[{"@type":"ListItem","position":1,"name":"Accueil","item":"https:\/\/algerienetwork.com\/economie\/"},{"@type":"ListItem","position":2,"name":"L\u2019Alg\u00e9rie face aux enjeux environnementaux avec une strat\u00e9gie int\u00e9grant le d\u00e9veloppement durable"}]},{"@type":"WebSite","@id":"https:\/\/algerienetwork.com\/economie\/#website","url":"https:\/\/algerienetwork.com\/economie\/","name":"Algerie Network","description":"Informations alg\u00e9riennes","potentialAction":[{"@type":"SearchAction","target":{"@type":"EntryPoint","urlTemplate":"https:\/\/algerienetwork.com\/economie\/?s={search_term_string}"},"query-input":{"@type":"PropertyValueSpecification","valueRequired":true,"valueName":"search_term_string"}}],"inLanguage":"fr-FR"},{"@type":"Person","@id":"https:\/\/algerienetwork.com\/economie\/#\/schema\/person\/5e408bb1f77e874b1dbfa72029efa3bf","name":"admin","image":{"@type":"ImageObject","inLanguage":"fr-FR","@id":"https:\/\/secure.gravatar.com\/avatar\/6d0cc031c3d4efb30a615115a40d8ac85a0c2b85d002f277bae2243cc8811193?s=96&d=mm&r=g","url":"https:\/\/secure.gravatar.com\/avatar\/6d0cc031c3d4efb30a615115a40d8ac85a0c2b85d002f277bae2243cc8811193?s=96&d=mm&r=g","contentUrl":"https:\/\/secure.gravatar.com\/avatar\/6d0cc031c3d4efb30a615115a40d8ac85a0c2b85d002f277bae2243cc8811193?s=96&d=mm&r=g","caption":"admin"},"sameAs":["https:\/\/algerienetwork.com\/economie"],"url":"https:\/\/algerienetwork.com\/economie\/author\/admin\/"}]}},"_links":{"self":[{"href":"https:\/\/algerienetwork.com\/economie\/wp-json\/wp\/v2\/posts\/3619","targetHints":{"allow":["GET"]}}],"collection":[{"href":"https:\/\/algerienetwork.com\/economie\/wp-json\/wp\/v2\/posts"}],"about":[{"href":"https:\/\/algerienetwork.com\/economie\/wp-json\/wp\/v2\/types\/post"}],"author":[{"embeddable":true,"href":"https:\/\/algerienetwork.com\/economie\/wp-json\/wp\/v2\/users\/1"}],"replies":[{"embeddable":true,"href":"https:\/\/algerienetwork.com\/economie\/wp-json\/wp\/v2\/comments?post=3619"}],"version-history":[{"count":0,"href":"https:\/\/algerienetwork.com\/economie\/wp-json\/wp\/v2\/posts\/3619\/revisions"}],"wp:featuredmedia":[{"embeddable":true,"href":"https:\/\/algerienetwork.com\/economie\/wp-json\/"}],"wp:attachment":[{"href":"https:\/\/algerienetwork.com\/economie\/wp-json\/wp\/v2\/media?parent=3619"}],"wp:term":[{"taxonomy":"category","embeddable":true,"href":"https:\/\/algerienetwork.com\/economie\/wp-json\/wp\/v2\/categories?post=3619"},{"taxonomy":"post_tag","embeddable":true,"href":"https:\/\/algerienetwork.com\/economie\/wp-json\/wp\/v2\/tags?post=3619"}],"curies":[{"name":"wp","href":"https:\/\/api.w.org\/{rel}","templated":true}]}}