{"id":14710,"date":"2013-10-16T23:39:49","date_gmt":"2013-10-16T23:39:49","guid":{"rendered":"http:\/\/algerienetwork.com\/canada\/?p=1019"},"modified":"2013-10-16T23:39:49","modified_gmt":"2013-10-16T23:39:49","slug":"valeurs-quebecoises-insultes-derapages-et-autres-silences-dintolerance","status":"publish","type":"post","link":"https:\/\/algerienetwork.com\/international\/valeurs-quebecoises-insultes-derapages-et-autres-silences-dintolerance\/","title":{"rendered":"Valeurs Qu\u00e9b\u00e9coises du PQ ; Insultes, d\u00e9rapages et autres silences d\u2019intol\u00e9rance"},"content":{"rendered":"<div>\n<p>Dimanche dernier, <em>D\u00e9sautels le dimanche<\/em> \u00e0 Radio-Canada. Un reportage d\u2019Akli Ait Abdallah auquel je participais. Mon coll\u00e8gue \u00e9tait parti sur le terrain \u00e0 la recherche de t\u00e9moignages de femmes qui se font invectiver s\u00e9v\u00e8rement depuis le d\u00e9but de ce d\u00e9bat sur la charte. Rien de bien joli, pas de quoi se vanter. Les centres de femmes du Qu\u00e9bec, apprenait-on, \u00absont t\u00e9moins d\u2019une augmentation d\u2019intol\u00e9rance, de violence et de racisme\u00bb. Assez pour sourciller. Qu\u2019est-ce que je faisais l\u00e0, moi? J\u2019y parlais d\u2019interventions de quidams qu\u2019on trouve un peu partout sur le web et qui oscillent entre l\u2019ignorance et la haine. Beaucoup de haine parfois. Toujours trop en tout cas.<\/p>\n<p>Toujours est-il qu\u2019Akli s\u2019est fait r\u00e9primander un peu par les voix de Twitter pour ce reportage. Moi aussi, d\u2019ailleurs. Messages, courriels, etc. Les griefs habituels: exag\u00e9ration, sensationnalisme, mont\u00e9e en \u00e9pingle de banalit\u00e9s. Bref, donner la parole aux femmes dans ce d\u00e9bat, oui, mais pas \u00e0 toutes. Condamner les crinqu\u00e9s du bonnet, OK, mais surtout ceux des autres s\u2019il vous pla\u00eet et, si possible, s\u2019ils portent un machin ostentatoire.<\/p>\n<p>Des cas isol\u00e9s? Des faits divers? On aime le penser. \u00c7a r\u00e9conforte.<\/p>\n<p>Et pourtant\u2026 Cette semaine, dans la foul\u00e9e des \u00abJanettes\u00bb, un mouvement initi\u00e9 par quatre paragraphes de Janette Bertrand et\u00a0support\u00e9 par une poign\u00e9e de \u00abfemmes d\u2019influence\u00bb, Denise Filiatrault la ramenait elle aussi \u00e0 coup de \u00abfolles\u00bb en pleine radio aux heures de pointe \u00e0 propos des femmes qui disent choisir de porter le voile.<\/p>\n<p>Nous en sommes l\u00e0. Hier, on se gardait une petite g\u00eane avec l\u2019intol\u00e9rance. Aujourd\u2019hui,\u00a0elle est\u00a0un spectacle. Peut-\u00eatre m\u00eame une com\u00e9die musicale.<\/p>\n<p>Des faits divers me disiez-vous? Je me demande\u2026 \u00c0 partir de quand peut-on parler de tendance? Est-ce que le citoyen t\u00e9l\u00e9spectateur pourra d\u00e9sormais, motiv\u00e9 par un projet de charte b\u00e2cl\u00e9 et l\u2019influence d\u2019une \u00abJanette\u00bb grand public mal engueul\u00e9e, se sentir \u00e0 l\u2019aise de traiter de folles les femmes voil\u00e9es dans la rue? Au diable les complexes, mettons nos culottes!<\/p>\n<p>Ce d\u00e9bat d\u00e9rape. Dangereusement, m\u00eame. Nous avons bris\u00e9 quelque chose. Nous avons choisi de pointer du doigt, avec des pictogrammes, des spins m\u00e9diatiques, des ballons de plage id\u00e9ologiques qu\u2019on lance en l\u2019air en trois passes: \u00abRegardez ce voile et ces machins, sachez les rep\u00e9rer, comprenez la menace.\u00bb<\/p>\n<p>La faute \u00e0 qui? Faut-il pointer des responsables?<\/p>\n<p>Il est naturellement commode de ne pointer personne. On aime se dire que des nonos, il y en aura toujours. Faudrait pas jeter le b\u00e9b\u00e9 avec l\u2019eau du bain.<\/p>\n<p>Non\u2026 Mais il faudrait la jeter l\u2019eau du bain, au moins. Elle est sale.<\/p>\n<p>Les responsables de ce d\u00e9rapage complet se trouvent au sein du Comit\u00e9 minist\u00e9riel de l\u2019identit\u00e9 pr\u00e9sid\u00e9 par Bernard Drainville. Un comit\u00e9 qui compte des membres qu\u2019il vaut la peine de nommer: Diane De Courcy, Maka Kotto, Jean-Fran\u00e7ois Lis\u00e9e et Pierre Duchesne. Ultimement, ce sont ces \u00e9lus qui avaient pour responsabilit\u00e9 de mettre sur pied un projet de charte et de le pr\u00e9senter \u00e0 la population. Ils avaient ainsi le devoir d\u2019ouvrir une r\u00e9flexion et\u00a0par la suite\u00a0un d\u00e9bat fond\u00e9 sur une probl\u00e9matique d\u00e9taill\u00e9e.<\/p>\n<p>\u00abDepuis 2006, plusieurs cas d\u2019accommodements religieux tr\u00e8s m\u00e9diatis\u00e9s ont suscit\u00e9 un profond malaise au Qu\u00e9bec. Pour pr\u00e9server la paix sociale et favoriser l\u2019harmonie, nous devons \u00e9viter de laisser les tensions s\u2019accro\u00eetre.\u00bb<\/p>\n<p>Ces deux phrases, c\u2019est le seul \u00e9tat de la question que ce comit\u00e9 sur l\u2019identit\u00e9 a cru bon de proposer au public. Aucune analyse, aucun document, aucun rappel des faits, m\u00eame pas l\u2019ombre d\u2019une statistique. On parle de \u00abplusieurs cas\u00bb \u00abtr\u00e8s m\u00e9diatis\u00e9s\u00bb et \u00e7a suffit. Lesquels au juste? On \u00e9vacue toute une probl\u00e9matique. Elle devient un simple \u00abmalaise\u00bb. Plus rien ne d\u00e9passe. Tout devient luisant.<\/p>\n<p>Ces \u00e9lus n\u2019ont pas invit\u00e9 la population \u00e0 r\u00e9fl\u00e9chir sur la diversit\u00e9 religieuse. Ils ont tout bonnement provoqu\u00e9 une grande expression du malaise, comme \u00e7a vient, comme \u00e7a sort. Ne rien dire surtout, ne pas intervenir, laisser la population s\u2019exprimer. On raconte que depuis, le ministre Drainville est occup\u00e9 \u00e0 lire plus de 25 000 courriels.<\/p>\n<p>J\u2019ai une bonne id\u00e9e de ce qu\u2019ils contiennent, ces courriels. Ils doivent contenir tout le vide de cette proposition politique qu\u2019est la Charte depuis le d\u00e9but. Il suffit ensuite d\u2019aller badiner \u00e0 <em>Tout le monde en parle <\/em>en faisant le comique de fin de semaine pour rappeler \u00e0 tout le monde que ce d\u00e9bat doit se tenir dans le respect.<\/p>\n<p>Or, \u00e7a ne suffit pas. Bernard Drainville et ses coll\u00e8gues ont \u00e9t\u00e9 \u00e9lus, ils portent la responsabilit\u00e9 de leur projet. Il leur appartient d\u2019assumer leur r\u00f4le politique. Il est peut-\u00eatre m\u00eame trop tard. La p\u00e2te dentifrice est sortie du tube, elle se r\u00e9pand. C\u2019est bris\u00e9. Pas ouvert, bris\u00e9.<\/p>\n<p>Le plus triste, c\u2019est que parmi ces ministres de l\u2019identit\u00e9, il se trouve trois ex-journalistes dont un, Jean-Fran\u00e7ois Lis\u00e9e, qui a \u00e9t\u00e9 directeur du Centre d\u2019\u00e9tudes et de recherches internationales de l\u2019Universit\u00e9 de Montr\u00e9al. Comment ont-ils pu devenir si rapidement les complices d\u2019un silence o\u00f9 se faufilent toutes les d\u00e9magogies?<\/p>\n<p>Ont-ils troqu\u00e9 la p\u00e9dagogie pour la strat\u00e9gie?<\/p>\n<p>C\u2019est \u00e0 pleurer.<\/p>\n<p>Ce projet de charte m\u00e9ritait d\u00e8s le d\u00e9part des balises p\u00e9dagogiques et une mise en question de la diversit\u00e9 religieuse. O\u00f9 sont les m\u00e9moires d\u00e9pos\u00e9s par les divers intervenants lors de la commission Bouchard-Taylor? O\u00f9 sont, par exemple, les recommandations que la CSDM diffusait \u00e0 l\u2019\u00e9poque? O\u00f9 sont les \u00e9tudes produites par la Commission des droits de la personne? O\u00f9 est la jurisprudence? Ces textes existent, ils ont \u00e9t\u00e9 pay\u00e9s par les citoyens. O\u00f9 sont-ils maintenant dans ce site web sur \u00abnos valeurs\u00bb parsem\u00e9 de pictogrammes? Nulle part. C\u2019est le silence. Le vide.<\/p>\n<p>Un vide qui se meuble tranquillement, mais s\u00fbrement, de vapeurs naus\u00e9abondes\u2026 Comme une odeur fascisante, peut-\u00eatre.<\/p>\n<p>Peut-\u00eatre aussi qu\u2019un jour, lorsqu\u2019on nous demandera comment nous en sommes arriv\u00e9s l\u00e0, ce seront les visages de quelques politiciens qu\u2019il faudra mettre sur des pictogrammes dans les livres d\u2019histoire.<\/p>\n<div><a href=\"http:\/\/voir.ca\/chroniques\/theologie-mediatique\/2013\/10\/16\/insultes-derapages-et-autres-silences-dintolerance\/?fb_action_ids=10151612955997294&amp;fb_action_types=og.recommends&amp;fb_source=other_multiline&amp;action_object_map={%2210151612955997294%22%3A261049507375754}&amp;action_type_map={%2210151612955997294%22%3A%22og.recommends%22}&amp;action_ref_map=[]\" target=\"_blank\"><img loading=\"lazy\" decoding=\"async\" src=\"http:\/\/voir.ca\/images\/photos-auteurs\/simon-jodoin-a-small.jpg\" alt=\"\" width=\"75\" height=\"75\" \/> <\/a><\/div>\n<div><a href=\"http:\/\/voir.ca\/chroniques\/theologie-mediatique\/2013\/10\/16\/insultes-derapages-et-autres-silences-dintolerance\/?fb_action_ids=10151612955997294&amp;fb_action_types=og.recommends&amp;fb_source=other_multiline&amp;action_object_map={%2210151612955997294%22%3A261049507375754}&amp;action_type_map={%2210151612955997294%22%3A%22og.recommends%22}&amp;action_ref_map=[]\" target=\"_blank\">par Simon Jodoin<\/a><\/div>\n<\/div>\n","protected":false},"excerpt":{"rendered":"<p>Dimanche dernier, D\u00e9sautels le dimanche \u00e0 Radio-Canada. Un reportage d\u2019Akli Ait Abdallah auquel je participais. Mon coll\u00e8gue \u00e9tait parti sur le terrain \u00e0 la recherche de t\u00e9moignages de femmes qui se font invectiver s\u00e9v\u00e8rement depuis le d\u00e9but de ce d\u00e9bat sur la charte. Rien de bien joli, pas de quoi se vanter. Les centres de [&hellip;]<\/p>\n","protected":false},"author":1,"featured_media":2131,"comment_status":"closed","ping_status":"closed","sticky":false,"template":"","format":"standard","meta":{"tdm_status":"","tdm_grid_status":"","footnotes":""},"categories":[3,24],"tags":[157],"class_list":{"0":"post-14710","1":"post","2":"type-post","3":"status-publish","4":"format-standard","5":"has-post-thumbnail","7":"category-canada","8":"category-politique","9":"tag-featured"},"_links":{"self":[{"href":"https:\/\/algerienetwork.com\/international\/wp-json\/wp\/v2\/posts\/14710","targetHints":{"allow":["GET"]}}],"collection":[{"href":"https:\/\/algerienetwork.com\/international\/wp-json\/wp\/v2\/posts"}],"about":[{"href":"https:\/\/algerienetwork.com\/international\/wp-json\/wp\/v2\/types\/post"}],"author":[{"embeddable":true,"href":"https:\/\/algerienetwork.com\/international\/wp-json\/wp\/v2\/users\/1"}],"replies":[{"embeddable":true,"href":"https:\/\/algerienetwork.com\/international\/wp-json\/wp\/v2\/comments?post=14710"}],"version-history":[{"count":0,"href":"https:\/\/algerienetwork.com\/international\/wp-json\/wp\/v2\/posts\/14710\/revisions"}],"wp:featuredmedia":[{"embeddable":true,"href":"https:\/\/algerienetwork.com\/international\/wp-json\/"}],"wp:attachment":[{"href":"https:\/\/algerienetwork.com\/international\/wp-json\/wp\/v2\/media?parent=14710"}],"wp:term":[{"taxonomy":"category","embeddable":true,"href":"https:\/\/algerienetwork.com\/international\/wp-json\/wp\/v2\/categories?post=14710"},{"taxonomy":"post_tag","embeddable":true,"href":"https:\/\/algerienetwork.com\/international\/wp-json\/wp\/v2\/tags?post=14710"}],"curies":[{"name":"wp","href":"https:\/\/api.w.org\/{rel}","templated":true}]}}