{"id":15028,"date":"2012-10-01T14:19:00","date_gmt":"2012-10-01T14:19:00","guid":{"rendered":"http:\/\/algerienetwork.com\/france\/?p=725"},"modified":"2018-12-22T13:14:46","modified_gmt":"2018-12-22T13:14:46","slug":"diam-se-fait-lyncher-par-les-medias-francais-apres-sa-conversion-a-lislam","status":"publish","type":"post","link":"https:\/\/algerienetwork.com\/international\/diam-se-fait-lyncher-par-les-medias-francais-apres-sa-conversion-a-lislam\/","title":{"rendered":"Diam se fait lyncher par les m\u00e9dias francais apr\u00e8s sa conversion a l&rsquo;islam"},"content":{"rendered":"<p>La chanteuse Diam&rsquo;s, qui a arr\u00eat\u00e9 la musique depuis sa conversion \u00e0 l&rsquo;islam, revient avec sa biographie, intitul\u00e9e Diam\u2019s autobiographie. Elle y \u00e9voque, notamment, sa d\u00e9pression et la mani\u00e8re dont la religion l&rsquo;a aid\u00e9e \u00e0 refaire surface. La religion \u00ab\u00a0est venue r\u00e9pondre \u00e0 toutes les questions que je me posais\u00a0\u00bb, a expliqu\u00e9 la jeune femme, lundi matin sur Europe 1.\u00a0\u00bbJ&rsquo;\u00e9tais croyante, j&rsquo;ai grandi dans un environnement catholique : baptis\u00e9e, confirm\u00e9e, la totale&#8230;\u00a0\u00bb, a -t-elle ajout\u00e9 soulignant : \u00ab\u00a0j&rsquo;ai tout eu, de l&rsquo;amour, de l&rsquo;argent, mais je n&rsquo;\u00e9tais pas heureuse\u00a0\u00bb.<\/p>\n<p>\u00ab\u00a0J&rsquo;ai eu besoin de r\u00e9ponses. J&rsquo;ai eu le sentiment de m&rsquo;adresser directement \u00e0 Dieu [\u00e0 travers l&rsquo;islam]. Tout le monde \u00e9tait d\u00e9pass\u00e9 par mes probl\u00e8mes\u00a0\u00bb, a confi\u00e9 Diam&rsquo;s, pr\u00e9cisant que c&rsquo;est en ouvrant le Coran, qu&rsquo;elle a \u00ab\u00a0trouv\u00e9 des r\u00e9ponses\u00a0\u00bb. \u00ab\u00a0C&rsquo;est dans l&rsquo;islam que j&rsquo;ai d\u00e9couvert une voie de sagesse\u00a0\u00bb, a expliqu\u00e9 l&rsquo;ancienne rappeuse. Diam&rsquo;s est \u00e9galement revenue sur la pol\u00e9mique autour de sa conversion. Selon elle, \u00ab\u00a0ce n&rsquo;est pas [sa] conversion qui a choqu\u00e9, c&rsquo;est [son] voile\u00a0\u00bb.<\/p>\n<p><iframe loading=\"lazy\" src=\"http:\/\/www.dailymotion.com\/embed\/video\/xtzrru\" width=\"480\" height=\"270\" frameborder=\"0\"><\/iframe><br \/>\n<a href=\"http:\/\/www.dailymotion.com\/video\/xtzrru_diam-s-mon-voile-a-choque-pas-ma-conversion_news\" target=\"_blank\" rel=\"noopener\">Diam&rsquo;s : \u00ab\u00a0Mon voile a choqu\u00e9, pas ma conversion\u00a0\u00bb<\/a> <em>par <a href=\"http:\/\/www.dailymotion.com\/Europe1fr\" target=\"_blank\" rel=\"noopener\">Europe1fr<\/a><\/em><\/p>\n","protected":false},"excerpt":{"rendered":"<p>La chanteuse Diam&rsquo;s, qui a arr\u00eat\u00e9 la musique depuis sa conversion \u00e0 l&rsquo;islam, revient avec sa biographie, intitul\u00e9e Diam\u2019s autobiographie. Elle y \u00e9voque, notamment, sa d\u00e9pression et la mani\u00e8re dont la religion l&rsquo;a aid\u00e9e \u00e0 refaire surface. La religion \u00ab\u00a0est venue r\u00e9pondre \u00e0 toutes les questions que je me posais\u00a0\u00bb, a expliqu\u00e9 la jeune femme, [&hellip;]<\/p>\n","protected":false},"author":1,"featured_media":729,"comment_status":"closed","ping_status":"open","sticky":false,"template":"","format":"standard","meta":{"tdm_status":"","tdm_grid_status":"","footnotes":""},"categories":[10,26],"tags":[],"class_list":{"0":"post-15028","1":"post","2":"type-post","3":"status-publish","4":"format-standard","5":"has-post-thumbnail","7":"category-france","8":"category-societe"},"_links":{"self":[{"href":"https:\/\/algerienetwork.com\/international\/wp-json\/wp\/v2\/posts\/15028","targetHints":{"allow":["GET"]}}],"collection":[{"href":"https:\/\/algerienetwork.com\/international\/wp-json\/wp\/v2\/posts"}],"about":[{"href":"https:\/\/algerienetwork.com\/international\/wp-json\/wp\/v2\/types\/post"}],"author":[{"embeddable":true,"href":"https:\/\/algerienetwork.com\/international\/wp-json\/wp\/v2\/users\/1"}],"replies":[{"embeddable":true,"href":"https:\/\/algerienetwork.com\/international\/wp-json\/wp\/v2\/comments?post=15028"}],"version-history":[{"count":0,"href":"https:\/\/algerienetwork.com\/international\/wp-json\/wp\/v2\/posts\/15028\/revisions"}],"wp:featuredmedia":[{"embeddable":true,"href":"https:\/\/algerienetwork.com\/international\/wp-json\/"}],"wp:attachment":[{"href":"https:\/\/algerienetwork.com\/international\/wp-json\/wp\/v2\/media?parent=15028"}],"wp:term":[{"taxonomy":"category","embeddable":true,"href":"https:\/\/algerienetwork.com\/international\/wp-json\/wp\/v2\/categories?post=15028"},{"taxonomy":"post_tag","embeddable":true,"href":"https:\/\/algerienetwork.com\/international\/wp-json\/wp\/v2\/tags?post=15028"}],"curies":[{"name":"wp","href":"https:\/\/api.w.org\/{rel}","templated":true}]}}