{"id":15112,"date":"2017-10-09T01:47:07","date_gmt":"2017-10-09T01:47:07","guid":{"rendered":"https:\/\/algerienetwork.com\/international\/?p=15112"},"modified":"2018-12-22T15:03:28","modified_gmt":"2018-12-22T15:03:28","slug":"le-ministre-tunisien-de-la-sante-decede-lors-dun-marathon-contre-le-cancer","status":"publish","type":"post","link":"https:\/\/algerienetwork.com\/international\/le-ministre-tunisien-de-la-sante-decede-lors-dun-marathon-contre-le-cancer\/","title":{"rendered":"Le ministre tunisien de la Sant\u00e9 d\u00e9c\u00e8de lors d&rsquo;un marathon contre le cancer"},"content":{"rendered":"<p>Tunis | Le ministre tunisien de la Sant\u00e9 Slim Chaker, 56 ans, est d\u00e9c\u00e9d\u00e9 dimanche apr\u00e8s avoir fait un malaise cardiaque lors d\u2019un marathon organis\u00e9 au profit d\u2019une association luttant contre le cancer, a annonc\u00e9 le minist\u00e8re.<\/p>\n<p>\u00abJ\u2019ai perdu un fr\u00e8re et un coll\u00e8gue,\u00bb a \u00e9crit le premier ministre Youssef Chahed sur sa page Facebook. \u00abIl est parti (&#8230;) en faisant son devoir, et il est mort en faisant un noble acte humanitaire\u00bb, a-t-il ajout\u00e9.<\/p>\n<p>Le ministre avait couru dimanche matin quelque 500 m\u00e8tres d\u2019un marathon organis\u00e9 \u00e0 Nabeul par une association collectant des fonds pour construire un h\u00f4pital destin\u00e9 aux enfants canc\u00e9reux, a indiqu\u00e9 le service de communication du minist\u00e8re de la Sant\u00e9 \u00e0 l\u2019AFP.<\/p>\n<p>Le ministre a fait un discours puis il est mont\u00e9 dans sa voiture o\u00f9 il a fait un malaise, selon la m\u00eame source, et il est mort \u00e0 l\u2019h\u00f4pital militaire de Tunis o\u00f9 il avait \u00e9t\u00e9 transport\u00e9.<\/p>\n<p>M\u00e9dias et r\u00e9seaux sociaux ont rendu hommage \u00e0 cet ancien conseiller du pr\u00e9sident B\u00e9ji Ca\u00efd Essebsi, nomm\u00e9 au gouvernement lors du remaniement de septembre 2017.<\/p>\n<p>\u00abIl aura pay\u00e9 de son sang le prix de son engagement patriotique\u00bb, a notamment soulign\u00e9 sur Twitter le magazine tunisien Leaders.<\/p>\n<p>D\u2019autres internautes voulaient voir en lui une victime des d\u00e9faillances du syst\u00e8me de sant\u00e9 tunisien, qui n\u2019est pas parvenu \u00e0 le sauver.<\/p>\n<p>Slim Chaker avait d\u00e9j\u00e0 si\u00e9g\u00e9 au gouvernement \u00e0 plusieurs reprises depuis la r\u00e9volte de 2011, notamment comme ministre de la Jeunesse et des Sports, puis des Finances en 2016.<\/p>\n<p>AFP<\/p>\n","protected":false},"excerpt":{"rendered":"<p>Tunis | Le ministre tunisien de la Sant\u00e9 Slim Chaker, 56 ans, est d\u00e9c\u00e9d\u00e9 dimanche apr\u00e8s avoir fait un malaise cardiaque lors d\u2019un marathon organis\u00e9 au profit d\u2019une association luttant contre le cancer, a annonc\u00e9 le minist\u00e8re. \u00abJ\u2019ai perdu un fr\u00e8re et un coll\u00e8gue,\u00bb a \u00e9crit le premier ministre Youssef Chahed sur sa page Facebook. [&hellip;]<\/p>\n","protected":false},"author":1,"featured_media":15530,"comment_status":"open","ping_status":"open","sticky":false,"template":"","format":"standard","meta":{"tdm_status":"","tdm_grid_status":"","footnotes":""},"categories":[1],"tags":[],"class_list":{"0":"post-15112","1":"post","2":"type-post","3":"status-publish","4":"format-standard","5":"has-post-thumbnail","7":"category-uncategorized"},"_links":{"self":[{"href":"https:\/\/algerienetwork.com\/international\/wp-json\/wp\/v2\/posts\/15112","targetHints":{"allow":["GET"]}}],"collection":[{"href":"https:\/\/algerienetwork.com\/international\/wp-json\/wp\/v2\/posts"}],"about":[{"href":"https:\/\/algerienetwork.com\/international\/wp-json\/wp\/v2\/types\/post"}],"author":[{"embeddable":true,"href":"https:\/\/algerienetwork.com\/international\/wp-json\/wp\/v2\/users\/1"}],"replies":[{"embeddable":true,"href":"https:\/\/algerienetwork.com\/international\/wp-json\/wp\/v2\/comments?post=15112"}],"version-history":[{"count":0,"href":"https:\/\/algerienetwork.com\/international\/wp-json\/wp\/v2\/posts\/15112\/revisions"}],"wp:featuredmedia":[{"embeddable":true,"href":"https:\/\/algerienetwork.com\/international\/wp-json\/wp\/v2\/media\/15530"}],"wp:attachment":[{"href":"https:\/\/algerienetwork.com\/international\/wp-json\/wp\/v2\/media?parent=15112"}],"wp:term":[{"taxonomy":"category","embeddable":true,"href":"https:\/\/algerienetwork.com\/international\/wp-json\/wp\/v2\/categories?post=15112"},{"taxonomy":"post_tag","embeddable":true,"href":"https:\/\/algerienetwork.com\/international\/wp-json\/wp\/v2\/tags?post=15112"}],"curies":[{"name":"wp","href":"https:\/\/api.w.org\/{rel}","templated":true}]}}