{"id":15609,"date":"2019-01-03T20:33:55","date_gmt":"2019-01-03T20:33:55","guid":{"rendered":"https:\/\/algerienetwork.com\/international\/?p=15609"},"modified":"2019-01-03T20:35:39","modified_gmt":"2019-01-03T20:35:39","slug":"assad-vainqueur-dun-des-plus-brutaux-conflits-du-xxie-siecle","status":"publish","type":"post","link":"https:\/\/algerienetwork.com\/international\/assad-vainqueur-dun-des-plus-brutaux-conflits-du-xxie-siecle\/","title":{"rendered":"Assad vainqueur d\u2019un des plus brutaux conflits du XXIe si\u00e8cle"},"content":{"rendered":"<p><em>\u00abLes choses s\u2019acc\u00e9l\u00e8rent en cette fin d\u2019ann\u00e9e sur une note de triomphe pour le pr\u00e9sident syrien Bachar Al-Assad. Donald Trump a annonc\u00e9 un retrait imm\u00e9diat de ses troupes de Syrie. Une d\u00e9cision qui a \u00e9branl\u00e9 tout le monde, y compris ses propres g\u00e9n\u00e9raux et la sph\u00e8re diplomatique \u00e0 Washington. Il y a quelques jours, les \u00c9mirats arabes unis ont rouvert leur ambassade \u00e0 Damas, ferm\u00e9e depuis le d\u00e9clencheme<span class=\"text_exposed_show\">nt du conflit syrien en 2011, dans le cadre d\u2019une campagne de pression multinationale dirig\u00e9e contre le r\u00e9gime Al-Assad\u00bb, The Observer.<\/span><\/em><\/p>\n<div class=\"text_exposed_show\">\n<p>Longtemps mis au ban des accus\u00e9s par la communaut\u00e9 internationale, Bachar El Assad, fait un retour en force en Syrie et dans toute la r\u00e9gion, apr\u00e8s huit ans d&rsquo;une guerre d\u00e9vastatrice aux r\u00e9percussions mondiales, selon les experts. Cette guerre, qui s&rsquo;est complexifi\u00e9e au fil des ans avec l&rsquo;implication de puissances r\u00e9gionales et \u00e9trang\u00e8res ainsi que de groupes djihadistes, a fait depuis mars 2011 plus de 360 000 morts, des millions de r\u00e9fugi\u00e9s et a morcel\u00e9 la Syrie.<\/p>\n<p>En 2012, l&rsquo;ancien pr\u00e9sident am\u00e9ricain Barack Obama affirmait que \u00ab les jours d&rsquo;Assad \u00bb \u00e9taient \u00ab compt\u00e9s \u00bb et les Occidentaux et leurs alli\u00e9s arabes mettaient tout leur poids dans l&rsquo;opposition au pr\u00e9sident syrien, c&rsquo;\u00e9tait sans compter sur ses fideles alli\u00e9s, qui, six ans plus tard et gr\u00e2ce \u00e0 l&rsquo;intervention militaire cruciale de des russes depuis 2015, ses forces, aid\u00e9es \u00e9galement par l&rsquo;Iran et le Hezbollah libanais, contr\u00f4lent pr\u00e8s des deux tiers du pays apr\u00e8s en avoir chass\u00e9 rebelles ou djihadistes. Le dirigeant Syrien, semble bien partie pour reprendre le contr\u00f4le de tout le pays.<\/p>\n<p>A retenir: il ne faut jamais baisser les bras quand il s\u2019agit de pr\u00e9server la souverainet\u00e9 et l\u2019int\u00e9grit\u00e9 de son pays, contre tout plan diabolique de l\u2019Occident visant \u00e0 mener une strat\u00e9gie de balkanisation de la r\u00e9gion du Proche-Orient en vue de maintenir la mainmise des grandes puissances occidentales sur les ressources de la r\u00e9gion et pour assurer la s\u00e9curit\u00e9 d\u2019Isra\u00ebl. Les Libyens, dont le pays est plong\u00e9 dans le chaos total, doivent s\u2019inspirer de l\u2019exp\u00e9rience syrienne, pour reprendre leur destin en main.<\/p>\n<p>R. Bourahla<\/p>\n<\/div>\n","protected":false},"excerpt":{"rendered":"<p>\u00abLes choses s\u2019acc\u00e9l\u00e8rent en cette fin d\u2019ann\u00e9e sur une note de triomphe pour le pr\u00e9sident syrien Bachar Al-Assad. Donald Trump a annonc\u00e9 un retrait imm\u00e9diat de ses troupes de Syrie. Une d\u00e9cision qui a \u00e9branl\u00e9 tout le monde, y compris ses propres g\u00e9n\u00e9raux et la sph\u00e8re diplomatique \u00e0 Washington. Il y a quelques jours, les [&hellip;]<\/p>\n","protected":false},"author":1,"featured_media":15610,"comment_status":"open","ping_status":"open","sticky":false,"template":"","format":"standard","meta":{"tdm_status":"","tdm_grid_status":"","footnotes":""},"categories":[7],"tags":[],"class_list":{"0":"post-15609","1":"post","2":"type-post","3":"status-publish","4":"format-standard","5":"has-post-thumbnail","7":"category-edito"},"_links":{"self":[{"href":"https:\/\/algerienetwork.com\/international\/wp-json\/wp\/v2\/posts\/15609","targetHints":{"allow":["GET"]}}],"collection":[{"href":"https:\/\/algerienetwork.com\/international\/wp-json\/wp\/v2\/posts"}],"about":[{"href":"https:\/\/algerienetwork.com\/international\/wp-json\/wp\/v2\/types\/post"}],"author":[{"embeddable":true,"href":"https:\/\/algerienetwork.com\/international\/wp-json\/wp\/v2\/users\/1"}],"replies":[{"embeddable":true,"href":"https:\/\/algerienetwork.com\/international\/wp-json\/wp\/v2\/comments?post=15609"}],"version-history":[{"count":0,"href":"https:\/\/algerienetwork.com\/international\/wp-json\/wp\/v2\/posts\/15609\/revisions"}],"wp:featuredmedia":[{"embeddable":true,"href":"https:\/\/algerienetwork.com\/international\/wp-json\/wp\/v2\/media\/15610"}],"wp:attachment":[{"href":"https:\/\/algerienetwork.com\/international\/wp-json\/wp\/v2\/media?parent=15609"}],"wp:term":[{"taxonomy":"category","embeddable":true,"href":"https:\/\/algerienetwork.com\/international\/wp-json\/wp\/v2\/categories?post=15609"},{"taxonomy":"post_tag","embeddable":true,"href":"https:\/\/algerienetwork.com\/international\/wp-json\/wp\/v2\/tags?post=15609"}],"curies":[{"name":"wp","href":"https:\/\/api.w.org\/{rel}","templated":true}]}}