{"id":15654,"date":"2019-02-20T19:05:48","date_gmt":"2019-02-20T19:05:48","guid":{"rendered":"https:\/\/algerienetwork.com\/international\/?p=15654"},"modified":"2019-02-20T19:34:22","modified_gmt":"2019-02-20T19:34:22","slug":"antisionisme-antisemitisme-et-ideologie-coloniale","status":"publish","type":"post","link":"https:\/\/algerienetwork.com\/international\/antisionisme-antisemitisme-et-ideologie-coloniale\/","title":{"rendered":"Antisionisme, antis\u00e9mitisme et id\u00e9ologie coloniale"},"content":{"rendered":"<section id=\"chapo\" class=\"entry-summary chapeau chapeauunecol\">Dans le d\u00e9bat qui agite la France autour de l\u2019antis\u00e9mitisme, deux dimensions sont souvent absentes\u00a0: le fait que, durant la premi\u00e8re moiti\u00e9 du <span class=\"caps\">XX<\/span><sup class=\"typo_exposants\">e<\/sup>\u00a0si\u00e8cle, la grande majorit\u00e9 des juifs \u00e9tait hostile au sionisme (\u00e9taient-ils aussi antis\u00e9mites<small class=\"fine\">\u00a0<\/small>?)<small class=\"fine\">\u00a0<\/small>; que la caract\u00e9ristique principale de ce mouvement \u00e9tait de s\u2019inscrire dans une logique coloniale de conqu\u00eate et de peuplement. Extraits du livre d\u2019Alain Gresh, <i>Isra\u00ebl-Palestine, v\u00e9rit\u00e9s sur un conflit<\/i> (Fayard, 2017).<\/section>\n<section id=\"texte\" class=\"colonnes_texte entry-content\">\n<div class=\"col_unique\">\n<figure class=\"spip_documents logo_article spip_documents_center spip_lien_ok\"><a class=\"mediabox photoshow\" href=\"https:\/\/orientxxi.info\/IMG\/arton2921.jpg?1550574998\" type=\"image\/jpeg\" data-photo-w=\"1300\" data-photo-h=\"902\"><picture class=\"conteneur_image_responsive_h\"><img decoding=\"async\" class=\"image_responsive avec_picturefill\" src=\"https:\/\/orientxxi.info\/local\/cache-responsive\/cache-360\/bac4ed1593622696a0e37e717c335cfe.jpg?1550575275\" alt=\"\" data-src=\"IMG\/arton2921.jpg\" data-l=\"1300\" data-h=\"902\" data-tailles=\"[\\&quot;360\\&quot;,\\&quot;580\\&quot;,\\&quot;800\\&quot;,\\&quot;1090\\&quot;]\" \/><\/picture> <\/a><\/figure>\n<aside id=\"infos\">\n<div class=\"pave_h3\">\n<div class=\"contenu_h3\">\n<div class=\"spip_document_1848 spip_documents spip_documents_liste\">\n<p><span class=\"logo\"><picture class=\"conteneur_image_responsive_h\"><img decoding=\"async\" class=\"image_responsive\" src=\"https:\/\/orientxxi.info\/local\/cache-responsive\/cache-400\/9e717da71160da079bb16a31f175fff69e717da71160da079bb16a31f175fff6-2.jpg?1550575278\" alt=\"\" data-src=\"IMG\/jpg\/israel.jpg\" data-l=\"600\" data-h=\"971\" data-tailles=\"[\\&quot;100\\&quot;,\\&quot;240\\&quot;,\\&quot;400\\&quot;]\" data-autorisees=\"{&quot;100&quot;:{&quot;1&quot;:&quot;local\\\/cache-responsive\\\/cache-100\\\/9e717da71160da079bb16a31f175fff6.jpg?1550575277&quot;,&quot;2&quot;:&quot;local\\\/cache-responsive\\\/cache-100\\\/9e717da71160da079bb16a31f175fff69e717da71160da079bb16a31f175fff6-2.jpg?1550575277&quot;},&quot;240&quot;:{&quot;1&quot;:&quot;local\\\/cache-responsive\\\/cache-240\\\/9e717da71160da079bb16a31f175fff6.jpg?1550575277&quot;,&quot;2&quot;:&quot;local\\\/cache-responsive\\\/cache-240\\\/9e717da71160da079bb16a31f175fff69e717da71160da079bb16a31f175fff6-2.jpg?1550575277&quot;},&quot;400&quot;:{&quot;1&quot;:&quot;local\\\/cache-responsive\\\/cache-400\\\/9e717da71160da079bb16a31f175fff6.jpg?1550575277&quot;,&quot;2&quot;:&quot;local\\\/cache-responsive\\\/cache-400\\\/9e717da71160da079bb16a31f175fff69e717da71160da079bb16a31f175fff6-2.jpg?1550575278&quot;}}\" \/><\/picture><\/span><\/p>\n<p><span class=\"titre\">Alain Gresh, <i>Isra\u00ebl, Palestine. V\u00e9rit\u00e9s sur un conflit<\/i> <\/span> <span class=\"descriptif\">\u00c9dition actualis\u00e9e, Fayard, coll. \u00ab<small class=\"fine\">\u00a0<\/small>Pluriel<small class=\"fine\">\u00a0<\/small>\u00bb, 2017. \u2014 328 p. <\/span><\/p>\n<\/div>\n<\/div>\n<\/div>\n<\/aside>\n<div class=\"texte_article\">\n<p>Le sionisme n\u2019a \u00e9t\u00e9 que l\u2019une des r\u00e9ponses possibles, longtemps tr\u00e8s minoritaire, \u00e0 la \u00ab<small class=\"fine\">\u00a0<\/small>question juive<small class=\"fine\">\u00a0<\/small>\u00bb. Durant la fin du <span class=\"caps\">XIX<\/span><sup class=\"typo_exposants\">e<\/sup>\u00a0si\u00e8cle et avant la premi\u00e8re guerre mondiale, la grande majorit\u00e9 des juifs d\u2019Europe centrale et de Russie \u00ab<small class=\"fine\">\u00a0<\/small>vote avec ses pieds<small class=\"fine\">\u00a0<\/small>\u00bb, en \u00e9migrant massivement \u00e0 l\u2019ouest, et notamment aux \u00c9tats-Unis, la Terre promise de tant de laiss\u00e9s-pour-compte\u2026 D\u2019autres, nombreux, font le pari de l\u2019int\u00e9gration. \u00c0 partir de 1880, et malgr\u00e9 l\u2019antis\u00e9mitisme, le nombre de mariages mixtes chez les juifs allemands ne cesse d\u2019augmenter\u00a0: entre 1901 et 1929, la proportion passe de 16,9 \u00e0 59<small class=\"fine\">\u00a0<\/small>%. En France aussi, cette \u00ab<small class=\"fine\">\u00a0<\/small>assimilation<small class=\"fine\">\u00a0<\/small>\u00bb s\u2019acc\u00e9l\u00e8re. La participation active des juifs aux mouvements r\u00e9volutionnaires transnationaux, notamment socialistes et communistes, qui pr\u00f4nent la fraternit\u00e9 universelle, peut \u00eatre consid\u00e9r\u00e9e comme une autre de leurs r\u00e9pliques aux discriminations dont ils sont l\u2019objet. Quant aux religieux, ils rejettent pour la plupart le sionisme\u00a0: l\u2019\u00c9tat juif ne peut rena\u00eetre et le Temple ne peut \u00eatre relev\u00e9 qu\u2019avec la venue du Messie.<\/p>\n<h3 class=\"spip\">Les r\u00e9ticences d\u2019Albert Einstein<\/h3>\n<p>Le sionisme n\u2019est pas le seul mouvement organis\u00e9 sp\u00e9cifique des juifs de l\u2019Est. En 1897 est cr\u00e9\u00e9 le Bund, l\u2019Union g\u00e9n\u00e9rale des ouvriers juifs de Lituanie, Pologne et Russie. Il concurrencera le sionisme jusque dans les ann\u00e9es\u00a01930. Il se veut nationaliste et socialiste, se fonde sur des principes de classe, pr\u00f4ne le yiddish comme langue nationale et une autonomie politico-culturelle conforme aux th\u00e8ses de ceux que l\u2019on appelle les \u00ab<small class=\"fine\">\u00a0<\/small>austro-marxistes<small class=\"fine\">\u00a0<\/small>\u00bb. Les bundistes appellent \u00e0 l\u2019\u00e9mancipation \u00ab<small class=\"fine\">\u00a0<\/small>sur place<small class=\"fine\">\u00a0<\/small>\u00bb des masses juives, r\u00e9p\u00e9tant\u00a0: \u00ab<small class=\"fine\">\u00a0<\/small><i>Les palmiers et les vignobles de Palestine me sont \u00e9trangers.<small class=\"fine\">\u00a0<\/small>\u00bb<\/i> Ils pr\u00eachent la solidarit\u00e9 des ouvriers juifs avec la classe ouvri\u00e8re internationale et opposent le patriotisme de la <i>galout<\/i> (l\u2019\u00ab<small class=\"fine\">\u00a0<\/small>exil<small class=\"fine\">\u00a0<\/small>\u00bb) au patriotisme sioniste. Tomb\u00e9 dans l\u2019oubli, ce mouvement signera des pages glorieuses de l\u2019histoire de l\u2019Europe centrale, notamment par son r\u00f4le dans l\u2019insurrection du ghetto de Varsovie en 1943. Il sera finalement \u00e9cras\u00e9 en Pologne par les nazis et en Union sovi\u00e9tique par les communistes, dont les positions sur la \u00ab<small class=\"fine\">\u00a0<\/small>question juive<small class=\"fine\">\u00a0<\/small>\u00bb fluctueront au gr\u00e9 des \u00e9v\u00e9nements et des retournements de doctrine. Pour concurrencer le sionisme, l\u2019<span class=\"caps\">URSS<\/span> va jusqu\u2019\u00e0 concevoir une r\u00e9publique autonome juive, le Birobidjan, \u00e0 l\u2019extr\u00e9mit\u00e9 orientale de la Sib\u00e9rie.<\/p>\n<p>La cr\u00e9ation de l\u2019\u00c9tat d\u2019Isra\u00ebl consacre la victoire du mouvement sioniste, victoire qu\u2019ont rendue possible l\u2019antis\u00e9mitisme hitl\u00e9rien et le g\u00e9nocide. Cet \u00c9tat regroupe une proportion croissante des juifs du monde \u2013 quelle que soit la d\u00e9finition que l\u2019on donne \u00e0 ce terme \u2013, mais inf\u00e9rieure \u00e0 40<small class=\"fine\">\u00a0<\/small>%. Des centaines de milliers d\u2019entre eux ont pr\u00e9f\u00e9r\u00e9 l\u2019int\u00e9gration, aux \u00c9tats-Unis ou en Europe, m\u00eame si Isra\u00ebl r\u00e9ussit d\u00e9sormais \u00e0 en mobiliser une fraction importante en faveur de ses options. Ils se sentent, \u00e0 juste titre, davantage en s\u00e9curit\u00e9 \u00e0 New York ou \u00e0 Paris qu\u2019\u00e0 Tel-Aviv ou \u00e0 J\u00e9rusalem. Faut-il se r\u00e9jouir du triomphe de ce nationalisme \u00e9troit, autour d\u2019un \u00c9tat<small class=\"fine\">\u00a0<\/small>? Bien que sioniste, Albert Einstein exprimait ses inqui\u00e9tudes\u00a0: <i>\u00ab<small class=\"fine\">\u00a0<\/small>La mani\u00e8re dont je con\u00e7ois la nature essentielle du juda\u00efsme r\u00e9siste \u00e0 l\u2019id\u00e9e d\u2019un \u00c9tat juif, avec des fronti\u00e8res, une arm\u00e9e et une certaine mesure de pouvoir temporel, quelque modeste qu\u2019il soit. J\u2019ai peur des d\u00e9g\u00e2ts internes que cela entra\u00eenera sur le juda\u00efsme \u2014 et surtout du d\u00e9veloppement d\u2019un nationalisme \u00e9troit dans nos propres rangs [\u2026]. Un retour \u00e0 une nation, au sens politique du terme, \u00e9quivaudrait \u00e0 se d\u00e9tourner de la spiritualit\u00e9 de notre communaut\u00e9, spiritualit\u00e9 \u00e0 laquelle nous devons le g\u00e9nie de nos proph\u00e8tes.<small class=\"fine\">\u00a0<\/small>\u00bb<\/i><\/p>\n<p><i>\u00ab<small class=\"fine\">\u00a0<\/small>Le sionisme n\u2019est pas le corollaire obligatoire, fatal, de la persistance d\u2019une identit\u00e9 juive,<\/i> remarque Maxime Rodinson<small class=\"fine\">\u00a0<\/small>; <i>ce n\u2019est qu\u2019une option.<small class=\"fine\">\u00a0<\/small>\u00bb<\/i> Et cette option est critiquable, non seulement comme toute id\u00e9ologie nationaliste, mais aussi parce que son aboutissement \u2014 la cr\u00e9ation d\u2019un \u00c9tat juif \u2014 n\u2019\u00e9tait possible que par la d\u00e9possession des Palestiniens. Le sionisme s\u2019est pleinement inscrit \u2014 et ce fut l\u2019une des conditions majeures de sa victoire \u2014 dans l\u2019aventure coloniale. Ce fut et cela reste sa principale faute.<\/p>\n<h3 class=\"spip\">Rien de commun avec ce que l\u2019on appelle \u00ab<small class=\"fine\">\u00a0<\/small>l\u2019Orient<small class=\"fine\">\u00a0<\/small>\u00bb<\/h3>\n<p>Le d\u00e9vouement ou l\u2019id\u00e9alisme de nombre de militants sionistes n\u2019est pas en cause. Un jeune juif d\u00e9barqu\u00e9 sur la Terre promise en 1926 pouvait \u00e9crire\u00a0: \u00ab<small class=\"fine\">\u00a0<\/small><i> Je peux \u00eatre fier car depuis un an que je suis en Palestine, je me suis d\u00e9barrass\u00e9 de la gangue d\u2019impuret\u00e9 de la diaspora et je me suis purifi\u00e9 du mieux possible. Je voulais une patrie. \u00catre un homme comme les autres, \u00e9gal aux autres, fier comme eux d\u2019\u00eatre en Palestine. D\u00e8s l\u2019instant o\u00f9 mes pieds ont foul\u00e9 la terre de mes anc\u00eatres, j\u2019ai rompu tout lien avec l\u2019Europe et l\u2019Am\u00e9rique.<small class=\"fine\">\u00a0<\/small>\u00bb<\/i> Il changea de nom, se fit appeler Cha\u00efm Shalom et d\u00e9clara\u00a0: <i>\u00ab<small class=\"fine\">\u00a0<\/small>Je suis h\u00e9breu et mon nom est h\u00e9breu car je suis issu du pays des H\u00e9breux.<small class=\"fine\">\u00a0<\/small>\u00bb<\/i><\/p>\n<aside id=\"appel_newsletter\" class=\"includestatic_loaded\">\n<div id=\"la_lettre\"><\/div>\n<\/aside>\n<\/div>\n<\/div>\n<\/section>\n<aside id=\"appel_newsletter\" class=\"includestatic_loaded\">\n<div id=\"la_lettre\">\n<form accept-charset=\"utf-8\" action=\"http:\/\/newsletter.sharedbox.com\/user\/process.php?sExternalid=0774da3c82ae96071e69f6ccb7e9d382\" method=\"post\" name=\"signup\"><\/form>\n<\/div>\n<\/aside>\n<p>En d\u00e9pit d\u2019un credo socialiste \u2014 ou parfois \u00e0 cause de lui\u00a0\u2014, les sionistes ressemblaient aux colons install\u00e9s en Alg\u00e9rie ou en Afrique du Sud, convaincus de faire progresser la civilisation face \u00e0 des populations sauvages. Le sionisme en Palestine, malgr\u00e9 des formes particuli\u00e8res, se rattache au mouvement de colonisation sur deux plans\u00a0: par son attitude \u00e0 l\u2019\u00e9gard des populations \u00ab<small class=\"fine\">\u00a0<\/small>autochtones<small class=\"fine\">\u00a0<\/small>\u00bb<small class=\"fine\">\u00a0<\/small>; par sa d\u00e9pendance \u00e0 l\u2019\u00e9gard d\u2019une m\u00e9tropole, la Grande-Bretagne, au moins jusqu\u2019en 1939. D\u2019ailleurs, \u00e0 l\u2019\u00e9poque o\u00f9 le colonialisme n\u2019avait pas la connotation n\u00e9gative qu\u2019il a aujourd\u2019hui, Theodor Herzl \u00e9crivait \u00e0 Cecil Rhodes, l\u2019un des conqu\u00e9rants britanniques de l\u2019Afrique australe\u00a0: \u00ab<small class=\"fine\">\u00a0<\/small><i>Mon programme est un programme colonial.<small class=\"fine\">\u00a0<\/small>\u00bb<\/i> Zeev Jabotinsky, le dirigeant du mouvement sioniste r\u00e9visionniste, pour sa part, se r\u00e9jouissait\u00a0: <i>\u00ab<small class=\"fine\">\u00a0<\/small>Dieu merci, nous juifs n\u2019avons rien en commun avec ce que l\u2019on appelle l\u2019\u201cOrient\u201d. Nous devons venir en aide \u00e0 ceux parmi le peuple qui sont incultes et qui s\u2019inscrivent dans des traditions et des lois spirituelles archa\u00efques orientales. Nous allons en Palestine d\u2019abord pour notre \u201cbien-\u00eatre\u201d national, ensuite pour en expurger syst\u00e9matiquement toute trace de l\u2019\u201c\u00e2me orientale\u201d.<small class=\"fine\">\u00a0<\/small>\u00bb<\/i><\/p>\n<p>Mordecha\u00ef Ben Hillel Ha Cohen, un juif install\u00e9 \u00e0 J\u00e9rusalem, note\u00a0: <i>\u00ab<small class=\"fine\">\u00a0<\/small>Nous sommes en Palestine la population la plus civilis\u00e9e, personne ne peut rivaliser avec nous sur le plan culturel. La plupart des indig\u00e8nes sont des fellahs et des b\u00e9douins ignorant tout de la culture occidentale. Du temps sera encore n\u00e9cessaire avant qu\u2019ils apprennent \u00e0 vivre sans rapines, vols et autres forfaits, jusqu\u2019\u00e0 ce qu\u2019ils \u00e9prouvent de la honte devant leur nudit\u00e9 et leurs pieds nus et qu\u2019ils adoptent un mode d\u2019existence o\u00f9 pr\u00e9vaudra la propri\u00e9t\u00e9 priv\u00e9e, et o\u00f9 il sera n\u00e9cessaire que des routes soient trac\u00e9es et les chauss\u00e9es goudronn\u00e9es, que les \u00e9coles, les maisons de charit\u00e9 et les tribunaux essaiment sans qu\u2019il y ait de corruption.<small class=\"fine\">\u00a0<\/small>\u00bb<\/i> Mais l\u2019insondable \u00ab<small class=\"fine\">\u00a0<\/small>\u00e2me orientale<small class=\"fine\">\u00a0<\/small>\u00bb semble r\u00e9sister \u00e0 des d\u00e9cennies de civilisation puisque Mosh\u00e9 Katsav, alors pr\u00e9sident d\u2019Isra\u00ebl, d\u00e9clare en mai\u00a02001\u00a0: <i>\u00ab<small class=\"fine\">\u00a0<\/small>Il existe une immense fracture entre nous<\/i> [les juifs] <i>et nos ennemis, pas seulement en ce qui concerne les capacit\u00e9s, mais aussi sur le plan de la morale, de la culture, du caract\u00e8re sacr\u00e9 de la vie et de la conscience [\u2026]. Ils sont nos voisins ici, mais on a l\u2019impression qu\u2019\u00e0 une distance de quelques centaines de m\u00e8tres il y a des gens qui ne sont pas de notre continent, de notre monde, mais qui finalement appartiennent \u00e0 une autre galaxie.<small class=\"fine\">\u00a0<\/small>\u00bb<\/i> Sont-ils humains, ces Palestiniens<small class=\"fine\">\u00a0<\/small>?<\/p>\n<h3 class=\"spip\">Les Palestiniens comme animaux sauvages<\/h3>\n<p>\u00c0 la suite d\u2019\u00e9meutes \u00e0 Jaffa en 1921, une commission d\u2019enqu\u00eate britannique note que le mouvement ne constituait nullement un pogrom antis\u00e9mite, mais que les insurg\u00e9s ha\u00efssaient les sionistes, non les juifs. Le <i>Jewish Chronicle<\/i>, organe des juifs britanniques, s\u2019insurge\u00a0: <i>\u00ab<small class=\"fine\">\u00a0<\/small>Essayez d\u2019imaginer que les animaux sauvages du parc zoologique sortent de leur cage et tuent quelques-uns des visiteurs, et que la commission charg\u00e9e d\u2019enqu\u00eater sur les circonstances \u00e9tablisse que la raison du drame est que les animaux n\u2019aimaient pas leurs victimes. Comme s\u2019il ne relevait pas du devoir de la direction du zoo de garder les animaux dans leurs cages et de s\u2019assurer qu\u2019elles soient bien ferm\u00e9es.<small class=\"fine\">\u00a0<\/small>\u00bb<\/i> Quelle franchise<small class=\"fine\">\u00a0<\/small>! Frantz Fanon, psychiatre antillais ralli\u00e9 \u00e0 la r\u00e9volution alg\u00e9rienne, auteur d\u2019un pamphlet c\u00e9l\u00e8bre, <i>Les Damn\u00e9s de la terre<\/i> (1961), constate\u00a0: <i>\u00ab<small class=\"fine\">\u00a0<\/small>Le langage du colon, quand il parle du colonis\u00e9, est un langage zoologique. On fait allusion aux mouvements de reptation du Jaune, aux \u00e9manations de la ville indig\u00e8ne, aux hordes, \u00e0 la puanteur, au pullulement, au grouillement, aux gesticulations. Le colon, quand il veut bien d\u00e9crire et trouver le mot juste, se r\u00e9f\u00e8re constamment au bestiaire.<small class=\"fine\">\u00a0<\/small>\u00bb<\/i><\/p>\n<p>La conqu\u00eate de la terre comme le \u00ab<small class=\"fine\">\u00a0<\/small>refoulement<small class=\"fine\">\u00a0<\/small>\u00bb des autochtones confirment la dimension coloniale du mouvement sioniste. L\u2019un de ses cadres reconna\u00eet d\u00e8s les ann\u00e9es\u00a01910\u00a0: <i>\u00ab<small class=\"fine\">\u00a0<\/small>La question arabe s\u2019est r\u00e9v\u00e9l\u00e9e dans toute son acuit\u00e9 d\u00e8s le premier achat de terres, lorsque je dus expulser pour la premi\u00e8re fois des habitants arabes pour y installer \u00e0 la place nos fr\u00e8res. Longtemps apr\u00e8s continua de r\u00e9sonner \u00e0 mes oreilles la triste complainte des b\u00e9douins rassembl\u00e9s cette nuit-l\u00e0 autour de la tente des pourparlers, avant qu\u2019ils ne quittent le village de Shamsin [\u2026]. J\u2019avais le c\u0153ur serr\u00e9 et je compris alors \u00e0 quel point le B\u00e9douin \u00e9tait attach\u00e9 \u00e0 sa terre.<small class=\"fine\">\u00a0<\/small>\u00bb<\/i> M\u00e8tre carr\u00e9 apr\u00e8s m\u00e8tre carr\u00e9, les colons juifs s\u2019emparent des terres, repoussant les Arabes.<\/p>\n<p>Aucun compromis n\u2019est possible, Ben Gourion en a bien conscience\u00a0: <i>\u00ab<small class=\"fine\">\u00a0<\/small>Tout le monde consid\u00e8re les relations entre juifs et Arabes comme probl\u00e9matiques. Mais ils ne voient pas tous que cette question est insoluble. Il n\u2019y a pas de solution<small class=\"fine\">\u00a0<\/small>! Un gouffre s\u00e9pare les deux communaut\u00e9s. [\u2026] Nous voulons que la Palestine soit notre nation. Les Arabes veulent exactement la m\u00eame chose.<small class=\"fine\">\u00a0<\/small>\u00bb<\/i><\/p>\n<p>Isra\u00ebl Zangwill, un proche de Theodor Herzl, explique dans la presse britannique durant la Premi\u00e8re Guerre mondiale\u00a0: <i>\u00ab<small class=\"fine\">\u00a0<\/small>Si l\u2019on pouvait exproprier, avec compensation, les 600\u00a0000\u00a0Arabes de Palestine, ou si l\u2019on pouvait les amener \u00e0 \u00e9migrer en Arabie, car ils se d\u00e9placent facilement<\/i> [sic<small class=\"fine\">\u00a0<\/small>!],<i>ce serait la solution de la plus grande difficult\u00e9 du sionisme.<small class=\"fine\">\u00a0<\/small>\u00bb<\/i> Herzl avoue dans son journal en 1895\u00a0: <i>\u00ab<small class=\"fine\">\u00a0<\/small>Nous devons les exproprier gentiment. Le processus d\u2019expropriation et de d\u00e9placement des pauvres doit \u00eatre accompli \u00e0 la fois secr\u00e8tement et avec prudence.<small class=\"fine\">\u00a0<\/small>\u00bb<\/i> Il sera achev\u00e9, sur une grande \u00e9chelle, en 1948-1949.<\/p>\n<h3 class=\"spip\">L\u2019appui indispensable de Londres<\/h3>\n<p>Il est vrai que les juifs ne d\u00e9barquent pas d\u2019une \u00ab<small class=\"fine\">\u00a0<\/small>m\u00e9tropole<small class=\"fine\">\u00a0<\/small>\u00bb. Ils arrivent de diff\u00e9rents pays et ne peuvent envisager de \u00ab<small class=\"fine\">\u00a0<\/small>retourner<small class=\"fine\">\u00a0<\/small>\u00bb en Russie ou en Pologne, comme d\u2019ailleurs les Europ\u00e9ens blancs, protestants en majorit\u00e9, install\u00e9s aux Am\u00e9riques et qui enferment les Indiens dans des r\u00e9serves apr\u00e8s avoir essay\u00e9 \u2013 et largement r\u00e9ussi \u2013 de les exterminer. Mais le mouvement sioniste b\u00e9n\u00e9ficie tout de m\u00eame du soutien de Londres, sans lequel il serait vou\u00e9 \u00e0 l\u2019\u00e9chec\u00a0: ainsi, pour la seule d\u00e9cennie qui suit l\u2019instauration du mandat en 1922, on compte 250\u00a0000\u00a0immigr\u00e9s, plus du double par rapport \u00e0 la d\u00e9cennie pr\u00e9c\u00e9dente. <i>\u00ab<small class=\"fine\">\u00a0<\/small>Pendant tout mon service en Palestine,<\/i> \u00e9crit Arthur Wauchope, le haut-commissaire britannique qui s\u00e9vit \u00e0 J\u00e9rusalem \u00e0 partir de 1931, <i> je consid\u00e9rais de mon devoir d\u2019encourager le peuplement juif et je n\u2019avais d\u2019autre ambition que de voir sa s\u00e9curit\u00e9 assur\u00e9e.<small class=\"fine\">\u00a0<\/small>\u00bb<\/i> Il \u00e9voque d\u2019ailleurs la \u00ab<small class=\"fine\">\u00a0<\/small>grande aventure<small class=\"fine\">\u00a0<\/small>\u00bb de la colonisation. Ni l\u2019\u00e9migration, ni l\u2019achat de terres, ni la cr\u00e9ation de structures \u00e9tatiques n\u2019auraient \u00e9t\u00e9 possibles sans le parapluie britannique. Bien s\u00fbr, il pouvait surgir des contradictions entre les int\u00e9r\u00eats du <i>yishouv<\/i> (la communaut\u00e9 juive de Palestine) et ceux de Londres, mais, au moins jusqu\u2019en 1939, elles furent secondaires.<\/p>\n<p>Cette alliance est servie par ce que j\u2019appellerais les \u00ab<small class=\"fine\">\u00a0<\/small>affinit\u00e9s culturelles<small class=\"fine\">\u00a0<\/small>\u00bb. Je prends un exemple. \u00c0 la suite des violentes \u00e9meutes qui \u00e9clatent en Palestine en 1929, de nombreux responsables britanniques, sur place ou en Grande-Bretagne, sont convaincus de la n\u00e9cessit\u00e9 d\u2019un changement de cap passant par la restriction de l\u2019immigration et de l\u2019achat de terres. Le minist\u00e8re des colonies pr\u00e9pare en octobre 1930 un Livre blanc reprenant ces propositions. Mais Weizmann fait jouer toutes ses relations, Ben Gourion consulte le chef du gouvernement britannique et obtient une garantie de la libert\u00e9 d\u2019immigration et d\u2019achat de terres, qualifi\u00e9e de \u00ab<small class=\"fine\">\u00a0<\/small>lettre noire<small class=\"fine\">\u00a0<\/small>\u00bb par les Arabes. Le premier ministre britannique discute m\u00eame avec le num\u00e9ro un sioniste le moyen de privil\u00e9gier les juifs dans les arrangements, au d\u00e9triment du principe de la parit\u00e9 (traitement \u00e9galitaire des juifs et des Arabes) affirm\u00e9 publiquement.<\/p>\n<p>Cet \u00e9clatant succ\u00e8s, le mouvement le doit \u00e0 son entregent, \u00e0 ses contacts politiques, \u00e0 sa connaissance du syst\u00e8me politique britannique. Les sionistes ont plus de chances de se faire entendre que les repr\u00e9sentants arabes ou palestiniens, dont la culture, les traditions, le mode m\u00eame de n\u00e9gociation sont \u00e9trangers aux Europ\u00e9ens. Les sionistes sont des Occidentaux qui parlent \u00e0 des Occidentaux. Cet atout, ils en useront \u00e0 chaque \u00e9tape du conflit. Isra\u00ebl, pour reprendre l\u2019expression de Maxime Rodinson, est un \u00ab<small class=\"fine\">\u00a0<\/small>fait colonial<small class=\"fine\">\u00a0<\/small>\u00bb. Comme l\u2019Australie ou les \u00c9tats-Unis, le pays est n\u00e9 d\u2019une conqu\u00eate, de l\u2019expropriation des autochtones. En revanche il n\u2019est pas, contrairement \u00e0 l\u2019Afrique du Sud de l\u2019apartheid, une \u00ab<small class=\"fine\">\u00a0<\/small>soci\u00e9t\u00e9 coloniale<small class=\"fine\">\u00a0<\/small>\u00bb, une soci\u00e9t\u00e9 qui a besoin des \u00ab<small class=\"fine\">\u00a0<\/small>indig\u00e8nes<small class=\"fine\">\u00a0<\/small>\u00bb pour survivre.<\/p>\n<p>D\u2019autre part, m\u00eame s\u2019il a \u00e9t\u00e9 b\u00e2ti sur une injustice, Isra\u00ebl est d\u00e9sormais un \u00c9tat reconnu par la communaut\u00e9 internationale, par les Nations unies. Penser, comme l\u2019ont fait et continuent de le faire certains, que l\u2019on peut \u00ab<small class=\"fine\">\u00a0<\/small>expulser<small class=\"fine\">\u00a0<\/small>\u00bb les Isra\u00e9liens, les renvoyer \u00ab<small class=\"fine\">\u00a0<\/small>chez eux<small class=\"fine\">\u00a0<\/small>\u00bb, n\u2019est ni moralement d\u00e9fendable ni politiquement r\u00e9aliste. Une injustice ne peut \u00eatre r\u00e9par\u00e9e par une autre injustice. Vivent d\u00e9sormais en Terre sainte deux peuples, l\u2019un isra\u00e9lien, l\u2019autre palestinien. On peut r\u00eaver, comme le font quelques intellectuels palestiniens et isra\u00e9liens, qu\u2019un seul \u00c9tat pourrait les regrouper<small class=\"fine\">\u00a0<\/small>; c\u2019est une belle utopie, que notre g\u00e9n\u00e9ration ne verra pas se r\u00e9aliser. Et, quoi qu\u2019il en soit, aucune solution ne pourra \u00eatre impos\u00e9e de fa\u00e7on unilat\u00e9rale aux Palestiniens ni aux Isra\u00e9liens.<\/p>\n<p><a href=\"https:\/\/orientxxi.info\/fr\/auteur\/alain-gresh\"><strong>Alain Gresh<\/strong><\/a><\/p>\n","protected":false},"excerpt":{"rendered":"<p>Dans le d\u00e9bat qui agite la France autour de l\u2019antis\u00e9mitisme, deux dimensions sont souvent absentes\u00a0: le fait que, durant la premi\u00e8re moiti\u00e9 du XXe\u00a0si\u00e8cle, la grande majorit\u00e9 des juifs \u00e9tait hostile au sionisme (\u00e9taient-ils aussi antis\u00e9mites\u00a0?)\u00a0; que la caract\u00e9ristique principale de ce mouvement \u00e9tait de s\u2019inscrire dans une logique coloniale de conqu\u00eate et de peuplement. [&hellip;]<\/p>\n","protected":false},"author":1,"featured_media":15658,"comment_status":"open","ping_status":"open","sticky":false,"template":"","format":"standard","meta":{"tdm_status":"","tdm_grid_status":"","footnotes":""},"categories":[20,22],"tags":[],"class_list":{"0":"post-15654","1":"post","2":"type-post","3":"status-publish","4":"format-standard","5":"has-post-thumbnail","7":"category-moyen-orient","8":"category-palestine"},"_links":{"self":[{"href":"https:\/\/algerienetwork.com\/international\/wp-json\/wp\/v2\/posts\/15654","targetHints":{"allow":["GET"]}}],"collection":[{"href":"https:\/\/algerienetwork.com\/international\/wp-json\/wp\/v2\/posts"}],"about":[{"href":"https:\/\/algerienetwork.com\/international\/wp-json\/wp\/v2\/types\/post"}],"author":[{"embeddable":true,"href":"https:\/\/algerienetwork.com\/international\/wp-json\/wp\/v2\/users\/1"}],"replies":[{"embeddable":true,"href":"https:\/\/algerienetwork.com\/international\/wp-json\/wp\/v2\/comments?post=15654"}],"version-history":[{"count":0,"href":"https:\/\/algerienetwork.com\/international\/wp-json\/wp\/v2\/posts\/15654\/revisions"}],"wp:featuredmedia":[{"embeddable":true,"href":"https:\/\/algerienetwork.com\/international\/wp-json\/wp\/v2\/media\/15658"}],"wp:attachment":[{"href":"https:\/\/algerienetwork.com\/international\/wp-json\/wp\/v2\/media?parent=15654"}],"wp:term":[{"taxonomy":"category","embeddable":true,"href":"https:\/\/algerienetwork.com\/international\/wp-json\/wp\/v2\/categories?post=15654"},{"taxonomy":"post_tag","embeddable":true,"href":"https:\/\/algerienetwork.com\/international\/wp-json\/wp\/v2\/tags?post=15654"}],"curies":[{"name":"wp","href":"https:\/\/api.w.org\/{rel}","templated":true}]}}