{"id":2574,"date":"2015-09-18T18:36:11","date_gmt":"2015-09-18T18:36:11","guid":{"rendered":"http:\/\/algerienetwork.com\/canada\/?p=2574"},"modified":"2015-09-18T18:36:11","modified_gmt":"2015-09-18T18:36:11","slug":"ou-est-la-contribution-de-mme-houda-pepin","status":"publish","type":"post","link":"https:\/\/algerienetwork.com\/international\/ou-est-la-contribution-de-mme-houda-pepin\/","title":{"rendered":"O\u00f9 est la contribution de Mme Houda-Pepin?"},"content":{"rendered":"<p>Haroun Bouazzi &#8211; <i>Copr\u00e9sident de l\u2019Association des musulmans et des Arabes pour la la\u00efcit\u00e9 au Qu\u00e9bec (AMAL-Qu\u00e9bec)<\/i> <span class=\"splitter\">|<\/span> <a class=\"section\" href=\"http:\/\/www.ledevoir.com\/politique\/quebec\">Qu\u00e9bec<\/a><\/p>\n<p><a href=\"http:\/\/www.ledevoir.com\/societe\/actualites-en-societe\/449975\/oui-l-islamisme-radical-existe-ici\" target=\"_blank\">Dans sa lettre ouverte du 14\u00a0septembre<\/a>, Fatima Houda-Pepin affirme \u2014 et elle a raison \u2014 que l\u2019islamisme radical existe au Qu\u00e9bec. Elle se lance donc dans un plaidoyer contre cette r\u00e9alit\u00e9. Mais elle se base, et c\u2019est regrettable, sur une s\u00e9rie d\u2019affirmations erron\u00e9es. Elle commence par une s\u00e9rie de chiffres, donnant l\u2019impression d\u2019une invasion du Qu\u00e9bec par des immigrants musulmans, qui seraient d\u2019apr\u00e8s elle un demi-million alors qu\u2019ils sont actuellement 300\u00a0000, soit 3\u00a0% de la population.<\/p>\n<p>Elle poursuit en affirmant par exemple que <em>\u00ab<\/em><em>\u00a0<\/em><em>des imams pay\u00e9s par l\u2019Arabie saoudite sont envoy\u00e9s en mission pour soumettre les musulmans \u00e0 l\u2019arbitraire de la charia wahhabite<\/em><em>\u00a0<\/em><em>\u00bb<\/em>. La charia wahhabite. Celle-l\u00e0 m\u00eame par laquelle on coupe des mains et on lapide les adult\u00e8res. Et elle ajoute que les imams agissent d\u00e9j\u00e0<em> \u00ab<\/em><em>\u00a0<\/em><em>comme juges appliquant la charia<\/em><em>\u00a0<\/em><em>\u00bb<\/em>. A-t-elle des exemples de ces <em>\u00ab<\/em><em>\u00a0<\/em><em>sanctions islamiques<\/em><em>\u00a0<\/em><em>\u00bb<\/em> qui iraient \u00e0 l\u2019encontre des lois qu\u00e9b\u00e9coises et canadiennes\u00a0? Si oui, qu\u2019elle les porte au plus vite au SPVM\u00a0! Demeurant vague sur le nombre de ces mosqu\u00e9es salafistes, elle g\u00e9n\u00e9ralise implicitement si bien qu\u2019elle se dit<em> \u00ab<\/em><em>\u00a0<\/em><em>sid\u00e9r\u00e9e<\/em><em>\u00a0<\/em><em>\u00bb<\/em> d\u2019apprendre que notre gouvernement<em>\u00ab<\/em><em>\u00a0<\/em><em>veuille faire appel \u00e0 des imams pour aider \u00e0 la d\u00e9radicalisation des jeunes<\/em><em>\u00a0<\/em><em>\u00bb<\/em>, ces imams qu\u2019elle met tous dans le m\u00eame sac en les qualifiant tous de <em>\u00ab<\/em><em>\u00a0<\/em><em>pyromanes<\/em><em>\u00a0<\/em><em>\u00bb<\/em>. Occultant le fait que les mosqu\u00e9es sont une v\u00e9ritable mosa\u00efque ethnique et id\u00e9ologique et que les mouvances salafistes takfiristes y sont tr\u00e8s minoritaires, elle focalise sur le fantasme d\u2019un terrifiant noyautage de notre gouvernement par les \u00ab\u00a0int\u00e9gristes\u00a0\u00bb. Mais, Mme\u00a0Houda-Pepin, n\u2019avez-vous pas dit vous-m\u00eame qu\u2019il fallait \u00e9viter les amalgames\u00a0?<\/p>\n<p>L\u2019appui de l\u2019ex-d\u00e9put\u00e9e aux th\u00e8ses alarmistes ne s\u2019arr\u00eate pas l\u00e0. Elle soutient aussi que gr\u00e2ce \u00e0 nos chartes, le Qu\u00e9bec serait devenu <em>\u00ab<\/em><em>\u00a0<\/em><em>un paradis<\/em><em>\u00a0<\/em><em>\u00bb<\/em> pour les int\u00e9gristes, il y aurait une instrumentalisation planifi\u00e9e et m\u00e9thodique de nos chartes pour<em> \u00ab<\/em><em>\u00a0<\/em><em>nous imposer la charia<\/em><em>\u00a0<\/em><em>\u00bb<\/em>. La charia, encore et toujours. Mais o\u00f9 sont ces nombreuses d\u00e9cisions de justice qui imposeraient la charia aux d\u00e9pens de nos droits fondamentaux\u00a0? Pourtant, ces chartes sont justement ce qui manque cruellement aux th\u00e9ocraties dictatoriales que Mme\u00a0Houda-Pepin voudrait combattre\u00a0! Ces chartes qui, faut-il le rappeler, assurent l\u2019\u00e9galit\u00e9 des droits pour les femmes, les homosexuels et les minorit\u00e9s ethniques ou religieuses.<\/p>\n<p>Que doit-on faire contre les discours haineux et incitant \u00e0 la violence\u00a0? Mme\u00a0Houda-Pepin r\u00e9pond encore par un pr\u00eache contre un complot musulman. Elle ira m\u00eame jusqu\u2019\u00e0 dire sur les ondes de Radio-Canada que seuls les int\u00e9gristes musulmans seront prot\u00e9g\u00e9s par le projet de loi 59. Oubli\u00e9s, les homosexuels, les juifs, les Noirs, les autochtones, les femmes, les personnes pr\u00e9sentant un handicap\u2026<\/p>\n<p>Au questionnement l\u00e9gitime \u00ab\u00a0le projet de loi est-il une menace contre la libert\u00e9 d\u2019expression\u00a0?\u00a0\u00bb, elle r\u00e9pond\u00a0: c\u2019est une \u00e9vidence et un pr\u00e9c\u00e9dent qu\u2019il faudra contester devant les tribunaux. Elle semble ignorer que le Qu\u00e9bec ne fait que s\u2019aligner sur d\u2019autres provinces qui se sont d\u00e9j\u00e0 dot\u00e9es de l\u00e9gislations similaires et qu\u2019aucune n\u2019a connu les d\u00e9bordements qu\u2019elle redoute. Que la Cour supr\u00eame a d\u00e9j\u00e0 statu\u00e9, dans l\u2019affaire Whatcott, qu\u2019une loi qui interdit les propos incitant \u00e0 la haine \u00e9tait une limite<em>\u00ab<\/em><em>\u00a0<\/em><em>raisonnable<\/em><em>\u00a0<\/em><em>\u00bb<\/em> \u00e0 la libert\u00e9 d\u2019expression dans le but de garantir un autre droit fondamental, le droit \u00e0 l\u2019\u00e9galit\u00e9. La Cour a d\u2019ailleurs statu\u00e9 que les propos<em>\u00ab<\/em><em>\u00a0<\/em><em>r\u00e9pugnants<\/em><em>\u00a0<\/em><em>\u00bb<\/em>, <em>\u00ab<\/em><em>\u00a0<\/em><em>offensants<\/em><em>\u00a0<\/em><em>\u00bb<\/em> ou <em>\u00ab<\/em><em>\u00a0<\/em><em>diffamatoires<\/em><em>\u00a0<\/em><em>\u00bb<\/em> n\u2019\u00e9quivalent pas \u00e0 la <em>\u00ab<\/em><em>\u00a0<\/em><em>haine<\/em><em>\u00a0<\/em><em>\u00bb<\/em> et au <em>\u00ab<\/em><em>\u00a0<\/em><em>m\u00e9pris<\/em><em>\u00a0<\/em><em>\u00bb<\/em>. Sans oublier que le jugement en question a condamn\u00e9 un int\u00e9griste pour ses propos contre les homosexuels\u00a0!<\/p>\n<p>Mme\u00a0Houda-Pepin, au-del\u00e0 des paroles, ne propose pas de mesures concr\u00e8tes. La seule qu\u2019elle formule est la cr\u00e9ation d\u2019un observatoire sur l\u2019int\u00e9grisme religieux. Elle ne semble pas \u00eatre au courant que le Qu\u00e9bec multiplie les initiatives allant dans ce sens depuis un an\u00a0: la Commission des droits de la personne doit commencer en janvier \u00e0<em>\u00ab<\/em><em>\u00a0<\/em><em>documenter et analyser les actes haineux et x\u00e9nophobes<\/em><em>\u00a0<\/em><em>\u00bb<\/em>\u00a0; le Centre contre la radicalisation du maire de Montr\u00e9al commence \u00e0 prendre forme\u00a0; l\u2019Observatoire sur la radicalisation et l\u2019extr\u00e9misme violent a vu le jour au mois de f\u00e9vrier. Notons que dans les trois cas, le mandat de lutte ou de documentation concerne tous les types d\u2019extr\u00e9mismes, qu\u2019ils soient religieux ou d\u2019extr\u00eame droite.<\/p>\n<p>En somme, en commission parlementaire cette semaine, l\u2019ancienne d\u00e9put\u00e9e lib\u00e9rale devait expliquer comment contrer les groupes qui propagent la haine des autres au Qu\u00e9bec. Au lieu de r\u00e9pondre \u00e0 cette question, elle s\u2019est non seulement montr\u00e9e insensible aux difficult\u00e9s v\u00e9cues par des Qu\u00e9b\u00e9coises et Qu\u00e9b\u00e9cois appartenant aux minorit\u00e9s vuln\u00e9rables, mais elle s\u2019est content\u00e9e de lancer une s\u00e9rie d\u2019affirmations largement exag\u00e9r\u00e9es ou carr\u00e9ment erron\u00e9es qui ne favorisent pas une saine d\u00e9lib\u00e9ration.<\/p>\n<p><a href=\"http:\/\/www.ledevoir.com\/politique\/quebec\/450314\/lutte-contre-l-islamisme-radical-ou-est-la-contribution-de-mme-houda-pepin\" target=\"_blank\">source<\/a><\/p>\n<p>&nbsp;<\/p>\n","protected":false},"excerpt":{"rendered":"<p>Haroun Bouazzi &#8211; Copr\u00e9sident de l\u2019Association des musulmans et des Arabes pour la la\u00efcit\u00e9 au Qu\u00e9bec (AMAL-Qu\u00e9bec) | Qu\u00e9bec Dans sa lettre ouverte du 14\u00a0septembre, Fatima Houda-Pepin affirme \u2014 et elle a raison \u2014 que l\u2019islamisme radical existe au Qu\u00e9bec. Elle se lance donc dans un plaidoyer contre cette r\u00e9alit\u00e9. Mais elle se base, et [&hellip;]<\/p>\n","protected":false},"author":1,"featured_media":2673,"comment_status":"open","ping_status":"open","sticky":false,"template":"","format":"standard","meta":{"tdm_status":"","tdm_grid_status":"","footnotes":""},"categories":[42,13],"tags":[],"class_list":{"0":"post-2574","1":"post","2":"type-post","3":"status-publish","4":"format-standard","5":"has-post-thumbnail","7":"category-diaspora","8":"category-integration"},"_links":{"self":[{"href":"https:\/\/algerienetwork.com\/international\/wp-json\/wp\/v2\/posts\/2574","targetHints":{"allow":["GET"]}}],"collection":[{"href":"https:\/\/algerienetwork.com\/international\/wp-json\/wp\/v2\/posts"}],"about":[{"href":"https:\/\/algerienetwork.com\/international\/wp-json\/wp\/v2\/types\/post"}],"author":[{"embeddable":true,"href":"https:\/\/algerienetwork.com\/international\/wp-json\/wp\/v2\/users\/1"}],"replies":[{"embeddable":true,"href":"https:\/\/algerienetwork.com\/international\/wp-json\/wp\/v2\/comments?post=2574"}],"version-history":[{"count":0,"href":"https:\/\/algerienetwork.com\/international\/wp-json\/wp\/v2\/posts\/2574\/revisions"}],"wp:featuredmedia":[{"embeddable":true,"href":"https:\/\/algerienetwork.com\/international\/wp-json\/"}],"wp:attachment":[{"href":"https:\/\/algerienetwork.com\/international\/wp-json\/wp\/v2\/media?parent=2574"}],"wp:term":[{"taxonomy":"category","embeddable":true,"href":"https:\/\/algerienetwork.com\/international\/wp-json\/wp\/v2\/categories?post=2574"},{"taxonomy":"post_tag","embeddable":true,"href":"https:\/\/algerienetwork.com\/international\/wp-json\/wp\/v2\/tags?post=2574"}],"curies":[{"name":"wp","href":"https:\/\/api.w.org\/{rel}","templated":true}]}}