{"id":2733,"date":"2016-08-28T17:38:24","date_gmt":"2016-08-28T17:38:24","guid":{"rendered":"http:\/\/algerienetwork.com\/france\/?p=2733"},"modified":"2020-08-08T10:48:34","modified_gmt":"2020-08-08T10:48:34","slug":"jean-baptiste-debreux-patron-du-restaurant-le-cenacle-de-tremblay-en-france-refuse-de-servir-deux-femmes-voilees","status":"publish","type":"post","link":"https:\/\/algerienetwork.com\/international\/jean-baptiste-debreux-patron-du-restaurant-le-cenacle-de-tremblay-en-france-refuse-de-servir-deux-femmes-voilees\/","title":{"rendered":"Jean Baptiste Debreux patron du restaurant \u00ab\u00a0Le C\u00e9nacle\u00a0\u00bb de Tremblay-en-France refuse de servir deux femmes voil\u00e9es"},"content":{"rendered":"<p><strong>Jean\u00a0Baptiste Debreux, chef cuisinier, et patron du restaurant \u00ab\u00a0Le C\u00e9nacle\u00a0\u00bb de Tremblay-en-France refuse de servir deux femmes voil\u00e9es et leur demande de sortir de son \u00e9tablissement.<br \/>\n<\/strong><\/p>\n<p><img loading=\"lazy\" decoding=\"async\" class=\"aligncenter\" src=\"http:\/\/www.justacote.com\/photos_entreprises\/le-cenacle-tremblay-en-france-13909986470.jpg\" width=\"1132\" height=\"582\" \/><\/p>\n<p style=\"text-align: center;\"><strong><span style=\"color: #993300;\">\u00ab\u00a0<em>Madame, tous les terroristes sont musulmans et tous les musulmans sont terroristes\u00a0&#8230; <\/em>Les gens comme vous, j&rsquo;en veux pas chez moi \u00bb<\/span><\/strong><\/p>\n<p>L&rsquo;une des deux femmes a r\u00e9pondu : \u00ab\u00a0<em>Parce qu&rsquo;on a mis des bombes monsieur?<\/em>\u00a0\u00bb<\/p>\n<p><iframe loading=\"lazy\" src=\"https:\/\/www.youtube.com\/embed\/HbXzDEZKzQA\" width=\"570\" height=\"320\" frameborder=\"0\" allowfullscreen=\"allowfullscreen\"><\/iframe><\/p>\n<p>R\u00e9alisant l&rsquo;\u00e9cho qu&rsquo;avait eu la vid\u00e9o sur les r\u00e9seaux sociaux, Le restaurateur a essay\u00e9 de s&rsquo;excuser. Il l faut juste qu&rsquo;il paye son amende de racisme devant les juges car ses excuses sont inacceptables. Un homme d&rsquo;\u00e2ge m\u00fbre ne change pas de pr\u00e9jug\u00e9s en 24 heures ! Ces excuses sont uniquement pour sauver sa r\u00e9putation et son business&#8230;<\/p>\n<p>La ministre fran\u00e7aise des Familles, de l&rsquo;Enfance et des Droits des femmes, Laurence Rossignol d\u00e9nonce un comportement \u00ab\u00a0intol\u00e9rable\u00a0\u00bb. Elle a indiqu\u00e9 sur Twitter avoir saisi la D\u00e9l\u00e9gation interminist\u00e9rielle \u00e0 la lutte contre le racisme et l&rsquo;antis\u00e9mitisme (DILCRA) apr\u00e8s la diffusion d&rsquo;une vid\u00e9o montrant un restaurateur refuser de servir deux femmes voil\u00e9es.<\/p>\n<p><img loading=\"lazy\" decoding=\"async\" class=\"aligncenter\" src=\"http:\/\/i.huffpost.com\/gen\/4640938\/images\/o-CENACLE-TREMBLAY-EN-FRANCE-facebook.jpg\" width=\"2000\" height=\"1000\" \/><\/p>\n<p><center><\/center>Pour une fois un ministre fran\u00e7ais qui sort enfin de ce climat d\u2019islamophobie. Un climat qui fait maintenant la caract\u00e9ristique de la France \u00e0 l&rsquo;international avec sa mode !<\/p>\n<p>Est-ce que le gouvernement fran\u00e7ais r\u00e9alise enfin la gravit\u00e9 de ces sorties m\u00e9diatiques naus\u00e9abondes r\u00e9p\u00e9t\u00e9s sans fins de Valls sur l&rsquo;Islam comme s&rsquo;il n&rsquo;avaient rien \u00e0 faire d&rsquo;autres de plus urgent pour la France ?<\/p>\n<p>Est-ce que le gouvernement et les m\u00e9dias sont all\u00e9s trop loin dans cette phobie et que des cons\u00e9quences graves surtout sur son image et donc son \u00e9conomie qui peuventt en r\u00e9sulter?<\/p>\n<p>Est-ce que le gouvernement fran\u00e7ais voulait faire oublier ses probl\u00e8mes en divertissant le peuple avec des histoires de grand m\u00e8re sur le chaperon rouge\u00a0 avec ce loups musulman ?<\/p>\n<p>Quelle relation entre ces deux femmes musulmanes et le terrorisme ?<\/p>\n<p>Doit-on aussi en vouloir \u00e0 Tous les des pr\u00eatres ou n&rsquo;importe quel pr\u00eatre car beaucoup sont des p\u00e9dophiles ?<\/p>\n<p>Imaginez un seul instant si ce restaurateur avait dit la m\u00eame chose mais contre les \u00ab\u00a0juifs\u00a0\u00bb et non les musulmans. Mr Valls, BHL, leurs cliques et tous les m\u00e9dias du monde seraient sortis pour d\u00e9fendre la r\u00e9publique contre le racisme : un racisme a plusieurs vitesse bien s\u00fbr. L&rsquo;affaire de Dieudonn\u00e9 et de Charlie Hebdo sont des exemples parfaits qui d\u00e9voilent cette hypocrisie vertueuse ; libert\u00e9 de pens\u00e9e, d&rsquo;expression et de religion pour les uns et racisme pour les autres !<\/p>\n<p>Le site du gouvernement fran\u00e7ais : \u00ab\u00a0<a href=\"http:\/\/www.diplomatie.gouv.fr\/fr\/politique-etrangere-de-la-france\/droits-de-l-homme\/lutte-contre-l-antisemitisme-le-racisme-et-les-discriminations\/\" target=\"_blank\" rel=\"noopener noreferrer\">Lutte contre l\u2019antis\u00e9mitisme, le racisme et les discriminations<\/a>\u00a0\u00bb met en valeur l\u2019antis\u00e9mitisme mais n&rsquo;inclut pas encore l&rsquo;islamophobie nominativement comme un d\u00e9lit car des poursuite pourraient \u00eatre prise contre le gouvernement m\u00eame pour harc\u00e8lement de la communaut\u00e9 musulmane et son utilisation depuis des d\u00e9cennies comme propagande populiste durant les \u00e9lections.<\/p>\n<p>Sarkosy vient de refaire surface avec l&rsquo;affaire du Burkini. Il a senti le filon et il va en faire un commerce judicieux : le commerce de la honte pour une France du nouveau mill\u00e9naire infect\u00e9e par l&rsquo;islamophobie qui est est devenue maintenant un probl\u00e8me fran\u00e7ais plus que musulman car il l&rsquo;a distrait des vrais enjeux du mill\u00e9naire qui se joue en Am\u00e9rique et en Asie.<\/p>\n<p>Pourquoi cet amalgame et cette r\u00e9cup\u00e9ration naus\u00e9abonde volontaire de la part des politiciens et des m\u00e9dias fran\u00e7ais complices ? la r\u00e9ponse est ici :<\/p>\n<p><img loading=\"lazy\" decoding=\"async\" class=\"alignnone size-full wp-image-2741\" src=\"http:\/\/algerienetwork.com\/france\/wp-content\/uploads\/2016\/08\/im2.jpg\" alt=\"im2\" width=\"526\" height=\"526\" \/><\/p>\n<p>Au lieu de combattre le terrorisme et le racisme, la France, merci \u00e0 son gouvernement, ses politiciens et ses m\u00e9dias se sont mis \u00e0 propager la haine du musulman et partir \u00e0 la chasse l\u00e2chement des femmes en voiles dans les plages, les restaurants, les cr\u00e8ches, les coll\u00e8ges, les administrations &#8230; Quelle courage ou honte !<\/p>\n<p>Alors qu&rsquo;on ne s&rsquo;\u00e9tonne pas que le racisme peut aussi nourrir le terrorisme !<\/p>\n<p>Algerie Network<\/p>\n","protected":false},"excerpt":{"rendered":"<p>Jean\u00a0Baptiste Debreux, chef cuisinier, et patron du restaurant \u00ab\u00a0Le C\u00e9nacle\u00a0\u00bb de Tremblay-en-France refuse de servir deux femmes voil\u00e9es et leur demande de sortir de son \u00e9tablissement. \u00ab\u00a0Madame, tous les terroristes sont musulmans et tous les musulmans sont terroristes\u00a0&#8230; Les gens comme vous, j&rsquo;en veux pas chez moi \u00bb L&rsquo;une des deux femmes a r\u00e9pondu : [&hellip;]<\/p>\n","protected":false},"author":1,"featured_media":16142,"comment_status":"closed","ping_status":"closed","sticky":false,"template":"","format":"standard","meta":{"tdm_status":"","tdm_grid_status":"","footnotes":""},"categories":[42,10],"tags":[],"class_list":{"0":"post-2733","1":"post","2":"type-post","3":"status-publish","4":"format-standard","5":"has-post-thumbnail","7":"category-diaspora","8":"category-france"},"_links":{"self":[{"href":"https:\/\/algerienetwork.com\/international\/wp-json\/wp\/v2\/posts\/2733","targetHints":{"allow":["GET"]}}],"collection":[{"href":"https:\/\/algerienetwork.com\/international\/wp-json\/wp\/v2\/posts"}],"about":[{"href":"https:\/\/algerienetwork.com\/international\/wp-json\/wp\/v2\/types\/post"}],"author":[{"embeddable":true,"href":"https:\/\/algerienetwork.com\/international\/wp-json\/wp\/v2\/users\/1"}],"replies":[{"embeddable":true,"href":"https:\/\/algerienetwork.com\/international\/wp-json\/wp\/v2\/comments?post=2733"}],"version-history":[{"count":2,"href":"https:\/\/algerienetwork.com\/international\/wp-json\/wp\/v2\/posts\/2733\/revisions"}],"predecessor-version":[{"id":16144,"href":"https:\/\/algerienetwork.com\/international\/wp-json\/wp\/v2\/posts\/2733\/revisions\/16144"}],"wp:featuredmedia":[{"embeddable":true,"href":"https:\/\/algerienetwork.com\/international\/wp-json\/wp\/v2\/media\/16142"}],"wp:attachment":[{"href":"https:\/\/algerienetwork.com\/international\/wp-json\/wp\/v2\/media?parent=2733"}],"wp:term":[{"taxonomy":"category","embeddable":true,"href":"https:\/\/algerienetwork.com\/international\/wp-json\/wp\/v2\/categories?post=2733"},{"taxonomy":"post_tag","embeddable":true,"href":"https:\/\/algerienetwork.com\/international\/wp-json\/wp\/v2\/tags?post=2733"}],"curies":[{"name":"wp","href":"https:\/\/api.w.org\/{rel}","templated":true}]}}