{"id":2772,"date":"2016-10-08T23:14:44","date_gmt":"2016-10-08T23:14:44","guid":{"rendered":"http:\/\/algerienetwork.com\/france\/?p=2772"},"modified":"2016-10-08T23:14:44","modified_gmt":"2016-10-08T23:14:44","slug":"scandale-odieux-de-la-france-qui-interdit-le-droit-de-boycott-disrael-et-condamne-bds","status":"publish","type":"post","link":"https:\/\/algerienetwork.com\/international\/scandale-odieux-de-la-france-qui-interdit-le-droit-de-boycott-disrael-et-condamne-bds\/","title":{"rendered":"Scandale odieux de la France qui interdit le droit de boycott d\u2019Isra\u00ebl et condamne BDS"},"content":{"rendered":"<p><strong>Le boycott et l\u2019interdiction du boycottage\u00a0!<\/strong><\/p>\n<p>\u00ab\u00a0R\u00e9sister doit toujours se conjuguer au pr\u00e9sent\u00a0\u00bb <em>Lucie Aubrac<\/em>.<\/p>\n<p>La d\u00e9finition la plus rudimentaire du vocable boycott et\/ou boycottage serait de le concevoir comme \u00e9tant un\u00a0 refus d&rsquo;accorder son appui ou sa client\u00e8le pour tenter d&rsquo;exercer une pression. C\u2019est une sorte d\u2019interruption des relations commerciales. Il peut s\u2019agir d\u2019un boycott lors d\u2019\u00e9lection comme il peut \u00eatre un boycottage d\u2019\u00e9v\u00e9nement. Il serait une forme de r\u00e9sistance pour certains. Reste \u00e0 savoir si la r\u00e9sistance est active\u00a0?<\/p>\n<p><strong>Le contexte historique\u00a0:<\/strong><\/p>\n<p>L\u2019appellation d\u00e9rive du nom de Charles Cunningham Boycott, qui \u00e9tait un intendant d\u2019un riche, qui s\u2019est accapar\u00e9 le Comt\u00e9 de Mayo (en Irlande de l\u2019Ouest) au cours du XIX si\u00e8cle. Cet intendant (Charles Boycott) traitait d\u2019une mani\u00e8re presque inhumaine ses fermiers. Ces derniers parviennent, ipso facto \u00e0 s\u2019organiser et \u00e0 planifi\u00e9 un blocus aussi efficace que rentable, en 1879.<\/p>\n<p>A la base, ce proc\u00e9d\u00e9 se\u00a0 r\u00e9sume seulement au fait de ne point acheter un\/des produit(s) pour des raisons relevant de la justesse de la production, \u00e0 l\u2019aune des conditions d\u2019\u00e9thiques. Il surtout li\u00e9 \u00e0 la lutte contre le colonialisme, \u00e0 tr\u00e8s court terme, la libert\u00e9 des peuples. Nelson Mandela affirme que \u00ab notre libert\u00e9 est incompl\u00e8te sans la libert\u00e9 des Palestiniens \u00bb.Il faut savoir, que le boycott sans une v\u00e9ritable vogue m\u00e9diatique se solde g\u00e9n\u00e9ralement par un fiasco, tel est l\u2019exemple du boycott de plusieurs multinationales. Ainsi, le recours \u00e0 certains changements, s\u2019av\u00e8re tr\u00e8s efficace, comme la modification du nom de la marque de l\u2019entreprise boycott\u00e9e, son logo, ainsi que son slogan\u00a0 pourrait bien relancer son march\u00e9 dans l\u2019avenir, pour un nouveau d\u00e9part\u00a0!<\/p>\n<p><strong>Les exploits du boycott\u00a0:<\/strong><\/p>\n<p>On peut se satisfaire, de quelques exemples, \u00e0 ce titre, celui de Mohandas Ghandi, en Inde, en 1920, qui a fait un appel au boycott des produits Britanniques, qui les ont colonis\u00e9s, ainsi que leurs offres d\u2019emplois, puis viendra celle la gabelle du sel (l\u2019imp\u00f4t sur le sel) Par ailleurs, il faut rappeler sa d\u00e9marche pacifiste qui a eu le m\u00e9rite d\u2019\u00eatre salu\u00e9e et lou\u00e9e par des g\u00e9n\u00e9rations. Un boycott ayant pris une ampleur t\u00e9m\u00e9raire que juste apr\u00e8s la seconde guerre mondiale, le 15 Ao\u00fbt 1947 l\u2019Inde devient ind\u00e9pendante.<\/p>\n<p>Certains se souviennent de Rosa Parks, qui en 1955, refusa de c\u00e9der sa place \u00e0 un homme blanc, dans un bus de l\u2019Etat de l\u2019Alabama. Ce qui lui a valu d\u2019\u00eatre chass\u00e9e, parce qu\u2019elle est noire. Un incident qui s\u2019inscrit dans la lutte contre le racisme, pour une v\u00e9ritable \u00e9quit\u00e9, concernant les effets civiques. Toujours chez l\u2019oncle Sam, o\u00f9 Martin Luther King a fait appel au boycottage d\u2019une compagnie de bus, celle-ci portait le nom de Montgomery, cela peut \u00eatre consid\u00e9r\u00e9 comme un autre fait corolaire pour la lutte au nom de l\u2019\u00e9galit\u00e9 des droits, et bannir, l\u2019expression Orwelienne us\u00e9e dans La ferme des animaux<a href=\"#_ftn1\" name=\"_ftnref1\">[1]<\/a> selon laquelle, certains seraient plus \u00e9gaux que d\u2019autres\u00a0! Pour en finir avec un autre boycott, plus illustratif, celui de Mandela, lanc\u00e9 d\u00e8s 1958, au boycott des produits Sud-africains, \u00e0 d\u00e9faut de soutenir le r\u00e9gime d\u2019Apartheid, qui s\u00e9vissait en ce temps patibulaire. Et ce n\u2019est que vers la fin des ann\u00e9es 80, que cet appel, a eu le plus d\u2019\u00e9chos et ce, \u00e0 l\u2019\u00e9chelle internationale. De ce fait, l\u2019Apartheid a \u00e9t\u00e9 affaiblie, malheureusement, il est loin d\u2019\u00eatre an\u00e9anti, il suffit de s\u2019y rendre \u00e0 ce pays pour voir grand.<\/p>\n<p>Le boycott anti-isra\u00e9lien est ill\u00e9gal en France\u00a0! La cour de cassation a valid\u00e9 la condamnation de militants Boycott Des investissements de Sanctions (BDS) ayant appel\u00e9 au boycottage de produits Isra\u00e9liens, le mouvement appel\u00e9 BDS est pro-palestinien, il s\u2019ins\u00e8re dans une lutte pour la lib\u00e9ration du peuple Palestinien.<\/p>\n<p><strong>Le scandale fran\u00e7ais\u00a0! <\/strong><\/p>\n<p>Le pays de la libert\u00e9 et des droits de l\u2019homme n\u2019est plus vu sa politique qui vire au pire depuis quelques d\u00e9cennies. La raison qu\u2019a invoqu\u00e9e l\u2019Etat fran\u00e7ais est que le vote contre un Etat est discriminatoire\u00a0! Ce qui pourrait signifier que Ghandi et Luther King n\u2019\u00e9taient que des chantres de la discrimination, faut-il rappeler que Martin Luther King se battait contre cette m\u00eame discrimination, appel\u00e9e autrefois\u00a0: La s\u00e9gr\u00e9gation\u00a0? Le moins que l\u2019on puisse dire, est que cette raison d\u00e9raisonnable est d\u2019une aberration singuli\u00e8re. M\u00eame de nombreux magistrats ont parl\u00e9 de la libert\u00e9 d\u2019expression car le boycott a une connotation positive vu qu\u2019il appelle \u00e0 la r\u00e9flexion, rien n\u2019avoir avec la discrimination. On peut aussi leur dire\u00a0: merci les Charlie\u00a0!<\/p>\n<p><strong>Aziz Cheboub<\/strong><\/p>\n<p><a href=\"#_ftnref1\" name=\"_ftn1\">[1]<\/a> Un conte publi\u00e9 en 1945<\/p>\n","protected":false},"excerpt":{"rendered":"<p>Le boycott et l\u2019interdiction du boycottage\u00a0! \u00ab\u00a0R\u00e9sister doit toujours se conjuguer au pr\u00e9sent\u00a0\u00bb Lucie Aubrac. La d\u00e9finition la plus rudimentaire du vocable boycott et\/ou boycottage serait de le concevoir comme \u00e9tant un\u00a0 refus d&rsquo;accorder son appui ou sa client\u00e8le pour tenter d&rsquo;exercer une pression. C\u2019est une sorte d\u2019interruption des relations commerciales. Il peut s\u2019agir d\u2019un [&hellip;]<\/p>\n","protected":false},"author":1,"featured_media":14785,"comment_status":"closed","ping_status":"closed","sticky":false,"template":"","format":"standard","meta":{"tdm_status":"","tdm_grid_status":"","footnotes":""},"categories":[10,24],"tags":[],"class_list":{"0":"post-2772","1":"post","2":"type-post","3":"status-publish","4":"format-standard","5":"has-post-thumbnail","7":"category-france","8":"category-politique"},"_links":{"self":[{"href":"https:\/\/algerienetwork.com\/international\/wp-json\/wp\/v2\/posts\/2772","targetHints":{"allow":["GET"]}}],"collection":[{"href":"https:\/\/algerienetwork.com\/international\/wp-json\/wp\/v2\/posts"}],"about":[{"href":"https:\/\/algerienetwork.com\/international\/wp-json\/wp\/v2\/types\/post"}],"author":[{"embeddable":true,"href":"https:\/\/algerienetwork.com\/international\/wp-json\/wp\/v2\/users\/1"}],"replies":[{"embeddable":true,"href":"https:\/\/algerienetwork.com\/international\/wp-json\/wp\/v2\/comments?post=2772"}],"version-history":[{"count":0,"href":"https:\/\/algerienetwork.com\/international\/wp-json\/wp\/v2\/posts\/2772\/revisions"}],"wp:featuredmedia":[{"embeddable":true,"href":"https:\/\/algerienetwork.com\/international\/wp-json\/"}],"wp:attachment":[{"href":"https:\/\/algerienetwork.com\/international\/wp-json\/wp\/v2\/media?parent=2772"}],"wp:term":[{"taxonomy":"category","embeddable":true,"href":"https:\/\/algerienetwork.com\/international\/wp-json\/wp\/v2\/categories?post=2772"},{"taxonomy":"post_tag","embeddable":true,"href":"https:\/\/algerienetwork.com\/international\/wp-json\/wp\/v2\/tags?post=2772"}],"curies":[{"name":"wp","href":"https:\/\/api.w.org\/{rel}","templated":true}]}}