{"id":444,"date":"2012-09-08T12:08:52","date_gmt":"2012-09-08T12:08:52","guid":{"rendered":"http:\/\/algerienetwork.com\/info\/?p=444"},"modified":"2012-09-08T12:08:52","modified_gmt":"2012-09-08T12:08:52","slug":"la-dynastie-saoudienne-et-le-sionisme-des-allies-pour-la-vie","status":"publish","type":"post","link":"https:\/\/algerienetwork.com\/international\/la-dynastie-saoudienne-et-le-sionisme-des-allies-pour-la-vie\/","title":{"rendered":"La Dynastie Saoudienne et le Sionisme, des Alli\u00e9s pour la Vie&#8230;"},"content":{"rendered":"<p>Documentaire: Un historique succinct et r\u00e9v\u00e9lateur des origines de la famille des Al-Saoud, de ses prises de position et de son animosit\u00e9 visc\u00e9rale contre l&rsquo;Islam, contre le Proph\u00e8te de l&rsquo;Islam (p), les membres de sa Famille (p) et contre tous les vestiges religieux chers aux c\u0153urs des Musulmans. Cette vid\u00e9o r\u00e9v\u00e8le \u00e9galement le r\u00f4le qu&rsquo;a jou\u00e9 cette famille dans les divers g\u00e9nocides perp\u00e9tr\u00e9s contre la communaut\u00e9 musulmane, tout en octroyant g\u00e9n\u00e9reusement des milliards de dollars \u00e0 l&rsquo;administration am\u00e9ricaine qui finance Isra\u00ebl !<br \/>\n<object width=\"560\" height=\"315\" classid=\"clsid:d27cdb6e-ae6d-11cf-96b8-444553540000\" codebase=\"http:\/\/download.macromedia.com\/pub\/shockwave\/cabs\/flash\/swflash.cab#version=6,0,40,0\"><param name=\"allowFullScreen\" value=\"true\" \/><param name=\"allowscriptaccess\" value=\"always\" \/><param name=\"src\" value=\"http:\/\/www.youtube.com\/v\/AWzHD6c094I?version=3&amp;hl=en_US\" \/><param name=\"allowfullscreen\" value=\"true\" \/><embed width=\"560\" height=\"315\" type=\"application\/x-shockwave-flash\" src=\"http:\/\/www.youtube.com\/v\/AWzHD6c094I?version=3&amp;hl=en_US\" allowFullScreen=\"true\" allowscriptaccess=\"always\" allowfullscreen=\"true\" \/><\/object><\/p>\n","protected":false},"excerpt":{"rendered":"<p>Documentaire: Un historique succinct et r\u00e9v\u00e9lateur des origines de la famille des Al-Saoud, de ses prises de position et de son animosit\u00e9 visc\u00e9rale contre l&rsquo;Islam, contre le Proph\u00e8te de l&rsquo;Islam (p), les membres de sa Famille (p) et contre tous les vestiges religieux chers aux c\u0153urs des Musulmans. Cette vid\u00e9o r\u00e9v\u00e8le \u00e9galement le r\u00f4le qu&rsquo;a [&hellip;]<\/p>\n","protected":false},"author":1,"featured_media":445,"comment_status":"open","ping_status":"open","sticky":false,"template":"","format":"standard","meta":{"tdm_status":"","tdm_grid_status":"","footnotes":""},"categories":[20],"tags":[],"class_list":{"0":"post-444","1":"post","2":"type-post","3":"status-publish","4":"format-standard","5":"has-post-thumbnail","7":"category-moyen-orient"},"_links":{"self":[{"href":"https:\/\/algerienetwork.com\/international\/wp-json\/wp\/v2\/posts\/444","targetHints":{"allow":["GET"]}}],"collection":[{"href":"https:\/\/algerienetwork.com\/international\/wp-json\/wp\/v2\/posts"}],"about":[{"href":"https:\/\/algerienetwork.com\/international\/wp-json\/wp\/v2\/types\/post"}],"author":[{"embeddable":true,"href":"https:\/\/algerienetwork.com\/international\/wp-json\/wp\/v2\/users\/1"}],"replies":[{"embeddable":true,"href":"https:\/\/algerienetwork.com\/international\/wp-json\/wp\/v2\/comments?post=444"}],"version-history":[{"count":0,"href":"https:\/\/algerienetwork.com\/international\/wp-json\/wp\/v2\/posts\/444\/revisions"}],"wp:featuredmedia":[{"embeddable":true,"href":"https:\/\/algerienetwork.com\/international\/wp-json\/"}],"wp:attachment":[{"href":"https:\/\/algerienetwork.com\/international\/wp-json\/wp\/v2\/media?parent=444"}],"wp:term":[{"taxonomy":"category","embeddable":true,"href":"https:\/\/algerienetwork.com\/international\/wp-json\/wp\/v2\/categories?post=444"},{"taxonomy":"post_tag","embeddable":true,"href":"https:\/\/algerienetwork.com\/international\/wp-json\/wp\/v2\/tags?post=444"}],"curies":[{"name":"wp","href":"https:\/\/api.w.org\/{rel}","templated":true}]}}