{"id":474,"date":"2012-09-08T17:58:59","date_gmt":"2012-09-08T17:58:59","guid":{"rendered":"http:\/\/algerienetwork.com\/info\/?p=474"},"modified":"2025-01-29T14:44:05","modified_gmt":"2025-01-29T14:44:05","slug":"7-gaza-le-lobby-sioniste-un-cliche","status":"publish","type":"post","link":"https:\/\/algerienetwork.com\/international\/7-gaza-le-lobby-sioniste-un-cliche\/","title":{"rendered":"7. Gaza: Le lobby sioniste, un clich\u00e9 ?"},"content":{"rendered":"<p><a href=\"http:\/\/algerienetwork.com\/blog\/abdelhouahab-mokhbi\/\">Abdelouahab Mokhbi: <\/a><\/p>\n<p>L\u2019esp\u00e9rance est dans le r\u00e9veil de la conscience des hommes et des femmes qui jour apr\u00e8s jour construise un monde nouveau qui transcende l\u2019\u00e9gocentrisme occidental. Les nationalismes obtus qui se sont dot\u00e9 d\u2019une puissance destructrice inou\u00efe en se nourrissant des d\u2019injustices les plus criardes au prix d\u2019oppressions les plus intol\u00e9rables sont moribonds. Ce monde o\u00f9 les calculs pr\u00e9tendument g\u00e9ostrat\u00e9giques bafouent les plus \u00e9l\u00e9mentaires principes d\u2019humanit\u00e9 dispara\u00eetra, m\u00eame si quelques r\u00e9calcitrants imbus de leur puissance continuent \u00e0 ressasser les m\u00eames arguments perfides pour se\u00a0 d\u00e9rober au jugement de l\u2019histoire derri\u00e8re le paravent \u00ab d\u2019une mission civilisatrice.\u00bb<\/p>\n<p>J\u2019ai une pens\u00e9e \u00e9mue pour l\u2019Abb\u00e9 Pierre, cette silhouette fr\u00eale qui r\u00e9ussissait avec sa vuln\u00e9rabilit\u00e9 \u00e0 entretenir cette esp\u00e9rance dans une humanit\u00e9 nouvelle. Abdelkader Dehbi, dans un vibrant hommage intitul\u00e9 \u00ab L\u2019ap\u00f4tre de l\u2019Emma\u00fcs moderne est mort\u00bb (El-Watan du 23 janvier 2007), rappelait, le courage qu\u2019a eu cet homme en soutenant, au printemps de 1996, \u00ab le grand philosophe Roger Garaudy dont la parution du brillant et solide essai historique document\u00e9 intitul\u00e9 Les mythes fondateurs de la politique isra\u00e9lienne avait provoqu\u00e9 une vague inimaginable d\u2019obsc\u00e9nit\u00e9s et d\u2019ind\u00e9centes indignations dans les milieux bien pensants de la soci\u00e9t\u00e9 et de la presse fran\u00e7aises inf\u00e9od\u00e9es jusqu\u2019au cou aux lobbies sionistes et atlantistes.\u00bb<\/p>\n<p>L\u2019Abb\u00e9 Pierre, l\u2019homme le plus aim\u00e9 des fran\u00e7ais fut \u00ab\u00a0censur\u00e9\u00a0\u00bb et \u00ab\u00a0sermonn\u00e9\u00a0\u00bb par le cardinal Lustiger nous apprend Henri Tincq, du journal Le Monde (\u00e9dition du 24.01.07.). Il souligne le \u00ab caract\u00e8re antis\u00e9mite\u00bb de l\u2019ouvrage de Roger Garaudy auquel il attribue le titre mensonger :\u00a0\u00bbLes mythes fondateurs de la Shoah\u00a0\u00bb. Or le philosophe s\u2019attaquait clairement aux mythes fondateurs de l\u2019\u00e9tat d\u2019Isra\u00ebl, c\u2019est-\u00e0-dire au sionisme politique. Il n\u2019abordait absolument pas la Shoah. C\u2019est explicitement \u00e9nonc\u00e9 dans le titre et magistralement d\u00e9velopp\u00e9 dans le texte. Mais il est n\u2019est pas commode de faire passer l\u2019Abb\u00e9 Pierre pour un n\u00e9gationniste de la Shoah ni pour un antis\u00e9mite, d\u2019autant que, \u00e0 l\u2019inverse de son ami Roger Garaudy, et \u00e0 l\u2019\u00e9vidence, il n\u2019\u00e9tait pas musulman. Dans ces conditions mentir sciemment devient n\u00e9cessaire m\u00eame pour un journaliste du journal Le Monde, le faire grossi\u00e8rement est acceptable pourvu que s\u2019appuyant sur l\u2019accusation effectivement dirig\u00e9e par l\u2019Abb\u00e9 Pierre au \u00ab\u00a0lobby sioniste international\u00a0\u00bb \u00e0 propos la fausse pol\u00e9mique foment\u00e9 et cousue de fil blanc dont le but indubitablement \u00e9taient de faire la peau aux deux v\u00e9n\u00e9rables et authentiques penseurs.<\/p>\n<p>&nbsp;<\/p>\n<p>Pour rappel, Roger Garaudy, s\u2019\u00e9tait plaint en 1983 d\u2019avoir \u00e9t\u00e9 menac\u00e9 de mort \u00e0 l\u2019occasion de la sortie de son livre-dossier intitul\u00e9 \u00ab\u00a0 l\u2019Affaire Isra\u00ebl : le sionisme politique\u00bb (Edition Papyrus). Henri Tincq d\u2019un revers de main rejette l\u2019accusation de l\u2019Abb\u00e9 Pierre, comme s\u2019il elle \u00e9manait d\u2019un quelconque affabulateur ; Clich\u00e9 \u00e9cul\u00e9 nous dit-il. Le lobby sioniste n\u2019existerait donc pas ! Dormez tranquilles braves gens de France et de Navarre. Raymond Barre affabulait donc lorsqu\u2019en plein conseil des ministres. Mitterrand, oui Fran\u00e7ois Mitterrand, dont Itzhak Rabbin avait dit : \u00ab Je n\u2019irai pas jusqu\u2019\u00e0 dire que Fran\u00e7ois Mitterrand soit un militant sioniste, mais c\u2019est certain, il est le meilleur ami d\u2019Isra\u00ebl.\u00bb, lui, aussi, affabulait sur \u00ab\u00a0l\u2019influence nocive du lobby juif\u00a0\u00bb lors d\u2019une conversation entre lui et l\u2019\u00e9crivain prolixe Jean d\u2019Ormesson qui relate dans son livre, Le rapport Gabriel, la conversation entre les deux hommes en mai 1995, portant notamment sur l\u2019affaire Bousquet. En r\u00e9alit\u00e9, ce qui n\u2019\u00e9tait pas pardonn\u00e9 \u00e0 l\u2019Abb\u00e9 Pierre, c\u2019est la compassion qu\u2019il avait t\u00e9moign\u00e9 avec constance au peuple palestinien, sa d\u00e9nonciation des crimes commis au nom d\u2019une promesse douteuse et surtout le reproche sans ambigu\u00eft\u00e9 fait \u00e0 la cr\u00e9ation en 1948, d\u2019un Etat au prix d\u2019incessantes et inacceptables exactions dont p\u00e2tissent les palestiniens. Il ne craignit pas d\u2019\u00e9crire, en 1991, \u00ab Je constate qu\u2019apr\u00e8s la formation de leur Etat, les Juifs, de victimes, sont devenus bourreaux. Ils ont pris les maisons, les terres des Palestiniens.\u00bb<\/p>\n<p>L\u2019Abb\u00e9 Pierre, disait lui-m\u00eame, qu\u2019en transgressant un tabou il ne s\u2019attendait pas \u00e0 \u00eatre f\u00e9licit\u00e9. Il fut exclu de la LICRA sans m\u00e9nagement et encore moins de consid\u00e9ration pour la place qu\u2019il occupe dans le c\u0153ur des fran\u00e7ais. Les attaques m\u00e9diatiques contre l\u2019Abb\u00e9 Pierre et surtout contre Roger Garaudy montr\u00e8rent combien les bien-pensants peuvent \u00eatre aussi f\u00e9roces quand ils ont de v\u00e9ritables \u00e9veilleurs de conscience \u00e0 se mettre sous la dent.<\/p>\n<p><strong>Autres victimes collat\u00e9rales<\/strong><\/p>\n<p>Evidemment, il existe des hommes de c\u0153ur et de courage qui ne souscrivent pas \u00e0 la pens\u00e9e impos\u00e9e. Cependant, d\u00e8s que quelqu\u2019un s\u2019avise de s\u2019affranchir des dogmes \u00e9tablis pour tenter de comprendre la complexit\u00e9 du conflit et de d\u00e9m\u00ealer objectivement et honn\u00eatement l\u2019\u00e9cheveau proche oriental, il est vite neutralis\u00e9 par des tirs de barrages qu\u2019il essuiera jusqu\u2019\u00e0 la capitulation sans condition. Il ne survivra m\u00e9diatiquement que s\u2019il fait amende honorable. Le z\u00e8le des convertis peut justifier qu\u2019on redonne la plume ou la parole au primo-contrevenant. Sinon c\u2019est une victime collat\u00e9rale de plus. Au suivant !<\/p>\n<p>Alain Menargues, \u00e9minent journaliste de RFI sp\u00e9cialiste aguerri du Proche-Orient fut destitu\u00e9 de son poste de responsabilit\u00e9 pour avoir os\u00e9 mettre en exergue les fondements racistes du mur de la honte et ses vis\u00e9es annexionnistes des meilleurs terres de la Cisjordanie. En un mot pour avoir \u00e9mis des id\u00e9es \u00e9loign\u00e9es des th\u00e8ses sionistes qui doivent \u00eatre d\u00e9clin\u00e9s, \u00e2nonn\u00e9es par les carri\u00e9ristes des m\u00e9dias fran\u00e7ais comme un v\u00e9ritable cat\u00e9chisme. Exclu, interdit de parole, il interpelle dans une \u00e9mouvante lettre le directeur du monde diplomatique : \u00ab Me voici donc, avec mon livre-grand reportage \u00ab Le mur de Sharon\u00bb, condamn\u00e9 \u00e0 l\u2019autodaf\u00e9 en Place de Gr\u00e8ve par de Grands Inquisiteurs. Mon crime d\u2019h\u00e9r\u00e9sie ? Mon fait de sorcellerie ?\u00bb<\/p>\n<p>Toutes les interrogations ne restent pas longtemps sans r\u00e9ponse. la r\u00e9plique \u00e0 l\u2019insolence de Pascal Boniface qui a transgress\u00e9 la ligne rouge en commettant un livre au titre explicite, \u00ab\u00a0Est-il permis de critiquer Isra\u00ebl ?\u00a0\u00bb (Editions Robert Laffont) fut plut\u00f4t rapide. Il fut s\u00e9rieusement inqui\u00e9t\u00e9 dans sa fonction de directeur-fondateur de L\u2019IRIS (Institut de Relations Internationales et Strat\u00e9giques). On ne prend pas, en France et ailleurs, la libert\u00e9 de r\u00e9fl\u00e9chir librement sur le conflit palestino-isra\u00e9lien en toute qui\u00e9tude. Imp\u00e9rativement, T\u00f4t ou tard, vous serez frapp\u00e9s de l\u2019anath\u00e8me de l\u2019antis\u00e9mitisme. Et si d\u2019aventure vous avez d\u00e9velopp\u00e9 des arguments pertinents, cela vous sera factur\u00e9 en circonstances aggravantes.<\/p>\n<p><a href=\"http:\/\/algerienetwork.com\/blog\/abdelhouahab-mokhbi\/\">Abdelouahab Mokhbi: <\/a><strong>Algerienetwork<\/strong><\/p>\n","protected":false},"excerpt":{"rendered":"<p>Abdelouahab Mokhbi: L\u2019esp\u00e9rance est dans le r\u00e9veil de la conscience des hommes et des femmes qui jour apr\u00e8s jour construise un monde nouveau qui transcende l\u2019\u00e9gocentrisme occidental. Les nationalismes obtus qui se sont dot\u00e9 d\u2019une puissance destructrice inou\u00efe en se nourrissant des d\u2019injustices les plus criardes au prix d\u2019oppressions les plus intol\u00e9rables sont moribonds. Ce [&hellip;]<\/p>\n","protected":false},"author":1,"featured_media":16389,"comment_status":"open","ping_status":"open","sticky":false,"template":"","format":"standard","meta":{"tdm_status":"","tdm_grid_status":"","footnotes":""},"categories":[22],"tags":[],"class_list":{"0":"post-474","1":"post","2":"type-post","3":"status-publish","4":"format-standard","5":"has-post-thumbnail","7":"category-palestine"},"_links":{"self":[{"href":"https:\/\/algerienetwork.com\/international\/wp-json\/wp\/v2\/posts\/474","targetHints":{"allow":["GET"]}}],"collection":[{"href":"https:\/\/algerienetwork.com\/international\/wp-json\/wp\/v2\/posts"}],"about":[{"href":"https:\/\/algerienetwork.com\/international\/wp-json\/wp\/v2\/types\/post"}],"author":[{"embeddable":true,"href":"https:\/\/algerienetwork.com\/international\/wp-json\/wp\/v2\/users\/1"}],"replies":[{"embeddable":true,"href":"https:\/\/algerienetwork.com\/international\/wp-json\/wp\/v2\/comments?post=474"}],"version-history":[{"count":2,"href":"https:\/\/algerienetwork.com\/international\/wp-json\/wp\/v2\/posts\/474\/revisions"}],"predecessor-version":[{"id":16391,"href":"https:\/\/algerienetwork.com\/international\/wp-json\/wp\/v2\/posts\/474\/revisions\/16391"}],"wp:featuredmedia":[{"embeddable":true,"href":"https:\/\/algerienetwork.com\/international\/wp-json\/wp\/v2\/media\/16389"}],"wp:attachment":[{"href":"https:\/\/algerienetwork.com\/international\/wp-json\/wp\/v2\/media?parent=474"}],"wp:term":[{"taxonomy":"category","embeddable":true,"href":"https:\/\/algerienetwork.com\/international\/wp-json\/wp\/v2\/categories?post=474"},{"taxonomy":"post_tag","embeddable":true,"href":"https:\/\/algerienetwork.com\/international\/wp-json\/wp\/v2\/tags?post=474"}],"curies":[{"name":"wp","href":"https:\/\/api.w.org\/{rel}","templated":true}]}}