{"id":921,"date":"2013-02-05T18:08:28","date_gmt":"2013-02-05T18:08:28","guid":{"rendered":"http:\/\/algerienetwork.com\/info\/?p=921"},"modified":"2013-02-05T18:08:28","modified_gmt":"2013-02-05T18:08:28","slug":"dieu-ne-passe-pas-a-bethleem","status":"publish","type":"post","link":"https:\/\/algerienetwork.com\/international\/dieu-ne-passe-pas-a-bethleem\/","title":{"rendered":"Dieu ne passe pas \u00e0 Bethl\u00e9em"},"content":{"rendered":"<p><a href=\"http:\/\/maghrebnetwork.com\/wp-content\/uploads\/2013\/02\/jacob-cohen11.jpg\"><img loading=\"lazy\" decoding=\"async\" class=\"aligncenter size-full wp-image-922\" title=\"jacob cohen\" alt=\"\" src=\"http:\/\/maghrebnetwork.com\/wp-content\/uploads\/2013\/02\/jacob-cohen11.jpg\" width=\"960\" height=\"705\" \/><\/a><\/p>\n<p>On a invent\u00e9 les accords d&rsquo;Oslo en 1993 pour accorder aux Palestiniens un semblant d&rsquo;\u00c9tat, une esp\u00e8ce de Bantoustan sous la stricte surveillance de l&rsquo;occupant sioniste. La zone industrielle de Bethl\u00e9em, lanc\u00e9e conjointement en 2009 par la France et Isra\u00ebl, deux alli\u00e9s ind\u00e9fectibles, avait pour objectif d&rsquo;all\u00e9ger les souffrances \u00e9conomiques des Palestiniens, et ainsi renvoyer aux calendes grecques la cr\u00e9ation d&rsquo;un v\u00e9ritable \u00c9tat palestinien. C&rsquo;est l&rsquo;objet de ce roman.<\/p>\n<p style=\"text-align: center;\"><a href=\"http:\/\/www.editions-harmattan.fr\/index.asp?navig=catalogue&amp;obj=livre&amp;no=39317\" target=\"_blank\"><strong>acheter le livre<\/strong><\/a><\/p>\n<p>&nbsp;<\/p>\n<p><iframe loading=\"lazy\" src=\"http:\/\/www.youtube.com\/embed\/Fw_NGZ0Zbes\" height=\"315\" width=\"560\" frameborder=\"0\"><\/iframe><br \/>\n<iframe loading=\"lazy\" src=\"http:\/\/www.youtube.com\/embed\/62OorD7FacA\" height=\"317\" width=\"560\" frameborder=\"0\"><\/iframe><br \/>\n<iframe loading=\"lazy\" src=\"http:\/\/www.youtube.com\/embed\/lAxreQwg87w\" height=\"315\" width=\"420\" frameborder=\"0\"><\/iframe><\/p>\n<p>&nbsp;<\/p>\n<p style=\"text-align: center;\"><a href=\"http:\/\/www.kontrekulture.com\/produit\/le-printemps-des-sayanim\" target=\"_blank\"><img loading=\"lazy\" decoding=\"async\" alt=\"\" src=\"http:\/\/www.egaliteetreconciliation.fr\/local\/cache-vignettes\/L279xH279\/38-101jpg-9f9f0e-a4cda.jpg\" width=\"279\" height=\"279\" border=\"0\" \/><br \/>\nLe Printemps des Sayanim<\/a><\/p>\n<p style=\"text-align: center;\"><a href=\"http:\/\/www.editions-harmattan.fr\/index.asp?navig=catalogue&amp;obj=livre&amp;no=39317\">DIEU NE REPASSE PAS \u00c0 BETHL\u00c9EM<br \/>\nRoman<br \/>\n<\/a>Jacob COHEN<\/p>\n<table width=\"100%\" border=\"0\" cellspacing=\"0\" cellpadding=\"0\">\n<tbody>\n<tr>\n<td><img decoding=\"async\" alt=\"\" src=\"http:\/\/www.editions-harmattan.fr\/vspace.gif\" width=\"6\" \/><\/td>\n<\/tr>\n<\/tbody>\n<\/table>\n<p style=\"text-align: center;\"><a href=\"http:\/\/www.editions-harmattan.fr\/index.asp?navig=catalogue&amp;obj=livre&amp;no=12647\">MOI, LATIFA S.<br \/>\n<\/a>Jacob COHEN<\/p>\n<table width=\"100%\" border=\"0\" cellspacing=\"0\" cellpadding=\"0\">\n<tbody>\n<tr>\n<td><img decoding=\"async\" alt=\"\" src=\"http:\/\/www.editions-harmattan.fr\/vspace.gif\" width=\"6\" \/><\/td>\n<\/tr>\n<\/tbody>\n<\/table>\n<p style=\"text-align: center;\"><a href=\"http:\/\/www.editions-harmattan.fr\/index.asp?navig=catalogue&amp;obj=livre&amp;no=26178\">L&rsquo;ESPIONNE ET LE JOURNALISTE<br \/>\nLe Mossad m\u00e8ne le jeu<br \/>\n<\/a>Jacob COHEN &#8211; Roman<\/p>\n<table width=\"100%\" border=\"0\" cellspacing=\"0\" cellpadding=\"0\">\n<tbody>\n<tr>\n<td><img decoding=\"async\" alt=\"\" src=\"http:\/\/www.editions-harmattan.fr\/vspace.gif\" width=\"6\" \/><\/td>\n<\/tr>\n<\/tbody>\n<\/table>\n<p style=\"text-align: center;\"><a href=\"http:\/\/www.editions-harmattan.fr\/index.asp?navig=catalogue&amp;obj=livre&amp;no=30951\">LE PRINTEMPS DES SAYANIM<br \/>\nR\u00e9cit<br \/>\n<\/a> Jacob COHEN<\/p>\n","protected":false},"excerpt":{"rendered":"<p>On a invent\u00e9 les accords d&rsquo;Oslo en 1993 pour accorder aux Palestiniens un semblant d&rsquo;\u00c9tat, une esp\u00e8ce de Bantoustan sous la stricte surveillance de l&rsquo;occupant sioniste. La zone industrielle de Bethl\u00e9em, lanc\u00e9e conjointement en 2009 par la France et Isra\u00ebl, deux alli\u00e9s ind\u00e9fectibles, avait pour objectif d&rsquo;all\u00e9ger les souffrances \u00e9conomiques des Palestiniens, et ainsi renvoyer [&hellip;]<\/p>\n","protected":false},"author":1,"featured_media":922,"comment_status":"closed","ping_status":"open","sticky":false,"template":"","format":"standard","meta":{"tdm_status":"","tdm_grid_status":"","footnotes":""},"categories":[22],"tags":[],"class_list":{"0":"post-921","1":"post","2":"type-post","3":"status-publish","4":"format-standard","5":"has-post-thumbnail","7":"category-palestine"},"_links":{"self":[{"href":"https:\/\/algerienetwork.com\/international\/wp-json\/wp\/v2\/posts\/921","targetHints":{"allow":["GET"]}}],"collection":[{"href":"https:\/\/algerienetwork.com\/international\/wp-json\/wp\/v2\/posts"}],"about":[{"href":"https:\/\/algerienetwork.com\/international\/wp-json\/wp\/v2\/types\/post"}],"author":[{"embeddable":true,"href":"https:\/\/algerienetwork.com\/international\/wp-json\/wp\/v2\/users\/1"}],"replies":[{"embeddable":true,"href":"https:\/\/algerienetwork.com\/international\/wp-json\/wp\/v2\/comments?post=921"}],"version-history":[{"count":0,"href":"https:\/\/algerienetwork.com\/international\/wp-json\/wp\/v2\/posts\/921\/revisions"}],"wp:featuredmedia":[{"embeddable":true,"href":"https:\/\/algerienetwork.com\/international\/wp-json\/"}],"wp:attachment":[{"href":"https:\/\/algerienetwork.com\/international\/wp-json\/wp\/v2\/media?parent=921"}],"wp:term":[{"taxonomy":"category","embeddable":true,"href":"https:\/\/algerienetwork.com\/international\/wp-json\/wp\/v2\/categories?post=921"},{"taxonomy":"post_tag","embeddable":true,"href":"https:\/\/algerienetwork.com\/international\/wp-json\/wp\/v2\/tags?post=921"}],"curies":[{"name":"wp","href":"https:\/\/api.w.org\/{rel}","templated":true}]}}