{"id":11636,"date":"2015-09-01T00:48:11","date_gmt":"2015-09-01T00:48:11","guid":{"rendered":"http:\/\/algerienetwork.com\/algerie\/?p=5439"},"modified":"2021-01-05T20:52:12","modified_gmt":"2021-01-05T20:52:12","slug":"mr-karim-younes-a-algerie-network-seuls-survivront-les-pays-qui-ont-su-miser-sur-leurs-peuples-2","status":"publish","type":"post","link":"https:\/\/algerienetwork.com\/jamouli\/mr-karim-younes-a-algerie-network-seuls-survivront-les-pays-qui-ont-su-miser-sur-leurs-peuples-2\/","title":{"rendered":"Mr. Karim Younes \u00e0 Algerie Network ; Seuls survivront les pays qui ont su miser sur leurs peuples !"},"content":{"rendered":"<p align=\"center\">Entretien de Mr. Karim Younes (<strong><span style=\"color: #993300;\">KY<\/span><\/strong>) avec Jamouli Ouzidane (JO)<\/p>\n<p style=\"text-align: left;\" align=\"center\"><strong><span style=\"color: #993300;\">Jamouli Ouzidane pour Algerie Network<\/span><\/strong><\/p>\n<p style=\"text-align: left;\" align=\"center\"><em>C\u2019est donc un t\u00e9moin privil\u00e9gi\u00e9 des arcanes alg\u00e9riens. Sous sa direction, la formation professionnelle a connu une avanc\u00e9 spectaculaire notamment avec le recrutement de Dr. Boualem Tatah, Dr en g\u00e9nie nucl\u00e9aire, r\u00e9alisateur du plus grand projet alg\u00e9rien ; le programme nucl\u00e9aire de Ain Wessara. Le couple Younes\u2013Tatah allait faire rentrer la formation professionnelle \u00e0 l\u2019\u00e8re de la modernit\u00e9 internationale si ce n\u2019est leur d\u00e9part qui a ralenti ce projet.<\/em><\/p>\n<p style=\"text-align: left;\" align=\"center\"><em>Ce qui fait la politique, c\u2019est un grand politicien et le choix des comp\u00e9tences qui l\u2019entoure. Mr Younes, appel\u00e9 \u00e0 la t\u00eate de l\u2019APN, toujours avec son adjoint le Dr. Tatah, allait entamer la modernisation et d\u00e9mocratisation de cette assembl\u00e9 et comme toujours ces projets sont avort\u00e9s pour des raisons inconnus.<\/em><\/p>\n<p style=\"text-align: left;\" align=\"center\"><em>Depuis, Mr Younes s\u2019est consacr\u00e9 \u00e0 la r\u00e9flexion sur une meilleure vision du monde. A d\u00e9faut de Think Tank cr\u00e9dible en Alg\u00e9rie, Mr Younes nous revient donc avec cet ouvrage de vision et de veille g\u00e9ostrat\u00e9gique g\u00e9n\u00e9rale de l\u2019Alg\u00e9rie ; Pass\u00e9, pr\u00e9sent et surtout futur. Un \u00e9tat de l\u2019Art que devrait avoir sa place comme th\u00e8ses d\u2019\u00e9tat dans nos instituts d\u2019administrations politiques ; Un ouvrage aussi de vulgarisation ludique pour le citoyen alg\u00e9rien qui veut comprendre la complexit\u00e9 au-del\u00e0 de la r\u00e9duction primaire de nos m\u00e9dias qui divertissent plus que n\u2019instruisent.<\/em><\/p>\n<p style=\"text-align: left;\" align=\"center\"><em>Dans cette premi\u00e8re partie de l\u2019entrevue, nous allons directement au futur vue les d\u00e9bats actuels sur les pr\u00e9sidentielles et voir si cette prospective futur de Mr Younes , peut constituer une vision politique pr\u00e9sidentiable.<\/em><\/p>\n<p style=\"text-align: left;\" align=\"center\">&#8212;&#8212;&#8212;&#8212;&#8212;&#8212;&#8212;&#8211;<\/p>\n<p><span style=\"color: #008000;\"><strong>JO 1- Vous parlez de l\u2018histoire comme une immersion \u00e9motionnelle d\u2019un p\u00e8lerin qui revisite ses lieux de m\u00e9moires et vous l\u2019emmenez donc dans ce voyage initiatique dans ses sources mais Montesquieu voulait d\u00e9couvrir l\u2019esprit des lois, Ibn Khaldoun voulait puiser de l\u2019histoire des lois des 4 g\u00e9n\u00e9rations d\u2019autres historiens y verront des cycles, des invariants, des bifurcations, des extinctions et des mutations profondes \u2026 en ce qui vous concerne , qu\u2019es ce que vous avez appris de significatif de ce voyage initiatique ?<\/strong><\/span><\/p>\n<p><span style=\"color: #993300;\"><strong>KY-<\/strong><\/span> Dans le fond, l\u2019Histoire de l\u2019Alg\u00e9rie en est r\u00e9duite \u00e0 l\u2019histoire officielle tronqu\u00e9e d\u2019une grande partie de sa v\u00e9ritable identit\u00e9. Un premier ouvrage,&nbsp;<i>De la Numidie \u00e0 l\u2019Alg\u00e9rie-Grandeurs et Ruptures<\/i>, a contribu\u00e9, m\u00eame modestement, \u00e0 l\u2019exhumation d\u2019une bonne partie de notre histoire et remu\u00e9 les cendres du pass\u00e9.<\/p>\n<p>\u2026Quant \u00e0 ce second ouvrage,&nbsp;\u00ab&nbsp;<i>Aux Portes de l\u2019Avenir- Vingt si\u00e8cles de R\u00e9sistance, Cinquante ans d\u2019Ind\u00e9pendance<\/i> \u00bb, <b>son int\u00e9r\u00eat prolonge la r\u00e9flexion sur le destin et le futur de notre pays, l\u2019Alg\u00e9rie, en puisant des le\u00e7ons dans son Histoire tumultueuse.<\/b> Dans ce nouvel ouvrage,&nbsp;<i> <\/i>j\u2019aborde les constituants de l\u2019identit\u00e9 nationale et les phases de construction de l\u2019\u00c9tat-nation alg\u00e9rien.<\/p>\n<p>La c\u00e9l\u00e9bration du cinquantenaire du recouvrement de l\u2019ind\u00e9pendance de&nbsp; notre pays, l\u2019Alg\u00e9rie, est&nbsp; une date historique opportune, pour&nbsp; &nbsp;une immersion dans notre pass\u00e9 lointain et contemporain. (Le livre \u00e9tait pr\u00eat \u00e0 la publication&nbsp; en 2012). Elle nous aide &nbsp;\u00e0 mieux nous connaitre et donc \u00e0 mieux comprendre notre pr\u00e9sent pour enfin oser des regards vers des horizons plus conformes \u00e0 nos&nbsp; aspirations. Nous conna\u00eetre et, donc, nous construire, c&rsquo;est l\u00e0 notre d\u00e9fi en ce mill\u00e9naire de l\u2019identit\u00e9.<\/p>\n<p>C\u2019est aussi le moment de faire une lecture-bilan de 50 ans d\u2019ind\u00e9pendance pour analyser les diverses p\u00e9rip\u00e9ties et les inaccomplissements de l&rsquo;histoire alg\u00e9rienne, faite de grandeurs, et de ruptures. L&rsquo;Alg\u00e9rie, est aujourd\u2019hui ce qu&rsquo;elle est devenue, et ce &nbsp;n&rsquo;est pas le fruit du hasard. Nous devons interroger notre ant\u00e9riorit\u00e9 et analyser les actions couronn\u00e9es de succ\u00e8s et celles entach\u00e9es d\u2019\u00e9checs. En un mot porter un regard tout \u00e0 la fois r\u00e9trospectif et introspectif sur l\u2019histoire de notre pays.<\/p>\n<p>La question centrale que l\u2019on doit se poser est \u00e9galement de savoir quel r\u00f4le g\u00e9opolitique peut tenir notre Alg\u00e9rie quand on sait que les initiatives internationales prises par les pays qui comptent le sont au nom de la cr\u00e9dibilit\u00e9 acquise par leurs institutions respectives aupr\u00e8s de leurs peuples. Une autre question tout aussi importante&nbsp;: pouvons-nous ignorer le pass\u00e9 colonial et la n\u00e9cessit\u00e9 d&rsquo;en modifier les perspectives ?<\/p>\n<p>Nos historiens ont mati\u00e8re \u00e0 \u00e9crire pour les g\u00e9n\u00e9rations futures notre histoire nationale expurg\u00e9e des relents de sectarisme pu\u00e9ril, d\u2019abus de contre-v\u00e9rit\u00e9s st\u00e9riles, de volont\u00e9 d\u2019h\u00e9g\u00e9monie d\u00e9risoire. (J\u2019allais \u00e9crire imb\u00e9cile)<\/p>\n<p>&nbsp;<\/p>\n<p><span style=\"color: #008000;\"><strong>JO 2- Je reprends votre interrogation dans votre introduction car j\u2019avais l\u2019impression que c\u2019est un questionnement trop \u00e9vident auquel vous n\u2019avez pas r\u00e9pondu en termes g\u00e9ostrat\u00e9giques quantifi\u00e9s : \u00ab Nous, o\u00f9 en sommes-nous ? En retard ou dans les temps ? Ramons-nous en cadence avec le monde, ou, orgueilleux, souquons-nous \u00e0 contre-courant ? \u2026 Quel bilan pouvons-nous en tirer ? Quel avenir nous interpelle ? \u00bb<\/strong><\/span><\/p>\n<p><span style=\"color: #008000;\"><strong>Combien sommes-nous quantitativement en retard en \u00e9conomie et en \u00e9ducation, une d\u00e9cade, un si\u00e8cle ou un mill\u00e9naire en termes scientifiques ? Quels sont r\u00e9ellement les dangers futurs qui nous guettent ; famine, guerre civile, disparition ?<\/strong><\/span><\/p>\n<p><span style=\"color: #993300;\"><strong>KY-<\/strong><\/span> Les clignotants de l\u2019actualit\u00e9 qui s\u2019affolent nous obligent \u00e0 trouver les solutions les plus urgentes et les plus p\u00e9rennes pour \u00e9viter \u00e0 notre pays de s\u2019enfoncer davantage dans la r\u00e9gression sociale. Les dangers que vous citez, famine, guerre civile\u2026ne sont jamais&nbsp; trop loin. Nous sommes dans une r\u00e9gion du monde o\u00f9 la guerre \u00e0 relent n\u00e9ocolonialiste, sans occupation de territoire, mais d\u2019usurpation des biens jusqu\u2019\u00e0 l\u2019asservissement de la souverainet\u00e9 est toujours \u00e0 l\u2019ordre du jour.<\/p>\n<p>Les effets pervers de cette situation, outre qu\u2019ils menacent la stabilit\u00e9 et la coh\u00e9sion nationale, appauvrissent les esprits, et affament les plus vuln\u00e9rables. Ce sont des r\u00e9alit\u00e9s g\u00e9opolitiques qui s\u2019imposent \u00e0 nous.<\/p>\n<p>Nous prot\u00e9ger de cette violence impos\u00e9e par les plus forts et aliment\u00e9e par le comportement de gredins de plusieurs de nos dirigeants exigent plus&nbsp; que jamais de nous renseigner sur notre pass\u00e9, car les m\u00eames maux ont \u00e9t\u00e9 v\u00e9cus. Les solutions qui font appel \u00e0 l\u2019intelligence nous ont permis de nous en sortir. La m\u00e9diocrit\u00e9 ajout\u00e9e \u00e0 l\u2019absence de volont\u00e9 collective ont accentu\u00e9 la descente aux enfers. Une analyse diachronique&nbsp; pour bien comprendre&nbsp; un v\u00e9cu synchronique peut nous aider \u00e0 relever la t\u00eate de l\u2019eau et poursuivre la course dans l\u2019histoire, au moins sur les berges des torrents sans cesse grandissants et mena\u00e7ants.<\/p>\n<p>Mais revenons \u00e0 l\u2019essentiel. Aujourd\u2019hui comme hier la conscience nationale aspire \u00e0 trouver les solutions politiques qui garantiront des mod\u00e8les de d\u00e9veloppement plus justes, plus \u00e9quilibr\u00e9s et plus \u00e9quitables. Car voil\u00e0 bien le d\u00e9fi et l\u2019ouvrage l\u2019\u00e9voque : il s&rsquo;agit&nbsp; de savoir comment promouvoir l&rsquo;insertion de l&rsquo;Alg\u00e9rie dans la g\u00e9opolitique \u00e9mergente du XXI\u00e8me si\u00e8cle, celle marqu\u00e9e par l\u2019apparition de&nbsp; nouvelles puissances qui pourraient remettre en cause la domination de l\u2019Occident, d&rsquo;\u00eatre pr\u00e9sents et actifs afin de se construire une place aux c\u00f4t\u00e9s de la Chine et de l\u2019Inde, de&nbsp; la Russie qui se rel\u00e8ve et du Br\u00e9sil. Ces nations aspirent \u00e0 devenir des puissances plan\u00e9taires sur le plan \u00e9conomique et militaire.<\/p>\n<p>Ne pouvons-nous pas avec notre potentiel humain et mat\u00e9riel arracher une place \u00e0 c\u00f4t\u00e9 d\u2019elles? Dans ce contexte, il s\u2019agira d\u2019abord de bannir les&nbsp; discours \u00e9cul\u00e9s, qui chloroforment&nbsp; plus qu&rsquo;ils n&rsquo;\u2019\u00e9veillent, les combats de coqs d\u2019arri\u00e8re-garde qui n\u2019int\u00e9ressent que leurs auteurs.<\/p>\n<p>&nbsp;<\/p>\n<p><span style=\"color: #008000;\"><strong>JO 3 \u2013 Vous dites que votre ouvrage n \u2018est ni un ouvrage universitaire, ni essai d\u2019un historien professionnel et vous laissez le lecteur vaguer a ses propres interpr\u00e9tations. En parlant de tout sans rien affirmer et en encourageant le relativisme du lecteur, ne courez-vous pas le risque de ne pas \u00eatre pris au s\u00e9rieux dans votre prospective ? Le lecteur ou l\u2019\u00e9lectorat veut des hommes politiques ayant une vision claire avec de la conviction, de la certitude, et de l\u2019autorit\u00e9 surtout dans une premi\u00e8re phase de construction d\u2019un \u00e9tat de droit et de devoir non encore existant.<\/strong><\/span><\/p>\n<p><span style=\"color: #993300;\"><strong>KY-<\/strong><\/span> Je ne peux soutenir un discours antith\u00e9tique de ce que j\u2019ai \u00e9crit. Ce serait faire montre d\u2019escroquerie intellectuelle. Je ne suis ni HISTORIEN ni ne pr\u00e9tends tenir d\u2019un savoir universitaire de r\u00e9f\u00e9rence. Je dirai seulement que le recours \u00e0 des dizaines de sources historiques, d\u2019auteurs reconnus pour la solidit\u00e9 de leurs th\u00e8ses, peuvent donner une relative autorit\u00e9 \u00e0 mon \u00e9crit. Les critiques dont vous, M.Jamouli Ouzidane, comptez parmi les rigoureux et les plus impartiaux, feront le reste.<\/p>\n<p>Je reprends ce que j\u2019ai \u00e9crit en avant-propos&nbsp;: Je revendique seulement la disposition d\u2019un homme qui est arriv\u00e9 \u00e0 un moment de sa vie l\u00e0 o\u00f9 il peut \u00e0 la fois puiser dans son exp\u00e9rience et nourrir sa vision de l\u2019avenir. Mon \u00e9crit est un r\u00e9cit historique orn\u00e9 ou enlumin\u00e9 d\u2019une r\u00e9flexion d\u00e9lib\u00e9r\u00e9ment proactive sur notre pass\u00e9. Il n\u2019est pas un ouvrage de type universitaire, ni essai d\u2019un historien professionnel.<\/p>\n<p>C\u2019est juste le synopsis d\u2019un film des \u00e9v\u00e8nements historiques attest\u00e9s que le lecteur est invit\u00e9 \u00e0 revisiter avec ses instincts, son intelligence, son choix d\u2019interpr\u00e9tation.<\/p>\n<p><strong>&nbsp;<\/strong><\/p>\n<p><span style=\"color: #008000;\"><strong>JO 4- Vous \u00eates pour une vision m\u00e9diterran\u00e9enne car nous sommes plus ancr\u00e9s dans un espace historique de civilisation g\u00e9ostrat\u00e9gique m\u00e9diterran\u00e9enne. Vous semblez sous-estimer que de l\u2019autre c\u00f4t\u00e9 de la rive, l\u2019identit\u00e9 est fond\u00e9e sur Rome la chr\u00e9tienne et Ath\u00e8nes la d\u00e9mocratique. Depuis la venue de l\u2019Islam, l\u2019Occident est synonyme de pr\u00e9dation avec ces croisades barbares, ses colonisations inhumaines, ses appuis hypocrites aux dictatures post-ind\u00e9pendance et finalement ses ing\u00e9rences machiav\u00e9liques dans les conflits arabes. Il faut deux pour valser. Comment aller vous g\u00e9rer les relations internationales dans ce contexte de conflit de civilisations ?<\/strong><\/span><\/p>\n<p><span style=\"color: #993300;\"><strong>KY-<\/strong> <\/span>Je ne vais pas m\u2019\u00e9loigner de ce que j\u2019ai d\u00e9j\u00e0 relev\u00e9 dans mon \u00e9crit que vous avez scrupuleusement d\u00e9cortiqu\u00e9&nbsp;: Les changements de position sur le grand \u00e9chiquier qu&rsquo;est devenu l&rsquo;espace g\u00e9opolitique mondialis\u00e9 donnent lieu \u00e0 des offensives impitoyables, dont font les frais les pays les plus vuln\u00e9rables. Il en faut peu pour affaiblir un \u00c9tat. Il suffit que l&rsquo;ego surdimensionn\u00e9 de ses dirigeants, leur cupidit\u00e9, leur \u00e9go\u00efsme, gouvernent leur qu\u00eate du pouvoir, pour que se d\u00e9clenche, parfois \u00e0 leur insu, le compte \u00e0 rebours de l&rsquo;implosion, de la d\u00e9cadence et de la soumission aux nations plus fortes.<\/p>\n<p>Face \u00e0 ce qu&rsquo;il convient d&rsquo;appeler une bourrasque \u00e0 la fois g\u00e9opolitique et g\u00e9o\u00e9conomique, il appara\u00eet clairement que seuls survivront les pays qui ont su miser sur leurs peuples, qui ont su b\u00e2tir une structure institutionnelle qui r\u00e9ponde \u00e0 leurs attentes de libert\u00e9, d&rsquo;ind\u00e9pendance et de discipline. Qu&rsquo;en sera-t-il du n\u00f4tre ? \u00c0 l&rsquo;heure de la mondialisation, le salut peut r\u00e9sider dans la construction d&rsquo;une nouvelle union \u00e9conomique maghr\u00e9bine et, pourquoi pas, politique. Une perspective qui nous permettrait d&rsquo;int\u00e9grer le cours du monde. Le Maghreb est notre maison commune. Il a \u00e9t\u00e9 notre berceau, il est notre avenir.<\/p>\n<p>&nbsp;<\/p>\n<p><span style=\"color: #008000;\"><strong>JO 5- Quel avenir s\u00e9curitaire pour l\u2019Alg\u00e9rie sans un ensemble qui peut assurer cette s\u00e9curit\u00e9 a l\u2019\u00e8re des grands ensembles ; Europe-Am\u00e9rique du Nord qui va \u00eatre prochainement sign\u00e9, Chine, Inde, Am\u00e9rique latine et BRICKS alors que nous sommes, pays arabes et musulmans, les seules entit\u00e9s qui se divisent encore \u00e0 l\u2019infini dans des guerres ethniques, civiles et dans un nationalisme primaire archa\u00efque ? On a derni\u00e8rement assist\u00e9 \u00e0 la r\u00e9gionalisation de l\u2019Irak, la dissection du Soudan en deux en perdant ses r\u00e9serves p\u00e9troli\u00e8res et la somalisation de notre voisin la Lybie. Quelle vision identitaire g\u00e9ostrat\u00e9gique pour l\u2019Alg\u00e9rie de demain dans cet espace de complexit\u00e9 et Chaos ?<\/strong><\/span><\/p>\n<p><span style=\"color: #993300;\"><strong>KY- <\/strong><\/span>Les d\u00e9sordres impos\u00e9s au monde de la sph\u00e8re Moyen-Orientale jusqu\u2019au Maghreb et ses confins sahariens&nbsp; sont la cons\u00e9quence d\u2019une combinaison de conditions aussi bien exog\u00e8nes qu\u2019endog\u00e8nes. Une autre lecture g\u00e9opolitique doit \u00eatre rapidement faite par les dirigeants et les soci\u00e9t\u00e9s civiles men\u00e9es par nos \u00e9lites impr\u00e9gn\u00e9s des enjeux et des d\u00e9fis du si\u00e8cle&nbsp; pour appr\u00e9hender les risques encourus par une d\u00e9flagration g\u00e9n\u00e9ralis\u00e9e qui redessinerait la carte du monde au d\u00e9triment des vaincus, des peuples d\u2019Afrique du Nord donc et du Moyen-Orient, pour l\u2019instant. La dislocation du monde pens\u00e9 au lendemain de la d\u00e9faite napol\u00e9onienne au Congr\u00e8s de Berlin en 1815 poursuivie \u00e0 la suite de la premi\u00e8re guerre mondiale et de la seconde, consacrerait une carte g\u00e9opolitique qui perp\u00e9tuerait la mainmise de l\u2019occident, les \u00c9tats-Unis en t\u00eate, sur toutes les richesses du sol, du sous-sol et des ressources humaines dans cette partie du monde&nbsp; que la g\u00e9ographie nous a l\u00e9gu\u00e9s ou positionn\u00e9s..<\/p>\n<p>Ne sous-estimons aucun danger potentiel. La menace r\u00f4de autour de nos t\u00eates\u2026La paix sociale est volatile. L\u2019achat des consciences n\u2019est pas la&nbsp; solution. Plut\u00f4t la mobilisation autour d\u2019une gouvernance plus juste, plus attractive car \u00e9manation d\u2019institutions cr\u00e9dibles, l\u00e9gitim\u00e9e par le choix libre et r\u00e9ellement d\u00e9mocratique de la Nation. Le danger d\u2019une atteinte \u00e0 notre socle identitaire, \u00e0 notre devenir historique d\u00e9pend en grande partie des moyens retenus par notre pays pour le doter&nbsp; d\u2019instruments efficaces afin que son&nbsp; entr\u00e9e dans le si\u00e8cle des innovations, dans celui des luttes pour l\u2019existence, balayant le spectre de la maladie, de la famine, du m\u00e9pris, de l\u2019injustice et de l\u2019ignorance le mettent \u00e0 l\u2019abri du statut des peuples \u00ab globalis\u00e9s \u00bb face \u00e0 la coalition des puissants qui rythment le monde au gr\u00e9 de leurs int\u00e9r\u00eats exclusifs.<\/p>\n<p>&nbsp;<\/p>\n<p><span style=\"color: #008000;\"><strong>JO 6-vous semblez encore faire confiance aux alg\u00e9riens quand vous leur dites \u00ab Mieux est en nous ! \u00bb. Ces alg\u00e9riens qui sont humili\u00e9s chaque jour de leur vies par un pouvoir indigne, incomp\u00e9tent, corrompu et m\u00e9prisant, ces citoyens qui n\u2019ont aucun espoir et aucune confiance dans leur politiciens, politiques, \u00e9lections, institutions \u2026 Comment faire renaitre la confiance, la vie, l\u2019esprit de solidarit\u00e9 et de travail chez ces millions d\u2019Alg\u00e9riens d\u00e9sabus\u00e9s par une administration m\u00e9di\u00e9vale sans aucun contr\u00f4le, un syst\u00e8me de sant\u00e9 malade, aucun relais d\u00e9mocratique, des affaites de corruptions qui font scandales \u00e0 l\u2019international, des d\u00e9penses pharaoniques au grand bonheur des \u00e9conomies \u00e9trang\u00e8res et non pas du g\u00e9nie alg\u00e9rien \u2026 et la suite a d\u00e9pass\u00e9 toute criticit\u00e9 tol\u00e9rable ?<\/strong><\/span><\/p>\n<p><span style=\"color: #993300;\"><strong>KY-<\/strong> <\/span>De ce poste d\u2019observation tranquille, en apparence, qu\u2019est&nbsp; mon retrait de la responsabilit\u00e9 ex\u00e9cutive, j\u2019ai observ\u00e9 le temps. Celui de mon pays, celui&nbsp; de mon peuple. Celui du temps pr\u00e9sent et de ses bouleversements parfois dramatiques, le temps d\u2019une jeunesse innombrable angoiss\u00e9e, d\u00e9sabus\u00e9e mais encore disponible.&nbsp;Celui d\u2019une \u00e9conomie en perp\u00e9tuelle d\u00e9sint\u00e9gration, celui d\u2019une citoyennet\u00e9 en \u00e9ternelle d\u00e9cr\u00e9pitude. Celui de nos institutions devenues d\u00e9su\u00e8tes, archa\u00efques et archa\u00efsantes, celui de la pulv\u00e9risation de nos valeurs de fraternit\u00e9, de solidarit\u00e9, d\u2019urbanit\u00e9 qui avait ciment\u00e9 par le pass\u00e9 les r\u00e8gles de notre vie dans le temps et l\u2019espace de cette maison commune que fut notre Alg\u00e9rie. Il est grand temps avant qu\u2019il ne soit trop tard, (mais n\u2019est-il pas d\u00e9j\u00e0 trop tard)&nbsp; d\u2019une r\u00e9flexion &nbsp;profonde et d\u2019un courage civique pour traduire&nbsp; nos esp\u00e9rances en une formule nouvelle, dynamique et performante qui r\u00e9ponde \u00e0 l\u2019int\u00e9r\u00eat de&nbsp; notre collectivit\u00e9 et \u00e0 son ancrage dans la r\u00e9alit\u00e9 du monde qui avance mais qui voudra encore de nous.<\/p>\n<p>&nbsp;<\/p>\n<p><span style=\"color: #008000;\"><strong>JO 7- vous donnez pourtant un sc\u00e9nario tragique shakespearien qui attend toute notre r\u00e9gion ; La r\u00e9gion se d\u00e9ploie comme sur un volcan qui roulerait un grondement sourd. Les composants du d\u00e9sastre sont l\u00e0. Le casting des acteurs du drame a \u00e9t\u00e9 effectu\u00e9. La pi\u00e8ce n\u2019attend que celui qui donnera les trois coups de brigadier. Puis ce sera le lever-de-rideau sur une nouvelle trag\u00e9die, arabo-africaine celle-l\u00e0. <\/strong><\/span><\/p>\n<p><span style=\"color: #008000;\"><strong>Ma question sera ici pour l\u2019homme politique visionnaire que vous \u00eates ; que comptez-vous faire avec votre exp\u00e9rience humaine, politique, rare et pr\u00e9cieuse en Alg\u00e9rie ? Allez-vous laisser l\u2019Alg\u00e9rie dans ces moments de bifurcations qui peuvent aller aux chaos a des malades mentaux du pouvoir, des corrompus qui se servent de l\u2019Alg\u00e9rie au lieu de la servir et de la r\u00e9veiller \u00e0 la r\u00e9alit\u00e9 tragique ; la r\u00e9alit\u00e9 des nanotechnologies, des soci\u00e9t\u00e9s de savoir et l\u2019Art de la guerre qui se dessine aujourd\u2019hui pour le prochain mill\u00e9naire, l\u2019art de survivre la pr\u00e9dation machiniste bestiale humanitaire ? <\/strong><\/span><\/p>\n<p><span style=\"color: #008000;\"><strong>Marx disait qu\u2019il ne faut pas seulement penser le monde, mais il faut le changer ; vous, vous en penser quoi ? Mais surtout, allez-vous rester dans votre confort intellectuel de penseur ou prendre vos responsabilit\u00e9s historiques politiques ? Quel courant politique allez-vous encourager ou bien allez-vous cr\u00e9er votre propre parti politique et quelles sont alors les priorit\u00e9s g\u00e9ostrat\u00e9giques que vous allez impl\u00e9menter en premi\u00e8re phase pour la scission avec l\u2019ancien r\u00e9gime et la construction d\u2019une nouvelle r\u00e9publique alg\u00e9rienne ?<\/strong><\/span><\/p>\n<p>Peut-on penser qu&rsquo;avec la publication de votre livre, l&rsquo;ancien pr\u00e9sident de l&rsquo;APN qui fait aussi des propositions de sortie de crise, signe son retour \u00e0 la politique ?<\/p>\n<p><span style=\"color: #993300;\"><strong>KY-<\/strong><\/span> Je cultive un esprit libre, lib\u00e9r\u00e9 des carcans organiques et mon seul souci est le&nbsp; devenir de notre pays et de sa place strat\u00e9gique dans la g\u00e9opolitique r\u00e9gionale et mondiale. Vous savez, <b>dans toute trajectoire politique il y a une logique des \u00e9v\u00e8nements. Il suffit simplement de faire la lecture ad\u00e9quate et en tirer les enseignements. <\/b>Le temps de l\u2019\u00e9criture est venu pour moi. C\u2019est un cadre d\u2019expression strat\u00e9gique, qui me permet de dire ce que je sais, ce que je pense, de faire de mon discours un apport de p\u00e9dagogie politique. J\u2019y ai \u00e9lu domicile.<\/p>\n<p>S\u2019enfermer dans un parti&nbsp;?<b> <\/b>Plus jamais, du moins je l\u2019esp\u00e8re, mais je contribuerai de toutes mes forces pour l\u2019av\u00e8nement d\u2019un cadre d\u2019organisation de toutes bonnes volont\u00e9s autour d\u2019un objectif commun qui tracerait les contours d\u2019une Alg\u00e9rie, plus apais\u00e9e, en conformit\u00e9 avec les esp\u00e9rances d\u2019un pays en orbite sur le mill\u00e9naire en cours. Sur ce plan et plus prosa\u00efquement, je voudrais ajouter ceci&nbsp;: La connaissance de notre pass\u00e9 lointain ou r\u00e9cent du point de vue politique et moral est fondamental car &nbsp;on ne b\u00e2tit pas une vision politique sans l\u2019inscrire dans l\u2019histoire.<\/p>\n<p><strong><span style=\"color: #993300;\">Et l\u2019histoire doit se r\u00e9\u00e9crire maintenant par les plumes, sans exclusive, des Alg\u00e9riens o\u00f9 qu\u2019ils se trouvent, <em>pour contrarier les l\u00e2chet\u00e9s imb\u00e9ciles, les hypocrisies pu\u00e9riles, les mensonges st\u00e9riles, les suspicions d\u00e9mentielles, les d\u00e9chirements cruels, les opportunismes rituels, la r\u00e9pugnance des comportements de cr\u00e9tins, la fr\u00e9quentation de gredins<\/em>r\u00e9duits au rang de pr\u00e9dateurs, de charlatans et autres troubadours, qui ne trouveront pas place dans les pages dor\u00e9es de notre mouvement vers un meilleur avenir.<\/span><\/strong><\/p>\n<p><strong>Algerie Network<\/strong><\/p>\n","protected":false},"excerpt":{"rendered":"<p>Entretien de Mr. Karim Younes (KY) avec Jamouli Ouzidane (JO) Jamouli Ouzidane pour Algerie Network C\u2019est donc un t\u00e9moin privil\u00e9gi\u00e9 des arcanes alg\u00e9riens. Sous sa direction, la formation professionnelle a connu une avanc\u00e9 spectaculaire notamment avec le recrutement de Dr. Boualem Tatah, Dr en g\u00e9nie nucl\u00e9aire, r\u00e9alisateur du plus grand projet alg\u00e9rien ; le programme [&hellip;]<\/p>\n","protected":false},"author":1,"featured_media":15498,"comment_status":"closed","ping_status":"closed","sticky":false,"template":"","format":"standard","meta":{"footnotes":""},"categories":[29,41],"tags":[124,159],"class_list":{"0":"post-11636","1":"post","2":"type-post","3":"status-publish","4":"format-standard","5":"has-post-thumbnail","7":"category-entretiens","8":"category-societe-entretiens","9":"tag-entrevue","10":"tag-karim-younes"},"_links":{"self":[{"href":"https:\/\/algerienetwork.com\/jamouli\/wp-json\/wp\/v2\/posts\/11636","targetHints":{"allow":["GET"]}}],"collection":[{"href":"https:\/\/algerienetwork.com\/jamouli\/wp-json\/wp\/v2\/posts"}],"about":[{"href":"https:\/\/algerienetwork.com\/jamouli\/wp-json\/wp\/v2\/types\/post"}],"author":[{"embeddable":true,"href":"https:\/\/algerienetwork.com\/jamouli\/wp-json\/wp\/v2\/users\/1"}],"replies":[{"embeddable":true,"href":"https:\/\/algerienetwork.com\/jamouli\/wp-json\/wp\/v2\/comments?post=11636"}],"version-history":[{"count":2,"href":"https:\/\/algerienetwork.com\/jamouli\/wp-json\/wp\/v2\/posts\/11636\/revisions"}],"predecessor-version":[{"id":15500,"href":"https:\/\/algerienetwork.com\/jamouli\/wp-json\/wp\/v2\/posts\/11636\/revisions\/15500"}],"wp:featuredmedia":[{"embeddable":true,"href":"https:\/\/algerienetwork.com\/jamouli\/wp-json\/wp\/v2\/media\/15498"}],"wp:attachment":[{"href":"https:\/\/algerienetwork.com\/jamouli\/wp-json\/wp\/v2\/media?parent=11636"}],"wp:term":[{"taxonomy":"category","embeddable":true,"href":"https:\/\/algerienetwork.com\/jamouli\/wp-json\/wp\/v2\/categories?post=11636"},{"taxonomy":"post_tag","embeddable":true,"href":"https:\/\/algerienetwork.com\/jamouli\/wp-json\/wp\/v2\/tags?post=11636"}],"curies":[{"name":"wp","href":"https:\/\/api.w.org\/{rel}","templated":true}]}}