{"id":14538,"date":"2016-09-07T18:09:53","date_gmt":"2016-09-07T18:09:53","guid":{"rendered":"http:\/\/algerienetwork.com\/algerie\/?p=14538"},"modified":"2016-09-07T18:09:53","modified_gmt":"2016-09-07T18:09:53","slug":"nouvelle-affaire-du-voile-en-algerie-obscurantisme-integriste-ou-nausee-mediatique","status":"publish","type":"post","link":"https:\/\/algerienetwork.com\/jamouli\/nouvelle-affaire-du-voile-en-algerie-obscurantisme-integriste-ou-nausee-mediatique\/","title":{"rendered":"Nouvelle Affaire du Voile en Alg\u00e9rie : Obscurantisme Int\u00e9griste ou Naus\u00e9e M\u00e9diatique ?"},"content":{"rendered":"<p><span style=\"color: #008000;\"><strong>Jamouli<\/strong><\/span><\/p>\n<p><strong>La naus\u00e9e m\u00e9diatique<\/strong><\/p>\n<p>On commence \u00e0 avoir de la naus\u00e9e avec ces histoires de voile que des m\u00e9dias la\u00efques \u00e9radicateurs veulent introduire jusqu&rsquo;en Alg\u00e9rie pour faire du buzz. Est-ce un hasard s&rsquo;il viennent en parfaite synchronisation, continuit\u00e9, plagiat et mim\u00e9tisme avec le scandale des Burkini en France ?<\/p>\n<p>La pol\u00e9mique du burkini fran\u00e7ais n&rsquo;est pas uniquement export\u00e9e ces jours en Alg\u00e9rie par les relais francophiles mais aussi dans les pays arabes, ici au Maroc avec cette image :<\/p>\n<figure id=\"attachment_14554\" aria-describedby=\"caption-attachment-14554\" style=\"width: 800px\" class=\"wp-caption aligncenter\"><a href=\"http:\/\/algerienetwork.com\/algerie\/nouvelle-affaire-du-voile-en-algerie-obscurantisme-integriste-ou-nausee-mediatique\/morocco-islam-leisure\/\" rel=\"attachment wp-att-14554\"><img loading=\"lazy\" decoding=\"async\" class=\"size-full wp-image-14554\" src=\"http:\/\/algerienetwork.com\/algerie\/wp-content\/uploads\/2016\/09\/burkini_maroc_trt_1.jpg\" alt=\"A Moroccan woman wearing a &quot;burkini&quot; (L-back), a full-body swimsuit designed for Muslim women, walks at Oued Charrat beach, near the capital Rabat, on August 17, 2016. \/ AFP PHOTO \/ FADEL SENNA\" width=\"800\" height=\"400\" \/><\/a><figcaption id=\"caption-attachment-14554\" class=\"wp-caption-text\">A Moroccan woman wearing a \u00ab\u00a0burkini\u00a0\u00bb (L-back), a full-body swimsuit designed for Muslim women, walks at Oued Charrat beach, near the capital Rabat, on August 17, 2016. \/ AFP PHOTO \/ FADEL SENNA<\/figcaption><\/figure>\n<p>Ainsi les h\u00f4tels <i>Ibis <\/i>et <i>Mazaghan Beach Resort <\/i>situ\u00e9s \u00e0 El Jadida ont d\u00e9cid\u00e9 <a href=\"http:\/\/www.europe-israel.org\/2015\/08\/maroc-interdiction-du-port-du-burkini-dans-les-hotels-de-el-jadida\/\" target=\"_blank\" rel=\"noopener\">d\u2019interdire le port du burkini \u00e0 leurs clientes. Ici, ils sont plus royalistes que le roi ..Ils se permettent ce que la France n&rsquo;a pu faire en France !!<\/a><\/p>\n<p>jusqu&rsquo;\u00e0 Duba\u00ef :<\/p>\n<p><a href=\"http:\/\/algerienetwork.com\/algerie\/nouvelle-affaire-du-voile-en-algerie-obscurantisme-integriste-ou-nausee-mediatique\/femme-bikini-promene-plage-dubai-cotes-musulmanes-voilees-14-mai-2009\/\" rel=\"attachment wp-att-14555\"><img loading=\"lazy\" decoding=\"async\" class=\"aligncenter size-full wp-image-14555\" src=\"http:\/\/algerienetwork.com\/algerie\/wp-content\/uploads\/2016\/09\/femme-bikini-promene-plage-dubai-cotes-musulmanes-voilees-14-mai-2009.jpg\" alt=\"femme-bikini-promene-plage-dubai-cotes-musulmanes-voilees-14-mai-2009\" width=\"648\" height=\"415\" \/><\/a>On voit bien que dans les informations, rien n&rsquo;est spontan\u00e9 et innocent mais bien orchestr\u00e9 \u00e0 l&rsquo;\u00e9chelle plan\u00e9taire avec leurs relais locaux.<\/p>\n<p>On veut nous aussi notre petit scandale mais ses commanditaires oublient qu&rsquo;ils sont en Alg\u00e9rie musulmane et non en France, de valeurs chr\u00e9tiennes, devenu islamophobe cette derni\u00e8re d\u00e9cennie avec Sarko, Holland et leur relais financiers, politiques et m\u00e9diatiques.<\/p>\n<p>Toujours les m\u00eames m\u00e9dias : divertir divertir divertir &#8230; abrutir abrutir abrutir &#8230;<br \/>\nalors, on zappe, on zappe on zappe pour notre sant\u00e9 mentale&#8230;<\/p>\n<p>Toujours les m\u00eames \u00e0 chercher un islamiste ou une histoire islamiste \u00e0 la loupe en Alg\u00e9rie pour partir ensuite en croisade : Quel courage intellectuel, quelle modernit\u00e9 et quelle perspicacit\u00e9 journalistique ! Et s&rsquo;ils travaillaient (en toute conscience ou inconscience) en commande de leurs sponsors francophiles (la publicit\u00e9 et la promotion) pour pondre ces d\u00e9bilit\u00e9s ?<\/p>\n<p>On se croirait presque en France avec Bhl, Zemmour, Valls &#8230; et compagnie !<\/p>\n<p><strong>Affaire 1 : une \u00e9cole qui EXIGE de porter le voile !<\/strong><\/p>\n<p>Des m\u00e9dias alg\u00e9riens la\u00efques francophiles, soucieux de pr\u00e9server les valeurs r\u00e9publicaines,\u00a0 s&rsquo;insurgent contre une \u00e9cole qui demande \u00e0 ses \u00e9l\u00e8ves de porter le voile : Quelle falsification m\u00e9diatique !<\/p>\n<p>La r\u00e9alit\u00e9 des faits :<\/p>\n<ul>\n<li>au lyc\u00e9e de Sebbala, un agent de s\u00e9curit\u00e9 a bloqu\u00e9 l\u2019entr\u00e9e aux jeunes filles qui ne portaient pas le voile.<\/li>\n<li>Cet acte <strong>ISOL\u00c9<\/strong> d&rsquo;un z\u00e9l\u00e9 ne correspondait nullement \u00e0 une consigne donn\u00e9e par\u00a0la direction de l\u2019\u00e9tablissement ! Donc il concerne juste un agent de s\u00e9curit\u00e9 et personne d&rsquo;autres ! il fallait le pr\u00e9ciser !<\/li>\n<li>Un responsable de l&rsquo;\u00e9cole affirme<em> \u201cque son \u00e9tablissement n\u2019a re\u00e7u aucune plainte \u00e9manant d\u2019un parent d\u2019\u00e9l\u00e8ve\u201d<\/em> ! Il fallait le pr\u00e9ciser !<\/li>\n<\/ul>\n<p>Donc r\u00e9sumons : Pas de d\u00e9lit, pas de plainte, un simple incident insignifiant qui ne touche nullement les centaines de milliers d\u2019\u00e9coli\u00e8res alg\u00e9riennes et ni un danger pour les citoyens alg\u00e9riens et encore moins l&rsquo;\u00e9tat alg\u00e9rien et sa r\u00e9publique pour exiger une enqu\u00eate ! Tant qu&rsquo;on y est on demandera une enqu\u00eate de l&rsquo;ONU !!!<\/p>\n<p>Alors, pourquoi en faire une affaire d&rsquo;\u00c9tat\u00a0?<\/p>\n<p>Pourquoi comme par hasard, cette affaire est reprise \u00e0 l&rsquo;internationale par les relais alli\u00e9s francophiles ?<\/p>\n<p>Pourquoi la faire ensuite propager comme du feu dans les r\u00e9seaux sociaux et ensuite le lynchage d&rsquo;une \u00e9cole alg\u00e9rienne int\u00e9griste ?<\/p>\n<p><strong>Affaire 2 : une vid\u00e9o de propagande islamiste (Daech ??) en Alg\u00e9rie ???<br \/>\n<\/strong><\/p>\n<p>https:\/\/www.youtube.com\/watch?v=BBZf4X7xIu8<\/p>\n<p>Le ministre de l&rsquo;\u00c9ducation veut une enqu\u00eate sur cette femme voil\u00e9e qui a fait une vid\u00e9o dans son cours ???<\/p>\n<p>Sabah Boudris, la jeune enseignante, invit\u00e9e sur le plateau de la cha\u00eene de t\u00e9l\u00e9vision alg\u00e9rienne Ennahar TV a affirm\u00e9 son \u00e9tonnement des r\u00e9actions des m\u00e9dias alg\u00e9riens qui ont en fait une affaire nationale de scandale : YEWWW ca va pas quoi ???<\/p>\n<p>\u00ab<em>En toute franchise, je suis surprise d\u2019entendre l\u2019ouverture d\u2019une enqu\u00eate par la ministre de l\u2019\u00c9ducation, apr\u00e8s que certains m\u00e9dias ont mal interpr\u00e9t\u00e9 mon message. La seule erreur que j\u2019ai peut-\u00eatre commise c\u2019est de me filmer en classe. Mais en toute sinc\u00e9rit\u00e9, je suis convaincue de mes propos. Mon message est noble, loin de toutes les interpr\u00e9tations qui ont \u00e9t\u00e9 faites<\/em>\u00bb<\/p>\n<p>La question ; est-ce qu&rsquo;elle a enseign\u00e9 de l&rsquo;int\u00e9grisme, du satanisme, du juda\u00efsme, du christianisme ou des sectes \u00e9vang\u00e9liques ? Elle enseignait les valeurs de son peuple, de son histoire, de sa foi que certains nouveaux m\u00e9dias alg\u00e9riens francophiles veulent \u00e9radiquer.<\/p>\n<p>Pour ce qui est de se filmer, les r\u00e9seaux sociaux sont l\u00e0 pour prouver des milliers d&rsquo;enregistrements et de selfies dans les \u00e9coles, les lyc\u00e9es, les universit\u00e9s, les minist\u00e8res, les lieux publics &#8230; allons donc, il n&rsquo;y a aucune interdiction de cela dans le r\u00e8glement sinon il faut l&rsquo;appliquer \u00e0 tous ! Ici, on peut s&rsquo;insurger &#8230;<\/p>\n<div class=\"youtube-embed\" data-video_id=\"fLMV_5uBADs\"><iframe loading=\"lazy\" title=\"Scandale : Way Way dans une \u00e9cole de primaire !!\" width=\"696\" height=\"522\" src=\"https:\/\/www.youtube.com\/embed\/fLMV_5uBADs?feature=oembed&#038;enablejsapi=1\" frameborder=\"0\" allow=\"accelerometer; autoplay; clipboard-write; encrypted-media; gyroscope; picture-in-picture\" allowfullscreen><\/iframe><\/div>\n<p>Qu&rsquo;elle ce qu&rsquo;elle a fait cette \u00ab\u00a0VOIL\u00c9 = Daech et d\u00e9capitation = Islam ??? \u00a0\u00bb ? De la pornographie, p\u00e9dophilie, ou montrer des seins nus &#8230; ???<\/p>\n<p>Des insultes indignes fusent dans les r\u00e9seaux sociaux sans connaitre la personne voil\u00e9e ni la r\u00e9alit\u00e9 des faits par soi-m\u00eame : Des r\u00e9actions comme ceux des rats de laboratoire. Et si elle n&rsquo;\u00e9tait pas voil\u00e9, alors No probl\u00e8me ? Le probl\u00e8me ou la phobie infectieuse : c&rsquo;est le voile !<\/p>\n<p>La connivence avec les m\u00e9dias francophiles est ici ; ils ont tous repris la nouvelle pour ramener de l&rsquo;eau \u00e0 leur moulin islamophobe &#8230;<\/p>\n<p><strong>Que cache \u00ab\u00a0l&rsquo;affaire du voile\u00a0\u00bb en Alg\u00e9rie : il voile le danger des nouveaux m\u00e9dias qui voilent les vrais probl\u00e8mes de la soci\u00e9t\u00e9 !<br \/>\n<\/strong><\/p>\n<p>Quand on a eu tellement de fiasco et de scandales dans son minist\u00e8re de l&rsquo;\u00e9ducation, la ministre aurait d\u00fb se taire par pudeur :<\/p>\n<ul>\n<li>Une incapacit\u00e9 \u00e0 parler l&rsquo;arabe comme un \u00e9colier et donc \u00e0 se manifester en public sois en fran\u00e7ais qui n&rsquo;est pas la langue officielle d&rsquo;un officiel en Alg\u00e9rie soit en arabe, ce qui fait la ris\u00e9e dans le mode arabe en comparant avec la Tunisie ou le Maroc !<\/li>\n<li>La volont\u00e9 de r\u00e9tablir la francophonie comme une priorit\u00e9 de modernit\u00e9 de l\u2019Alg\u00e9rie comme si la Chine avait besoin du fran\u00e7ais pour devenir moderne.`Ce n&rsquo;est pas en parlant en fran\u00e7ais qu&rsquo;on devient fran\u00e7ais, moderne ou ministre de l&rsquo;\u00e9ducation et donc de l&rsquo;avenir de tout un pays !<\/li>\n<li>le scandale (international) des plagiats et fuites des examens du bac en arr\u00eatant l&rsquo;internet \u00e0 tout un pays devant la ris\u00e9e internationale.<\/li>\n<\/ul>\n<div class=\"youtube-embed\" data-video_id=\"4CVv6qHtAsk\"><iframe loading=\"lazy\" title=\"\u0641\u0636\u064a\u062d\u0629 \u0628\u0646 \u063a\u0628\u0631\u064a\u0637 \u0631\u0645\u0639\u0648\u0646 ... \u0648\u0632\u064a\u0631\u0629 \u0627\u0644\u062a\u0631\u0628\u064a\u0629 \u0648\u0627\u0644\u062a\u0639\u0644\u064a\u0645 \u0627\u0644\u0628\u0643\u0645\u0627\u0621\" width=\"696\" height=\"392\" src=\"https:\/\/www.youtube.com\/embed\/4CVv6qHtAsk?feature=oembed&#038;enablejsapi=1\" frameborder=\"0\" allow=\"accelerometer; autoplay; clipboard-write; encrypted-media; gyroscope; picture-in-picture\" allowfullscreen><\/iframe><\/div>\n<p>La phobie du voile a infect\u00e9 les nouveaux m\u00e9dias alg\u00e9riens de l&rsquo;inculture \u00e0 la recherche de la confection du buzz, du scandale, du pervers qui sont incapables de pondre une intelligence qui sert le citoyen dans ses VRAIS probl\u00e8mes &#8230;<\/p>\n<p>Les citoyens se d\u00e9couvrent soudain r\u00e9publicains, citoyens, la\u00efques. On crie au scandale comme une vierge viol\u00e9e ! l&rsquo;Alg\u00e9rie est en danger du voile !!!La culture francophile de la naus\u00e9e import\u00e9e par ses commendataires.<\/p>\n<p>Oui ! l&rsquo;Alg\u00e9rie est en danger, mais de l\u2019inculture infectieuse de ses m\u00e9dias. Parions que cela va continuer jusqu\u2019\u00e0 la naus\u00e9e pour voiler la r\u00e9alit\u00e9 alg\u00e9rienne et fermer l&rsquo;horizon du futur. Parions aussi que des prix francophiles vont \u00eatre servis \u00e0 nos m\u00e9diatiques pour ce courage la\u00efque de crier au loups dans la bergerie bien gard\u00e9e depuis notre ind\u00e9pendance.<\/p>\n<p>Parler de \u00ab\u00a0voile\u00a0\u00bb en 2016 dans l&rsquo;Alg\u00e9rie dite musulmane, c&rsquo;est plus qu&rsquo;une connerie, c&rsquo;est un crime ! C&rsquo;est comme revenir au moyen \u00e2ge. M\u00eame durant la colonisation ces questions ne se posaient pas. Ces questions refl\u00e8tent toujours un autre grand malaise bien voil\u00e9 ; l&rsquo;incapacit\u00e9 de ce peuple, ses politiciens, ces m\u00e9diatiques, ces \u00e9lites, ses institutions \u00e0 aller vers les vrais affaires ; la sant\u00e9, la culture, l\u2019\u00e9ducation , la technologie, l&rsquo;entreprise, l&rsquo;innovation &#8230; c&rsquo;est d\u00e9sesp\u00e9rant !<\/p>\n<p>On peut juste faire une chose : faire confiance \u00e0 l&rsquo;intelligence naturelle intuitive des lecteurs pour faire la gr\u00e8ve des m\u00e9dias qui poussent \u00e0 l&rsquo;infecte, ne pas leur r\u00e9pondre et ne pas faire attention aux bruits qu&rsquo;ils font : C&rsquo;est un bruit artificiel gonfl\u00e9 par les r\u00e9seaux sociaux bien organis\u00e9s, bien financ\u00e9s et bien pr\u00e9fabriqu\u00e9s avec les techniques modernes de psychologie de masses, de d\u00e9sinformation et de d\u00e9sint\u00e9gration social con\u00e7ut par leur maitre d&rsquo;outre-mer&#8230;<\/p>\n<p>Les harkis sont toujours parmi nous en Alg\u00e9rie comme les extra terrestres pour David Vincent qui les a vu et le cauchemar a commenc\u00e9 pour les d\u00e9voiler et \u00eatre ainsi fid\u00e8le \u00e0 notre histoire, notre langue, notre foi, nos valeurs, notre g\u00e9nie, notre libert\u00e9, et surtout nos chouhadas qui se sont sacrifi\u00e9 au nom d&rsquo;Allahou Akbar ! pas celui de Daech le takfiri wahabi obscurantiste mais celui de l&rsquo;Alg\u00e9rie authentique mill\u00e9naire, celui que nous aimons tous malgr\u00e9 tout.<\/p>\n<p>Alors toucher \u00e0 l&rsquo;islam en se voilant sur un combat courageux contre l&rsquo;islamisme, \u00e7a ne marche pas ici !<\/p>\n<p>Je n&rsquo;avais jamais imagin\u00e9 en lisant les r\u00e9seaux sociaux qu&rsquo;il y avait tellement d&rsquo;alg\u00e9riens qui avaient la haine de soi, de sa culture, de sa foi, de sa langue, de son histoire, et des chouhadas dans nos cimeti\u00e8res qu&rsquo;ils blasph\u00e8ment. C&rsquo;est \u00e0 qui pissera le plus sur soi<br \/>\npour d\u00e9montrer qu&rsquo;il est n&rsquo;est pas musulman, arabe ou alg\u00e9rien<span class=\"text_exposed_show\"> mais fran\u00e7ais, la\u00efque et moderne, sans r\u00e9soudre une seule \u00e9quation math\u00e9matique, sans produire un seul arrache clou, sans pudeur, sans dignit\u00e9 et sans honneur ! <\/span><\/p>\n<p><span class=\"text_exposed_show\">Nous m\u00e9ritons ainsi pleinement notre \u00e9tat de d\u00e9cr\u00e9pitude politique, \u00e9conomique, \u00e9ducatif et culturel. Nous ne somme m\u00eame pas conscients de la distance qui nous creuse du reste des soci\u00e9t\u00e9s de savoir et le savoir n&rsquo;est pas ce que porte ou non cette femme sur sa t\u00eate mais ce qu&rsquo;elle a ou non dans sa t\u00eate ! Tandis que la vraie modernit\u00e9 regarde vers le cosmos, nous nous voilons notre t\u00eate dans la mis\u00e8re m\u00e9diatique du divertissement ! Le savoir ne se trouve nullement dans les m\u00e9dias et les journaux pol\u00e9miques, il est dans les biblioth\u00e8ques et les livres que nous avons d\u00e9sert\u00e9.<br \/>\n<\/span><\/p>\n<p><span style=\"color: #008000;\"><strong>Jamouli<br \/>\n<\/strong><\/span><\/p>\n","protected":false},"excerpt":{"rendered":"<p>Jamouli La naus\u00e9e m\u00e9diatique On commence \u00e0 avoir de la naus\u00e9e avec ces histoires de voile que des m\u00e9dias la\u00efques \u00e9radicateurs veulent introduire jusqu&rsquo;en Alg\u00e9rie pour faire du buzz. Est-ce un hasard s&rsquo;il viennent en parfaite synchronisation, continuit\u00e9, plagiat et mim\u00e9tisme avec le scandale des Burkini en France ? La pol\u00e9mique du burkini fran\u00e7ais n&rsquo;est [&hellip;]<\/p>\n","protected":false},"author":1,"featured_media":14539,"comment_status":"closed","ping_status":"closed","sticky":false,"template":"","format":"standard","meta":{"footnotes":""},"categories":[30,31],"tags":[],"class_list":{"0":"post-14538","1":"post","2":"type-post","3":"status-publish","4":"format-standard","5":"has-post-thumbnail","7":"category-idees","8":"category-islam"},"_links":{"self":[{"href":"https:\/\/algerienetwork.com\/jamouli\/wp-json\/wp\/v2\/posts\/14538","targetHints":{"allow":["GET"]}}],"collection":[{"href":"https:\/\/algerienetwork.com\/jamouli\/wp-json\/wp\/v2\/posts"}],"about":[{"href":"https:\/\/algerienetwork.com\/jamouli\/wp-json\/wp\/v2\/types\/post"}],"author":[{"embeddable":true,"href":"https:\/\/algerienetwork.com\/jamouli\/wp-json\/wp\/v2\/users\/1"}],"replies":[{"embeddable":true,"href":"https:\/\/algerienetwork.com\/jamouli\/wp-json\/wp\/v2\/comments?post=14538"}],"version-history":[{"count":0,"href":"https:\/\/algerienetwork.com\/jamouli\/wp-json\/wp\/v2\/posts\/14538\/revisions"}],"wp:featuredmedia":[{"embeddable":true,"href":"https:\/\/algerienetwork.com\/jamouli\/wp-json\/"}],"wp:attachment":[{"href":"https:\/\/algerienetwork.com\/jamouli\/wp-json\/wp\/v2\/media?parent=14538"}],"wp:term":[{"taxonomy":"category","embeddable":true,"href":"https:\/\/algerienetwork.com\/jamouli\/wp-json\/wp\/v2\/categories?post=14538"},{"taxonomy":"post_tag","embeddable":true,"href":"https:\/\/algerienetwork.com\/jamouli\/wp-json\/wp\/v2\/tags?post=14538"}],"curies":[{"name":"wp","href":"https:\/\/api.w.org\/{rel}","templated":true}]}}