{"id":14726,"date":"2016-12-29T13:02:40","date_gmt":"2016-12-29T13:02:40","guid":{"rendered":"https:\/\/algerienetwork.com\/jamouli\/?p=14726"},"modified":"2021-01-05T22:10:25","modified_gmt":"2021-01-05T22:10:25","slug":"le-bloc-quebecois-revele-sa-nature-contre-les-musulmans-non-je-noublie-jamais","status":"publish","type":"post","link":"https:\/\/algerienetwork.com\/jamouli\/le-bloc-quebecois-revele-sa-nature-contre-les-musulmans-non-je-noublie-jamais\/","title":{"rendered":"Le Bloc Qu\u00e9b\u00e9cois r\u00e9v\u00e8le sa nature contre les musulmans : NON, Je n\u2019oublie jamais !"},"content":{"rendered":"<p>Une nouvelle publicit\u00e9 pol\u00e9mique du Bloc qu\u00e9b\u00e9cois a fait&nbsp;soulever les r\u00e9seaux sociaux.&nbsp;Dans la vid\u00e9o, on voit une tache d\u2019huile se transformer en niqab !<\/p>\n<p>\u00ab<em>Les \u00e9lections s\u2019en viennent, dit une voix f\u00e9minine. Puis si Thomas Mulcair est \u00e9lu, y\u2019a aussi un beau gros pipeline qui s\u2019en vient, m\u00eame si on n\u2019en veut pas. Pis m\u00eame si on n\u2019est pas d\u2019accord avec le port du niqab pour voter ou se faire assermenter, Thomas Mulcair, lui, il l\u2019est. C\u2019est la goutte de trop. Je retourne au Bloc.<\/em>\u00bb<\/p>\n<p><iframe loading=\"lazy\" src=\"https:\/\/www.youtube.com\/embed\/lVE-N-htzKs?start=2&amp;feature=oembed\" allowfullscreen=\"allowfullscreen\" width=\"100%\" height=\"360\" frameborder=\"0\"><\/iframe><\/p>\n<p>Karl B\u00e9langer, le porte-parole du NPD, a aussit\u00f4t affirm\u00e9 sur Twitter !<\/p>\n<p>\u00ab<em>Le Front National vient de faire son entr\u00e9e dans la campagne<\/em>\u00bb<\/p>\n<p>Cette nouvelle sortie pol\u00e9mique du Bloc intervient apr\u00e8s les r\u00e9sultat du sondage CROP : le NPD r\u00e9colte 47&nbsp;%, le Parti lib\u00e9ral de Justin Trudeau (20&nbsp;%), le Bloc qu\u00e9b\u00e9cois de Gilles Duceppe (16&nbsp;%) et le Parti conservateur de Stephen Harper&nbsp;(13&nbsp;%).<br \/>\n<img loading=\"lazy\" decoding=\"async\" class=\"aligncenter td-animation-stack-type0-2\" src=\"http:\/\/img.src.ca\/2015\/08\/20\/635x357\/PC_150820_sy2w3_mulcair-lumieres-vancouver_sn635.jpg\" alt=\"\" width=\"338\" height=\"190\"><img loading=\"lazy\" decoding=\"async\" class=\"aligncenter td-animation-stack-type0-2\" src=\"http:\/\/img.src.ca\/2015\/08\/20\/635x357\/150820_io1mr_duceppe-montreal-presse_sn635.jpg\" alt=\"\" width=\"348\" height=\"196\"><\/p>\n<p>Alors on ressort la portion magique de grand m\u00e8re&nbsp;:&nbsp;Dracula !<\/p>\n<p>Le&nbsp;nouveau visage du Bloc :<br \/>\nPlagiat francophile du Front National et de Charlie Hebdo<br \/>\nla question est-ce que cette strat\u00e9gie-recette sera gagnante ?<br \/>\nou aura le m\u00eame sort que la charte des valeurs de Marois ?<br \/>\nUn cancre est celui qui refait plusieurs fois la m\u00eame erreur<\/p>\n<p><strong>POURQUOI toujours revenir \u00e0 ce sujet pol\u00e9mique populiste r\u00e9cup\u00e9rateur ?&nbsp;<\/strong><\/p>\n<p>Y\u2019en a des milliards de sujets importants qui peuvent int\u00e9resser les qu\u00e9b\u00e9cois quand ils se l\u00e8vent le matin ?<\/p>\n<p>On peut parler des nanotechnologie, du d\u00e9veloppement durable, de l\u2019emploi pr\u00e9caire, de la sant\u00e9, de l\u2019\u00e9ducation, de la solidarit\u00e9 ?<\/p>\n<p>Pourquoi cette focalisation perverse hyst\u00e9rique sur les musulmans et les anglophones aussi ?<\/p>\n<p>Nous revoil\u00e0 avec les deux complexes identitaires \u0153dipiens des partis qu\u00e9b\u00e9cois : les musulmans et les anglophones.&nbsp;Le parti n\u2019a pas fait sa cure de d\u00e9sintoxication suite \u00e0 la d\u00e9faite cuisante du parti Qu\u00e9b\u00e9cois ; Il r\u00e9cidive !<\/p>\n<p>Le Bloc est-il en train de s\u2019inspirer du front national en France en important les id\u00e9ologies racistes de ce parti ?<\/p>\n<p><strong>Pourquoi toujours les musulmans ? <\/strong><\/p>\n<p>Pourquoi ne pas laisser une dizaines de femmes canadiennes en niqab tranquilles qui ne portent aucun danger cosmologique urgent au Canada &nbsp;? Le Canada&nbsp;donne bien la libert\u00e9 de mariage pour le m\u00eame sexe, le droit de mourir, le &nbsp;droit \u00e0 l\u2019adult\u00e8re ?<\/p>\n<p>Pourquoi utiliser toujours ces stigmatisations des musulmans &nbsp;comme fond de commerce \u00e9lectorale \u00e0 chaque \u00e9lection ?&nbsp;Pourquoi le 1 million de musulmans doit se faire sentir&nbsp;stigmatis\u00e9s \u00e0 cause d\u2019une dizaine de personnes ? Il y\u2019a bien des centaines de pr\u00eatres p\u00e9dophiles sans que les pr\u00eatres ou les chr\u00e9tiens de ce pays ne se sentent stigmatis\u00e9s ?<\/p>\n<p>On est pas des enfants. On sait que le politique veut boire de notre sang ; ils ont essay\u00e9 toute cette connerie avec l\u2019ex premier ministre Marois pendant une ann\u00e9e d\u2019infamies et de d\u00e9versements de haines primaires m\u00e9diatiques contre les musulmans avec une<strong> charte des valeurs<\/strong> de la honte qui nous a divis\u00e9 et fait perdre du temps et aussi le pouvoir \u00e0 ces cr\u00e9ateurs incapable d\u2019innover sur les d\u00e9fis du prochain mill\u00e9naires des soci\u00e9t\u00e9s de savoir ! Les d\u00e9fis de l\u2019Asie, de l\u2019innovation, de la performance \u2026 au lieux de ces niaiseries primaires qui risquent de conduire \u00e0 une guerre civile si l\u2019on continue dans cette voie !<\/p>\n<p><img loading=\"lazy\" decoding=\"async\" class=\"aligncenter td-animation-stack-type0-2\" src=\"https:\/\/papitibi.files.wordpress.com\/2013\/11\/marine-marois2.png?w=627&amp;h=315\" alt=\"\" width=\"627\" height=\"315\"><\/p>\n<p>Ils ont pens\u00e9 que le public est avec eux . Ils ont utilis\u00e9 les m\u00e9dias et ils ont demand\u00e9 des \u00e9lections avanc\u00e9es en pensant qu\u2019ils gagneraient les \u00e9lections \u00e0 la majorit\u00e9 sur ce th\u00e8me inf\u00e2me. D\u00e9sol\u00e9, le peuple qu\u00e9b\u00e9cois a renvoy\u00e9 le Partis qu\u00e9b\u00e9cois et sa premier ministre Marois qui a m\u00eame perdu sa place au parlement contre une jeune inconnue.<\/p>\n<p><img loading=\"lazy\" decoding=\"async\" class=\"aligncenter td-animation-stack-type0-2\" src=\"http:\/\/img.src.ca\/2013\/09\/10\/635x357\/130910_m464q_ostentatoire-signes-interdits_sn635.jpg\" alt=\"\" width=\"465\" height=\"262\"><\/p>\n<p>La peur &nbsp;\u00e7a n\u2019a pas fonctionn\u00e9 et pire, ils r\u00e9cidivent ! sont-il stupides \u00e0 ce point ou n\u2019ont t-il aucune id\u00e9e pour les d\u00e9fis de notre soci\u00e9t\u00e9 ?<\/p>\n<p>Bien sur, ils auront des mots super pour justifier leur humanisme et les m\u00e9dias pour les m\u00e9diatiser mais on a bien apprit a bien connaitre leur INTENTION, c\u2019est ce qui compte !<\/p>\n<p>Le mal est fait, la confiance est perdu ! Une seule chose peut arr\u00eater cela ; ils arr\u00eatent cette pub et demandent officiellement des excuses \u00e0 notre communaut\u00e9. Ils auront ensuite un grand travail \u00e0 faire avec la communaut\u00e9 musulmane et les anglophones pour restituer une confiance perdue sinon leur existence m\u00eame n\u2019a aucun sens au Qu\u00e9bec !<\/p>\n<p>Notre communaut\u00e9 doit \u00eatre vigilante et retourner aux urnes pour sanctionner une deuxi\u00e8me fois un parti qui r\u00e9cidive dans la honte !<\/p>\n<p>OUI le vote ethnique existe bien ! C\u2019est gr\u00e2ce \u00e0 lui que le Bloc n\u2019acc\u00e9dera jamais au pouvoir au Qu\u00e9bec tant qu\u2019il fait du rejet des autres citoyens canadiens (anglophones et musulmans) avec cette inf\u00e2me politique de peur identitaire.<\/p>\n<p>Nous restons vigilants sur tout ce qui touche le d\u00e9nigrement de notre&nbsp;communaut\u00e9 et la paix civile au Qu\u00e9bec. Que TOUS nos &nbsp;enfants ne subissent pas cela encore et encore. Qu\u2019on les d\u00e9livre des infections des vieux du si\u00e8cle pass\u00e9 qui veulent gouverner le futur avec le pass\u00e9 !<\/p>\n<p>Le Qu\u00e9bec a besoin de ponts entre ces riches communaut\u00e9s et non de citadelles suicidaires de repris identitaires sur soi dans ce nouveau monde mondialis\u00e9 des soci\u00e9t\u00e9s de savoir o\u00f9 la biodiversit\u00e9 est une b\u00e9n\u00e9diction et non une mal\u00e9diction !<\/p>\n<p>Jamouli Ouzidane<\/p>\n","protected":false},"excerpt":{"rendered":"<p>Une nouvelle publicit\u00e9 pol\u00e9mique du Bloc qu\u00e9b\u00e9cois a fait&nbsp;soulever les r\u00e9seaux sociaux.&nbsp;Dans la vid\u00e9o, on voit une tache d\u2019huile se transformer en niqab ! \u00abLes \u00e9lections s\u2019en viennent, dit une voix f\u00e9minine. Puis si Thomas Mulcair est \u00e9lu, y\u2019a aussi un beau gros pipeline qui s\u2019en vient, m\u00eame si on n\u2019en veut pas. Pis m\u00eame [&hellip;]<\/p>\n","protected":false},"author":1,"featured_media":15542,"comment_status":"closed","ping_status":"closed","sticky":false,"template":"","format":"standard","meta":{"footnotes":""},"categories":[49,33],"tags":[],"class_list":{"0":"post-14726","1":"post","2":"type-post","3":"status-publish","4":"format-standard","5":"has-post-thumbnail","7":"category-international","8":"category-monde"},"_links":{"self":[{"href":"https:\/\/algerienetwork.com\/jamouli\/wp-json\/wp\/v2\/posts\/14726","targetHints":{"allow":["GET"]}}],"collection":[{"href":"https:\/\/algerienetwork.com\/jamouli\/wp-json\/wp\/v2\/posts"}],"about":[{"href":"https:\/\/algerienetwork.com\/jamouli\/wp-json\/wp\/v2\/types\/post"}],"author":[{"embeddable":true,"href":"https:\/\/algerienetwork.com\/jamouli\/wp-json\/wp\/v2\/users\/1"}],"replies":[{"embeddable":true,"href":"https:\/\/algerienetwork.com\/jamouli\/wp-json\/wp\/v2\/comments?post=14726"}],"version-history":[{"count":2,"href":"https:\/\/algerienetwork.com\/jamouli\/wp-json\/wp\/v2\/posts\/14726\/revisions"}],"predecessor-version":[{"id":15544,"href":"https:\/\/algerienetwork.com\/jamouli\/wp-json\/wp\/v2\/posts\/14726\/revisions\/15544"}],"wp:featuredmedia":[{"embeddable":true,"href":"https:\/\/algerienetwork.com\/jamouli\/wp-json\/wp\/v2\/media\/15542"}],"wp:attachment":[{"href":"https:\/\/algerienetwork.com\/jamouli\/wp-json\/wp\/v2\/media?parent=14726"}],"wp:term":[{"taxonomy":"category","embeddable":true,"href":"https:\/\/algerienetwork.com\/jamouli\/wp-json\/wp\/v2\/categories?post=14726"},{"taxonomy":"post_tag","embeddable":true,"href":"https:\/\/algerienetwork.com\/jamouli\/wp-json\/wp\/v2\/tags?post=14726"}],"curies":[{"name":"wp","href":"https:\/\/api.w.org\/{rel}","templated":true}]}}